{"id":4945,"date":"2022-03-11T09:27:08","date_gmt":"2022-03-11T08:27:08","guid":{"rendered":"https:\/\/www.pedagogie.ac-nice.fr\/mathematiques\/?p=4945"},"modified":"2022-03-16T15:37:54","modified_gmt":"2022-03-16T14:37:54","slug":"traam-2021-2022-theme-national-les-mathematiques-moteur-de-lintelligence-artificielle","status":"publish","type":"post","link":"https:\/\/www.pedagogie.ac-nice.fr\/mathematiques\/traam-2021-2022-theme-national-les-mathematiques-moteur-de-lintelligence-artificielle\/","title":{"rendered":"TraAM 2021\/2022 &#8211; Th\u00e8me National\u00a0&#8211; les math\u00e9matiques\u00a0: moteur de l\u2019intelligence artificielle"},"content":{"rendered":"<p>L\u2019acad\u00e9mie de Nice participe cette ann\u00e9e avec l&rsquo;acad\u00e9mie d&rsquo;Aix-Marseille, \u00e0 des Travaux Acad\u00e9miques Mutualis\u00e9s (TraAM).<\/p>\n<p>Le groupe\u00a0 cherche \u00e0 produire des<strong> sc\u00e9narios de situations d&rsquo;apprentissages<\/strong> en Math\u00e9matiques\/NSI autour de la notion de l&rsquo;IA.<\/p>\n<p>Les activit\u00e9s en cours de d\u00e9veloppement produites dans le cadre des TraAM suite \u00e0 la r\u00e9union du 03 mars 2022 :<\/p>\n<table border=\"1\">\n<tbody>\n<tr>\n<td style=\"width: 6.31177%\"><img loading=\"lazy\" decoding=\"async\" class=\"alignnone size-medium wp-image-4991\" src=\"https:\/\/www.pedagogie.ac-nice.fr\/mathematiques\/wp-content\/uploads\/sites\/30\/2022\/03\/knn_logo-300x225.png\" alt=\"\" width=\"150\" height=\"112\" srcset=\"https:\/\/www.pedagogie.ac-nice.fr\/mathematiques\/wp-content\/uploads\/sites\/30\/2022\/03\/knn_logo-300x225.png 300w, https:\/\/www.pedagogie.ac-nice.fr\/mathematiques\/wp-content\/uploads\/sites\/30\/2022\/03\/knn_logo-150x112.png 150w, https:\/\/www.pedagogie.ac-nice.fr\/mathematiques\/wp-content\/uploads\/sites\/30\/2022\/03\/knn_logo.png 714w\" sizes=\"(max-width: 150px) 100vw, 150px\" \/><\/td>\n<td style=\"width: 25%\">\u00a0Archive zipp\u00e9e : <code><a href=\"https:\/\/www.pedagogie.ac-nice.fr\/mathematiques\/wp-content\/uploads\/sites\/30\/2022\/03\/antispam.zip\">antispam<\/a><\/code><\/td>\n<td style=\"width: 25%\">PDF : <code><a href=\"https:\/\/www.pedagogie.ac-nice.fr\/mathematiques\/wp-content\/uploads\/sites\/30\/2022\/03\/TraAM_antispam_scenario.pdf\" target=\"_blank\" rel=\"noopener\">TraAM_antispam_scenario<\/a><\/code><\/td>\n<\/tr>\n<tr>\n<td style=\"width: 6.31177%\"><img loading=\"lazy\" decoding=\"async\" class=\"alignnone size-medium wp-image-4990\" src=\"https:\/\/www.pedagogie.ac-nice.fr\/mathematiques\/wp-content\/uploads\/sites\/30\/2022\/03\/Hexa_logo-300x225.png\" alt=\"\" width=\"150\" height=\"112\" srcset=\"https:\/\/www.pedagogie.ac-nice.fr\/mathematiques\/wp-content\/uploads\/sites\/30\/2022\/03\/Hexa_logo-300x225.png 300w, https:\/\/www.pedagogie.ac-nice.fr\/mathematiques\/wp-content\/uploads\/sites\/30\/2022\/03\/Hexa_logo-150x113.png 150w, https:\/\/www.pedagogie.ac-nice.fr\/mathematiques\/wp-content\/uploads\/sites\/30\/2022\/03\/Hexa_logo.png 640w\" sizes=\"(max-width: 150px) 100vw, 150px\" \/><\/td>\n<td style=\"width: 25%\">\u00a0Archive zipp\u00e9e : <a href=\"https:\/\/www.pedagogie.ac-nice.fr\/mathematiques\/wp-content\/uploads\/sites\/30\/2022\/03\/Hexapion_V1.zip\">Hexapion_V1<\/a><\/td>\n<td style=\"width: 25%\">PDF : <code><a href=\"https:\/\/www.pedagogie.ac-nice.fr\/mathematiques\/wp-content\/uploads\/sites\/30\/2022\/03\/TraAM_Hexapion_scenario.pdf\" target=\"_blank\" rel=\"noopener\">TraAM_Hexapion_scenario<\/a><\/code><\/td>\n<\/tr>\n<\/tbody>\n<\/table>\n<p align=\"left\">Le groupe de travail de l\u2019acad\u00e9mie de Nice se d\u00e9compose de la mani\u00e8re suivante :<\/p>\n<p align=\"left\">Les travaux ont \u00e9t\u00e9 effectu\u00e9s avec le soutien et l\u2019encadrement de :<br \/>\nMonsieur Bruno Cailhol, IA-IPR<\/p>\n<p align=\"left\">L\u2019\u00e9quipe enseignante est constitu\u00e9e de :<br \/>\nSt\u00e9phane RENOUF, Lyc\u00e9e Beaussier, La Seyne-Sur-Mer.<br \/>\nDenis LACROIX, Lyc\u00e9e Beaussier, La Seyne-Sur-Mer.<br \/>\nFranck LAGRAVE, Lyc\u00e9e Beaussier, La Seyne-Sur-Mer.<\/p>\n","protected":false},"excerpt":{"rendered":"<p>L\u2019acad\u00e9mie de Nice participe cette ann\u00e9e avec l&rsquo;acad\u00e9mie d&rsquo;Aix-Marseille, \u00e0 des Travaux Acad\u00e9miques Mutualis\u00e9s (TraAM). Le groupe\u00a0 cherche \u00e0 produire des sc\u00e9narios de situations d&rsquo;apprentissages en Math\u00e9matiques\/NSI autour de la notion de l&rsquo;IA. Les activit\u00e9s en cours de d\u00e9veloppement produites dans le cadre des TraAM suite \u00e0 la r\u00e9union du 03 mars 2022 : \u00a0Archive [&hellip;]<\/p>\n","protected":false},"author":320,"featured_media":0,"comment_status":"closed","ping_status":"closed","sticky":false,"template":"","format":"standard","meta":{"_et_pb_use_builder":"","_et_pb_old_content":"","_et_gb_content_width":"","ngg_post_thumbnail":0,"footnotes":""},"categories":[88],"tags":[],"class_list":["post-4945","post","type-post","status-publish","format-standard","hentry","category-traam","et-doesnt-have-format-content","et_post_format-et-post-format-standard"],"rttpg_featured_image_url":null,"rttpg_author":{"display_name":"TraAM 2022","author_link":"https:\/\/www.pedagogie.ac-nice.fr\/mathematiques\/author\/traam\/"},"rttpg_comment":0,"rttpg_category":"<a href=\"https:\/\/www.pedagogie.ac-nice.fr\/mathematiques\/category\/enseigner\/traam\/\" rel=\"category tag\">Traam<\/a>","rttpg_excerpt":"L\u2019acad\u00e9mie de Nice participe cette ann\u00e9e avec l&rsquo;acad\u00e9mie d&rsquo;Aix-Marseille, \u00e0 des Travaux Acad\u00e9miques Mutualis\u00e9s (TraAM). Le groupe\u00a0 cherche \u00e0 produire des sc\u00e9narios de situations d&rsquo;apprentissages en Math\u00e9matiques\/NSI autour de la notion de l&rsquo;IA. Les activit\u00e9s en cours de d\u00e9veloppement produites dans le cadre des TraAM suite \u00e0 la r\u00e9union du 03 mars 2022 : \u00a0Archive\u2026","post_mailing_queue_ids":[],"_links":{"self":[{"href":"https:\/\/www.pedagogie.ac-nice.fr\/mathematiques\/wp-json\/wp\/v2\/posts\/4945","targetHints":{"allow":["GET"]}}],"collection":[{"href":"https:\/\/www.pedagogie.ac-nice.fr\/mathematiques\/wp-json\/wp\/v2\/posts"}],"about":[{"href":"https:\/\/www.pedagogie.ac-nice.fr\/mathematiques\/wp-json\/wp\/v2\/types\/post"}],"author":[{"embeddable":true,"href":"https:\/\/www.pedagogie.ac-nice.fr\/mathematiques\/wp-json\/wp\/v2\/users\/320"}],"replies":[{"embeddable":true,"href":"https:\/\/www.pedagogie.ac-nice.fr\/mathematiques\/wp-json\/wp\/v2\/comments?post=4945"}],"version-history":[{"count":20,"href":"https:\/\/www.pedagogie.ac-nice.fr\/mathematiques\/wp-json\/wp\/v2\/posts\/4945\/revisions"}],"predecessor-version":[{"id":4982,"href":"https:\/\/www.pedagogie.ac-nice.fr\/mathematiques\/wp-json\/wp\/v2\/posts\/4945\/revisions\/4982"}],"wp:attachment":[{"href":"https:\/\/www.pedagogie.ac-nice.fr\/mathematiques\/wp-json\/wp\/v2\/media?parent=4945"}],"wp:term":[{"taxonomy":"category","embeddable":true,"href":"https:\/\/www.pedagogie.ac-nice.fr\/mathematiques\/wp-json\/wp\/v2\/categories?post=4945"},{"taxonomy":"post_tag","embeddable":true,"href":"https:\/\/www.pedagogie.ac-nice.fr\/mathematiques\/wp-json\/wp\/v2\/tags?post=4945"}],"curies":[{"name":"wp","href":"https:\/\/api.w.org\/{rel}","templated":true}]}}