{"id":518,"date":"2019-01-03T15:56:39","date_gmt":"2019-01-03T14:56:39","guid":{"rendered":"https:\/\/www.pedagogie.ac-nice.fr\/mathematiques\/2019\/01\/03\/le-concours-videomath\/"},"modified":"2019-09-11T06:44:05","modified_gmt":"2019-09-11T04:44:05","slug":"le-concours-videomath","status":"publish","type":"post","link":"https:\/\/www.pedagogie.ac-nice.fr\/mathematiques\/le-concours-videomath\/","title":{"rendered":"Le concours VIDEODIMATH"},"content":{"rendered":"<p style=\"text-align: left;\"><img loading=\"lazy\" decoding=\"async\" class=\" alignleft size-full wp-image-517\" style=\"margin: 10px; float: left;\" src=\"https:\/\/www.pedagogie.ac-nice.fr\/mathematiques\/wp-content\/uploads\/sites\/30\/2019\/01\/afficheconcours2.gif\" alt=\"afficheconcours2\" width=\"200\" height=\"283\" \/>Le site Audimath du CNRS <a href=\"http:\/\/video.math.cnrs.fr\/\" target=\"_blank\" rel=\"noopener noreferrer\">http:\/\/video.math.cnrs.fr\/<\/a> a fait peau neuve. Outre des vid\u00e9os de vulgarisation tourn\u00e9es par des chercheurs renomm\u00e9s, il accueillera bient\u00f4t quelques vid\u00e9os \u00a0d\u2019\u00e9l\u00e8ves s\u00e9lectionn\u00e9es sur un concours co-organis\u00e9 par le Minist\u00e8re de l\u2019\u00c9ducation Nationale, d\u00e9tails ici\u00a0: <a href=\"http:\/\/audimath.math.cnrs.fr\/videodimath\/\" target=\"_blank\" rel=\"noopener noreferrer\">http:\/\/audimath.math.cnrs.fr\/videodimath\/<\/a> . \u00a0Les vid\u00e9os\u00a0d\u2019une dur\u00e9e maximum de 3 minutes (pas de dur\u00e9e minimale) permettront aux \u00e9l\u00e8ves de se poser une question de math\u00e9matiques et l\u2019exposer avec dynamisme pour montrer que les math\u00e9matiques sont autour de nous, actuelles et plaisantes. Ce concours permet d\u2019aborder\u00a0des probl\u00e8mes math\u00e9matiques mais aussi tous les domaines en interaction avec les math\u00e9matiques (math\u00e9matiques et histoire, math\u00e9matiques et sant\u00e9, math\u00e9matiques et biologie, math\u00e9matiques et physique, math\u00e9matiques et technologie, math\u00e9matiques et sport, math\u00e9matiques et soci\u00e9t\u00e9, math\u00e9matiques et musique, math\u00e9matiques et arts, beaut\u00e9 des math\u00e9matiques, g\u00e9om\u00e9trie, calcul, infini, probabilit\u00e9s, etc\u2026)<\/p>\n","protected":false},"excerpt":{"rendered":"<p>Le site Audimath du CNRS http:\/\/video.math.cnrs.fr\/ a fait peau neuve. Outre des vid\u00e9os de vulgarisation tourn\u00e9es par des chercheurs renomm\u00e9s, il accueillera bient\u00f4t quelques vid\u00e9os \u00a0d\u2019\u00e9l\u00e8ves s\u00e9lectionn\u00e9es sur un concours co-organis\u00e9 par le Minist\u00e8re de l\u2019\u00c9ducation Nationale, d\u00e9tails ici\u00a0: http:\/\/audimath.math.cnrs.fr\/videodimath\/ . \u00a0Les vid\u00e9os\u00a0d\u2019une dur\u00e9e maximum de 3 minutes (pas de dur\u00e9e minimale) permettront aux \u00e9l\u00e8ves [&hellip;]<\/p>\n","protected":false},"author":1,"featured_media":0,"comment_status":"closed","ping_status":"closed","sticky":false,"template":"","format":"standard","meta":{"_et_pb_use_builder":"","_et_pb_old_content":"","_et_gb_content_width":"","ngg_post_thumbnail":0,"footnotes":""},"categories":[1,158],"tags":[],"class_list":["post-518","post","type-post","status-publish","format-standard","hentry","category-non-classe","category-videodimath","et-doesnt-have-format-content","et_post_format-et-post-format-standard"],"rttpg_featured_image_url":null,"rttpg_author":{"display_name":"norco","author_link":"https:\/\/www.pedagogie.ac-nice.fr\/mathematiques\/author\/norco\/"},"rttpg_comment":0,"rttpg_category":"<a href=\"https:\/\/www.pedagogie.ac-nice.fr\/mathematiques\/category\/non-classe\/\" rel=\"category tag\">Non class\u00e9<\/a> <a href=\"https:\/\/www.pedagogie.ac-nice.fr\/mathematiques\/category\/culture-mathematique\/rallyes-et-concours\/videodimath\/\" rel=\"category tag\">VideoDiMath<\/a>","rttpg_excerpt":"Le site Audimath du CNRS http:\/\/video.math.cnrs.fr\/ a fait peau neuve. Outre des vid\u00e9os de vulgarisation tourn\u00e9es par des chercheurs renomm\u00e9s, il accueillera bient\u00f4t quelques vid\u00e9os \u00a0d\u2019\u00e9l\u00e8ves s\u00e9lectionn\u00e9es sur un concours co-organis\u00e9 par le Minist\u00e8re de l\u2019\u00c9ducation Nationale, d\u00e9tails ici\u00a0: http:\/\/audimath.math.cnrs.fr\/videodimath\/ . \u00a0Les vid\u00e9os\u00a0d\u2019une dur\u00e9e maximum de 3 minutes (pas de dur\u00e9e minimale) permettront aux \u00e9l\u00e8ves\u2026","post_mailing_queue_ids":[],"_links":{"self":[{"href":"https:\/\/www.pedagogie.ac-nice.fr\/mathematiques\/wp-json\/wp\/v2\/posts\/518","targetHints":{"allow":["GET"]}}],"collection":[{"href":"https:\/\/www.pedagogie.ac-nice.fr\/mathematiques\/wp-json\/wp\/v2\/posts"}],"about":[{"href":"https:\/\/www.pedagogie.ac-nice.fr\/mathematiques\/wp-json\/wp\/v2\/types\/post"}],"author":[{"embeddable":true,"href":"https:\/\/www.pedagogie.ac-nice.fr\/mathematiques\/wp-json\/wp\/v2\/users\/1"}],"replies":[{"embeddable":true,"href":"https:\/\/www.pedagogie.ac-nice.fr\/mathematiques\/wp-json\/wp\/v2\/comments?post=518"}],"version-history":[{"count":3,"href":"https:\/\/www.pedagogie.ac-nice.fr\/mathematiques\/wp-json\/wp\/v2\/posts\/518\/revisions"}],"predecessor-version":[{"id":1440,"href":"https:\/\/www.pedagogie.ac-nice.fr\/mathematiques\/wp-json\/wp\/v2\/posts\/518\/revisions\/1440"}],"wp:attachment":[{"href":"https:\/\/www.pedagogie.ac-nice.fr\/mathematiques\/wp-json\/wp\/v2\/media?parent=518"}],"wp:term":[{"taxonomy":"category","embeddable":true,"href":"https:\/\/www.pedagogie.ac-nice.fr\/mathematiques\/wp-json\/wp\/v2\/categories?post=518"},{"taxonomy":"post_tag","embeddable":true,"href":"https:\/\/www.pedagogie.ac-nice.fr\/mathematiques\/wp-json\/wp\/v2\/tags?post=518"}],"curies":[{"name":"wp","href":"https:\/\/api.w.org\/{rel}","templated":true}]}}