{"id":5461,"date":"2022-09-09T05:50:27","date_gmt":"2022-09-09T03:50:27","guid":{"rendered":"https:\/\/www.pedagogie.ac-nice.fr\/mathematiques\/?p=5461"},"modified":"2022-09-09T05:50:27","modified_gmt":"2022-09-09T03:50:27","slug":"rallyes-mathematiques-de-lacademie-de-nice-edition-2023","status":"publish","type":"post","link":"https:\/\/www.pedagogie.ac-nice.fr\/mathematiques\/rallyes-mathematiques-de-lacademie-de-nice-edition-2023\/","title":{"rendered":"Rallyes Math\u00e9matiques de l\u2019Acad\u00e9mie de Nice \u2013 \u00c9dition 2023"},"content":{"rendered":"<p>&nbsp;<\/p>\n<p><img loading=\"lazy\" decoding=\"async\" class=\" wp-image-5463 alignleft\" src=\"https:\/\/www.pedagogie.ac-nice.fr\/mathematiques\/wp-content\/uploads\/sites\/30\/2022\/09\/acad.png\" alt=\"\" width=\"210\" height=\"112\" srcset=\"https:\/\/www.pedagogie.ac-nice.fr\/mathematiques\/wp-content\/uploads\/sites\/30\/2022\/09\/acad.png 250w, https:\/\/www.pedagogie.ac-nice.fr\/mathematiques\/wp-content\/uploads\/sites\/30\/2022\/09\/acad-150x80.png 150w\" sizes=\"(max-width: 210px) 100vw, 210px\" \/><span style=\"font-size: 12pt;\">Comme les ann\u00e9es pr\u00e9c\u00e9dentes, trois rallyes sont organis\u00e9s par l&rsquo;<strong>Association Culturelle du Rallye Math\u00e9matique de l&rsquo;Acad\u00e9mie de Nice<\/strong> avec le partenariat de l\u2019<a href=\"https:\/\/inspe.univ-cotedazur.fr\/\" target=\"_blank\" rel=\"noopener\"><strong>Institut National Sup\u00e9rieur du Professorat et de l\u2019Education (Insp\u00e9) de l\u2019Universit\u00e9 de C\u00f4te d\u2019Azur<\/strong><\/a>. <\/span><\/p>\n<p>&nbsp;<\/p>\n<p>Ces rallyes math\u00e9matiques s&rsquo;adressent cette ann\u00e9e \u00e0 toutes les classes de <strong>CP-CE1-CE2, CM1-CM2-Sixi\u00e8mes, Troisi\u00e8mes-Secondes<\/strong> des \u00e9coles, coll\u00e8ges, lyc\u00e9es de l&rsquo;Acad\u00e9mie.<\/p>\n<p>&nbsp;<\/p>\n<h2 style=\"text-align: center;\"><span style=\"color: #000080;\"><em>Les Objectifs des rallyes math\u00e9matiques<\/em><\/span><\/h2>\n<p>L&rsquo;objectif de ces rallyes est de d\u00e9velopper chez les \u00e9l\u00e8ves, le go\u00fbt de la recherche et le plaisir de faire des math\u00e9matiques.<\/p>\n<ul>\n<li><span style=\"color: #000080;\"><strong><span style=\"font-size: 14pt;\">Faire des math\u00e9matiques c&rsquo;est r\u00e9soudre des probl\u00e8mes<\/span><\/strong><\/span><\/li>\n<\/ul>\n<p>Les math\u00e9matiques ne se limitent pas \u00e0 la ma\u00eetrise des techniques. C&rsquo;est la r\u00e9solution de probl\u00e8mes qui constitue le fondement et le but des apprentissages, en donnant du sens aux situations.<br \/>\n<em>Le contexte du rallye est stimulant, les probl\u00e8mes propos\u00e9s sont originaux, d\u00e9routants, ouverts. Les conditions font que les \u00e9l\u00e8ves s&rsquo;y engagent et prennent en charge leur r\u00e9solution.<\/em><\/p>\n<ul>\n<li><span style=\"font-size: 14pt; color: #000080;\"><strong>Le d\u00e9bat est un \u00e9l\u00e9ment essentiel en math\u00e9matiques<\/strong><\/span><\/li>\n<\/ul>\n<p>Trop souvent, c&rsquo;est l&rsquo;enseignant qui sait et qui informe l&rsquo;\u00e9l\u00e8ve de la pertinence de son travail. Par ce travail de recherche, nous donnons aux \u00e9l\u00e8ves l&rsquo;occasion d&rsquo;argumenter, de discuter des solutions, de valider leur travail math\u00e9matique.<br \/>\n<em>Dans le rallye, la classe doit pr\u00e9cis\u00e9ment choisir une solution et une seule pour chaque probl\u00e8me.<\/em><br \/>\n<em>Ce n&rsquo;est pas toujours facile, mais la confrontation est garantie. C&rsquo;est l&rsquo;ouverture d&rsquo;un d\u00e9bat scientifique.<\/em><\/p>\n<ul>\n<li><span style=\"font-size: 14pt; color: #000080;\"><strong>La capacit\u00e9 \u00e0 travailler en \u00e9quipe est aujourd&rsquo;hui indispensable<\/strong><\/span><\/li>\n<\/ul>\n<p>Pouvoir s&rsquo;organiser \u00e0 plusieurs, se r\u00e9partir le travail, g\u00e9rer du temps, apporter sa contribution personnelle, accepter celle des autres et pouvoir entrer dans leurs points de vue sont des capacit\u00e9s difficiles \u00e0 acqu\u00e9rir mais de plus en plus n\u00e9cessaires pour s&rsquo;adapter \u00e0 la soci\u00e9t\u00e9 actuelle.<br \/>\n<em>Il y a trop de probl\u00e8mes \u00e0 r\u00e9soudre pour un seul \u00e9l\u00e8ve dans une \u00e9preuve de rallye. L\u00e0 encore les r\u00e8gles du jeu garantissent la coop\u00e9ration et la valorisation des interactions entre \u00e9l\u00e8ves.<\/em><\/p>\n<ul>\n<li><span style=\"font-size: 14pt; color: #000080;\"><strong>L&rsquo;observation des \u00e9l\u00e8ves en activit\u00e9 de r\u00e9solution de probl\u00e8mes est une forme d&rsquo;\u00e9valuation enrichissante<\/strong><\/span><\/li>\n<\/ul>\n<p>Le r\u00f4le de l&rsquo;enseignant en classe de math\u00e9matiques est souvent celui d&rsquo;un correcteur, d&rsquo;un animateur, d&rsquo;un gestionnaire, tr\u00e8s impliqu\u00e9 dans les apprentissages de ses \u00e9l\u00e8ves.<br \/>\n<em>Les r\u00e8gles du rallye lui conf\u00e8rent un autre r\u00f4le, celui d&rsquo;observateur ext\u00e9rieur (dans sa propre classe lors de l&rsquo;\u00e9preuve d&rsquo;entra\u00eenement ou dans celle d&rsquo;un coll\u00e8gue lors de l&rsquo;\u00e9preuve officielle).<\/em><\/p>\n<ul>\n<li><span style=\"font-size: 14pt;\"><strong><span style=\"color: #000080;\">La confrontation est une source de renouvellement<\/span><\/strong><\/span><\/li>\n<\/ul>\n<p>L&rsquo;apport ext\u00e9rieur de probl\u00e8mes est stimulant pour les enseignants, les \u00e9l\u00e8ves et plus g\u00e9n\u00e9ralement pour l&rsquo;activit\u00e9 math\u00e9matique en classe. Des id\u00e9es nouvelles, des pistes \u00e0 exploiter, des \u00e9changes, des comparaisons, des d\u00e9fis \u00e0 relever sont autant de pr\u00e9textes pour un renouveau de l&rsquo;enseignement des math\u00e9matiques dans sa classe.<br \/>\n<em>Le rallye n&rsquo;est pas qu&rsquo;une comp\u00e9tition, c&rsquo;est aussi l&rsquo;occasion d&rsquo;examiner des r\u00e9sultats par le d\u00e9tail, de faire appara\u00eetre des types de proc\u00e9dures, de repr\u00e9sentations. Il est le pr\u00e9texte pour mettre en place des situations de recherche en classe.<\/em><\/p>\n<h2 style=\"text-align: center;\"><em><span style=\"color: #000080;\">Les \u00e9nigmes<\/span><\/em><\/h2>\n<p>En proposant dans les sujets du rallye des \u00e9nigmes de types tr\u00e8s diff\u00e9rents (constructions, g\u00e9om\u00e9trie dans l&rsquo;espace, exercices purement num\u00e9riques, probl\u00e8mes de logique&#8230;), aux \u00e9nonc\u00e9s courts et de difficult\u00e9s tr\u00e8s variables, on s&rsquo;aper\u00e7oit que pratiquement tous les \u00e9l\u00e8ves se prennent au jeu et ont ainsi une v\u00e9ritable activit\u00e9 math\u00e9matique. Ces \u00e9nigmes permettent g\u00e9n\u00e9ralement de travailler en m\u00eame temps plusieurs des six comp\u00e9tences majeures de l\u2019activit\u00e9 math\u00e9matique.<\/p>\n<div class='et-box et-shadow'>\n\t\t\t\t\t<div class='et-box-content'><span style=\"color: #000080;\">Pour habituer les \u00e9l\u00e8ves \u00e0 ce <strong>travail de recherche <\/strong>et pour l\u2019ancrer dans<strong> les pratiques de classe<\/strong>, nous proposons <strong>tous les 15 jours<\/strong>, \u00e0 chaque classe inscrite un remue-m\u00e9ninges avec <strong>2 \u00e9nigmes \u00e0 r\u00e9soudre<\/strong>. Chaque enseignant est libre d&rsquo;utiliser ces \u00e9nigmes \u00e0 sa guise ; elles peuvent \u00eatre cherch\u00e9es collectivement, individuellement ou en groupe, en autonomie ou en devoir maison \u00e0 deux,&#8230; Certains enseignants les ont m\u00eame utilis\u00e9es comme support dans des liaisons \u00e9cole coll\u00e8ge, coll\u00e8ge-lyc\u00e9e. <\/span><\/p>\n<p><span style=\"color: #000080;\">Les solutions des \u00e9nigmes sont envoy\u00e9es avec le remue-m\u00e9ninges de la quinzaine suivante, envoi diff\u00e9r\u00e9 dans le temps pour permettre une recherche qui peut d\u00e9passer le cadre scolaire (pourquoi ne pas inciter les parents \u00e0 les chercher aussi avec leurs enfants ?) et qui peut donner l\u2019occasion \u00e0 l\u2019enseignant de chercher lui aussi !<\/span><\/div><\/div>\n<p>&nbsp;<\/p>\n<h2 style=\"text-align: center;\"><span style=\"color: #000080;\"><em><strong>Inscriptions<\/strong><\/em><\/span><\/h2>\n<p>Nous n\u2019avons pas encore la date des Rallyes, la <strong>date sera communiqu\u00e9e aux inscrits ult\u00e9rieurement.<\/strong><br \/>\nPour vous inscrire, envoyez un mail \u00e0 l\u2019adresse <a href=\"mailto:rallyemathematique23@gmail.com\" target=\"_blank\" rel=\"noopener\">rallyemathematique23@gmail.com<\/a> en pr\u00e9cisant \u00e0 quel rallye vous souhaitez participer.<br \/>\nPour les r\u00e9ceptions de courriels, ne pas oublier de v\u00e9rifier r\u00e9guli\u00e8rement les courriels ind\u00e9sirables.<br \/>\nEn cas de question ou de probl\u00e8me vous pouvez contacter : <a href=\"mailto:rallyemathematique23@gmail.com\" target=\"_blank\" rel=\"noopener\">rallyemathematique23@gmail.com<\/a><\/p>\n<p>&nbsp;<\/p>\n<p style=\"text-align: center;\"><a href=\"https:\/\/www.pedagogie.ac-nice.fr\/mathematiques\/wp-content\/uploads\/sites\/30\/2022\/09\/Rallyes-Presentation-objectifs-deroulement-2023.pdf\" target=\"_blank\" rel=\"noopener\"><strong><em>T\u00e9l\u00e9chargement : PRESENTATION DES RALLYES MATHEMATIQUES (Edition 2023)<\/em><\/strong><\/a><\/p>\n<p>&nbsp;<\/p>\n","protected":false},"excerpt":{"rendered":"<p>&nbsp; Comme les ann\u00e9es pr\u00e9c\u00e9dentes, trois rallyes sont organis\u00e9s par l&rsquo;Association Culturelle du Rallye Math\u00e9matique de l&rsquo;Acad\u00e9mie de Nice avec le partenariat de l\u2019Institut National Sup\u00e9rieur du Professorat et de l\u2019Education (Insp\u00e9) de l\u2019Universit\u00e9 de C\u00f4te d\u2019Azur. &nbsp; Ces rallyes math\u00e9matiques s&rsquo;adressent cette ann\u00e9e \u00e0 toutes les classes de CP-CE1-CE2, CM1-CM2-Sixi\u00e8mes, Troisi\u00e8mes-Secondes des \u00e9coles, coll\u00e8ges, [&hellip;]<\/p>\n","protected":false},"author":202,"featured_media":0,"comment_status":"closed","ping_status":"closed","sticky":false,"template":"","format":"standard","meta":{"_et_pb_use_builder":"","_et_pb_old_content":"","_et_gb_content_width":"","ngg_post_thumbnail":0,"footnotes":""},"categories":[159,1],"tags":[],"class_list":["post-5461","post","type-post","status-publish","format-standard","hentry","category-le-rallye-mathematique-de-lacademie","category-non-classe","et-doesnt-have-format-content","et_post_format-et-post-format-standard"],"rttpg_featured_image_url":null,"rttpg_author":{"display_name":"admin","author_link":"https:\/\/www.pedagogie.ac-nice.fr\/mathematiques\/author\/opilorget\/"},"rttpg_comment":0,"rttpg_category":"<a href=\"https:\/\/www.pedagogie.ac-nice.fr\/mathematiques\/category\/culture-mathematique\/rallyes-et-concours\/le-rallye-mathematique-de-lacademie\/\" rel=\"category tag\">Le rallye math\u00e9matique de l'acad\u00e9mie<\/a> <a href=\"https:\/\/www.pedagogie.ac-nice.fr\/mathematiques\/category\/non-classe\/\" rel=\"category tag\">Non class\u00e9<\/a>","rttpg_excerpt":"&nbsp; Comme les ann\u00e9es pr\u00e9c\u00e9dentes, trois rallyes sont organis\u00e9s par l&rsquo;Association Culturelle du Rallye Math\u00e9matique de l&rsquo;Acad\u00e9mie de Nice avec le partenariat de l\u2019Institut National Sup\u00e9rieur du Professorat et de l\u2019Education (Insp\u00e9) de l\u2019Universit\u00e9 de C\u00f4te d\u2019Azur. &nbsp; Ces rallyes math\u00e9matiques s&rsquo;adressent cette ann\u00e9e \u00e0 toutes les classes de CP-CE1-CE2, CM1-CM2-Sixi\u00e8mes, Troisi\u00e8mes-Secondes des \u00e9coles, coll\u00e8ges,\u2026","post_mailing_queue_ids":[],"_links":{"self":[{"href":"https:\/\/www.pedagogie.ac-nice.fr\/mathematiques\/wp-json\/wp\/v2\/posts\/5461","targetHints":{"allow":["GET"]}}],"collection":[{"href":"https:\/\/www.pedagogie.ac-nice.fr\/mathematiques\/wp-json\/wp\/v2\/posts"}],"about":[{"href":"https:\/\/www.pedagogie.ac-nice.fr\/mathematiques\/wp-json\/wp\/v2\/types\/post"}],"author":[{"embeddable":true,"href":"https:\/\/www.pedagogie.ac-nice.fr\/mathematiques\/wp-json\/wp\/v2\/users\/202"}],"replies":[{"embeddable":true,"href":"https:\/\/www.pedagogie.ac-nice.fr\/mathematiques\/wp-json\/wp\/v2\/comments?post=5461"}],"version-history":[{"count":30,"href":"https:\/\/www.pedagogie.ac-nice.fr\/mathematiques\/wp-json\/wp\/v2\/posts\/5461\/revisions"}],"predecessor-version":[{"id":5494,"href":"https:\/\/www.pedagogie.ac-nice.fr\/mathematiques\/wp-json\/wp\/v2\/posts\/5461\/revisions\/5494"}],"wp:attachment":[{"href":"https:\/\/www.pedagogie.ac-nice.fr\/mathematiques\/wp-json\/wp\/v2\/media?parent=5461"}],"wp:term":[{"taxonomy":"category","embeddable":true,"href":"https:\/\/www.pedagogie.ac-nice.fr\/mathematiques\/wp-json\/wp\/v2\/categories?post=5461"},{"taxonomy":"post_tag","embeddable":true,"href":"https:\/\/www.pedagogie.ac-nice.fr\/mathematiques\/wp-json\/wp\/v2\/tags?post=5461"}],"curies":[{"name":"wp","href":"https:\/\/api.w.org\/{rel}","templated":true}]}}