{"id":5497,"date":"2022-09-08T02:49:56","date_gmt":"2022-09-08T00:49:56","guid":{"rendered":"https:\/\/www.pedagogie.ac-nice.fr\/mathematiques\/?p=5497"},"modified":"2022-09-12T10:34:57","modified_gmt":"2022-09-12T08:34:57","slug":"passeport-educfi-bilan-de-lannee-scolaire-2021-2022","status":"publish","type":"post","link":"https:\/\/www.pedagogie.ac-nice.fr\/mathematiques\/passeport-educfi-bilan-de-lannee-scolaire-2021-2022\/","title":{"rendered":"Passeport Educfi &#8211; Bilan de l\u2019ann\u00e9e scolaire 2021\/2022"},"content":{"rendered":"<p><img loading=\"lazy\" decoding=\"async\" class=\" wp-image-5504 alignleft\" src=\"https:\/\/www.pedagogie.ac-nice.fr\/mathematiques\/wp-content\/uploads\/sites\/30\/2022\/09\/educfi.png\" alt=\"\" width=\"190\" height=\"60\" srcset=\"https:\/\/www.pedagogie.ac-nice.fr\/mathematiques\/wp-content\/uploads\/sites\/30\/2022\/09\/educfi.png 399w, https:\/\/www.pedagogie.ac-nice.fr\/mathematiques\/wp-content\/uploads\/sites\/30\/2022\/09\/educfi-300x95.png 300w, https:\/\/www.pedagogie.ac-nice.fr\/mathematiques\/wp-content\/uploads\/sites\/30\/2022\/09\/educfi-150x47.png 150w, https:\/\/www.pedagogie.ac-nice.fr\/mathematiques\/wp-content\/uploads\/sites\/30\/2022\/09\/educfi-391x126.png 391w\" sizes=\"(max-width: 190px) 100vw, 190px\" \/><span style=\"font-size: 14pt;\"><strong>Le passeport EDUCFI<\/strong> a pour objectif de sensibiliser les \u00e9l\u00e8ves de cycle 4 aux enjeux de l\u2019\u00e9ducation budg\u00e9taire et financi\u00e8re.<br \/>\n<\/span><a href=\"https:\/\/eduscol.education.fr\/180\/education-economique-budgetaire-et-financiere\" target=\"_blank\" rel=\"noopener\"><em>Page \u00e9duscol d\u00e9di\u00e9e \u00e0 l&rsquo;EDUCFI<\/em><\/a><\/p>\n<p>Con\u00e7u par la Banque de France et le minist\u00e8re de l\u2019\u00c9ducation nationale, de la Jeunesse et des Sports avec la contribution de la finance pour tous (IEFP) et de l\u2019institut national de la consommation (INC), le dispositif se d\u00e9compose en :<\/p>\n<p><img loading=\"lazy\" decoding=\"async\" class=\" wp-image-5506 alignleft\" src=\"https:\/\/www.pedagogie.ac-nice.fr\/mathematiques\/wp-content\/uploads\/sites\/30\/2022\/09\/passeducf.jpg\" alt=\"\" width=\"187\" height=\"124\" srcset=\"https:\/\/www.pedagogie.ac-nice.fr\/mathematiques\/wp-content\/uploads\/sites\/30\/2022\/09\/passeducf.jpg 276w, https:\/\/www.pedagogie.ac-nice.fr\/mathematiques\/wp-content\/uploads\/sites\/30\/2022\/09\/passeducf-150x99.jpg 150w\" sizes=\"(max-width: 187px) 100vw, 187px\" \/><\/p>\n<p>&nbsp;&#8211; <strong>une phase de d\u00e9couverte<\/strong>, \u00e0 partir d\u2019un diaporama destin\u00e9 \u00e0 pr\u00e9senter des notions de gestion de budget, le fonctionnement d\u2019un compte bancaire, les principaux moyens de paiement, ainsi qu\u2019une sensibilisation sur les th\u00e8mes de l\u2019\u00e9pargne, du cr\u00e9dit et de la pr\u00e9vention des arnaques.<br \/>\n&#8211; <strong>un questionnaire<\/strong> \u00e0 faire remplir par les \u00e9l\u00e8ves afin de v\u00e9rifier l\u2019acquisition de certaines notions, puis la remise du passeport EDUCFI.<\/p>\n<p style=\"text-align: center;\"><img loading=\"lazy\" decoding=\"async\" class=\"alignnone wp-image-5507\" src=\"https:\/\/www.pedagogie.ac-nice.fr\/mathematiques\/wp-content\/uploads\/sites\/30\/2022\/09\/IMG_1045-rotated.jpg\" alt=\"\" width=\"94\" height=\"126\" srcset=\"https:\/\/www.pedagogie.ac-nice.fr\/mathematiques\/wp-content\/uploads\/sites\/30\/2022\/09\/IMG_1045-rotated.jpg 480w, https:\/\/www.pedagogie.ac-nice.fr\/mathematiques\/wp-content\/uploads\/sites\/30\/2022\/09\/IMG_1045-225x300.jpg 225w, https:\/\/www.pedagogie.ac-nice.fr\/mathematiques\/wp-content\/uploads\/sites\/30\/2022\/09\/IMG_1045-113x150.jpg 113w, https:\/\/www.pedagogie.ac-nice.fr\/mathematiques\/wp-content\/uploads\/sites\/30\/2022\/09\/IMG_1045-300x400.jpg 300w\" sizes=\"(max-width: 94px) 100vw, 94px\" \/> <img loading=\"lazy\" decoding=\"async\" class=\"alignnone wp-image-5509\" src=\"https:\/\/www.pedagogie.ac-nice.fr\/mathematiques\/wp-content\/uploads\/sites\/30\/2022\/09\/IMG_1052.jpg\" alt=\"\" width=\"173\" height=\"130\" srcset=\"https:\/\/www.pedagogie.ac-nice.fr\/mathematiques\/wp-content\/uploads\/sites\/30\/2022\/09\/IMG_1052.jpg 640w, https:\/\/www.pedagogie.ac-nice.fr\/mathematiques\/wp-content\/uploads\/sites\/30\/2022\/09\/IMG_1052-300x225.jpg 300w, https:\/\/www.pedagogie.ac-nice.fr\/mathematiques\/wp-content\/uploads\/sites\/30\/2022\/09\/IMG_1052-150x113.jpg 150w\" sizes=\"(max-width: 173px) 100vw, 173px\" \/> <img loading=\"lazy\" decoding=\"async\" class=\"alignnone wp-image-5503\" src=\"https:\/\/www.pedagogie.ac-nice.fr\/mathematiques\/wp-content\/uploads\/sites\/30\/2022\/09\/diplomeeducfi.jpg\" alt=\"\" width=\"194\" height=\"135\" srcset=\"https:\/\/www.pedagogie.ac-nice.fr\/mathematiques\/wp-content\/uploads\/sites\/30\/2022\/09\/diplomeeducfi.jpg 269w, https:\/\/www.pedagogie.ac-nice.fr\/mathematiques\/wp-content\/uploads\/sites\/30\/2022\/09\/diplomeeducfi-150x104.jpg 150w\" sizes=\"(max-width: 194px) 100vw, 194px\" \/> <img loading=\"lazy\" decoding=\"async\" class=\"alignnone wp-image-5510\" src=\"https:\/\/www.pedagogie.ac-nice.fr\/mathematiques\/wp-content\/uploads\/sites\/30\/2022\/09\/IMG_1048.jpg\" alt=\"\" width=\"174\" height=\"130\" srcset=\"https:\/\/www.pedagogie.ac-nice.fr\/mathematiques\/wp-content\/uploads\/sites\/30\/2022\/09\/IMG_1048.jpg 640w, https:\/\/www.pedagogie.ac-nice.fr\/mathematiques\/wp-content\/uploads\/sites\/30\/2022\/09\/IMG_1048-300x225.jpg 300w, https:\/\/www.pedagogie.ac-nice.fr\/mathematiques\/wp-content\/uploads\/sites\/30\/2022\/09\/IMG_1048-150x113.jpg 150w\" sizes=\"(max-width: 174px) 100vw, 174px\" \/><\/p>\n<p><span style=\"font-size: 14pt;\"><strong>Cette ann\u00e9e 34 coll\u00e8ges, 100 classes et 2346 \u00e9l\u00e8ves se sont inscrits au Passeport EDUCFI dans l&rsquo;acad\u00e9mie de Nice.<\/strong><\/span><\/p>\n<p style=\"text-align: center;\"><img loading=\"lazy\" decoding=\"async\" class=\"alignnone wp-image-5500\" src=\"https:\/\/www.pedagogie.ac-nice.fr\/mathematiques\/wp-content\/uploads\/sites\/30\/2022\/09\/college-risso-2-1024x768.jpg\" alt=\"\" width=\"269\" height=\"202\" srcset=\"https:\/\/www.pedagogie.ac-nice.fr\/mathematiques\/wp-content\/uploads\/sites\/30\/2022\/09\/college-risso-2-1024x768.jpg 1024w, https:\/\/www.pedagogie.ac-nice.fr\/mathematiques\/wp-content\/uploads\/sites\/30\/2022\/09\/college-risso-2-300x225.jpg 300w, https:\/\/www.pedagogie.ac-nice.fr\/mathematiques\/wp-content\/uploads\/sites\/30\/2022\/09\/college-risso-2-150x113.jpg 150w, https:\/\/www.pedagogie.ac-nice.fr\/mathematiques\/wp-content\/uploads\/sites\/30\/2022\/09\/college-risso-2-768x576.jpg 768w, https:\/\/www.pedagogie.ac-nice.fr\/mathematiques\/wp-content\/uploads\/sites\/30\/2022\/09\/college-risso-2-1536x1152.jpg 1536w, https:\/\/www.pedagogie.ac-nice.fr\/mathematiques\/wp-content\/uploads\/sites\/30\/2022\/09\/college-risso-2-2048x1536.jpg 2048w, https:\/\/www.pedagogie.ac-nice.fr\/mathematiques\/wp-content\/uploads\/sites\/30\/2022\/09\/college-risso-2-1080x810.jpg 1080w\" sizes=\"(max-width: 269px) 100vw, 269px\" \/>&nbsp;<img loading=\"lazy\" decoding=\"async\" class=\"alignnone wp-image-5501\" src=\"https:\/\/www.pedagogie.ac-nice.fr\/mathematiques\/wp-content\/uploads\/sites\/30\/2022\/09\/college-RISSO-1024x768.jpg\" alt=\"\" width=\"271\" height=\"204\" srcset=\"https:\/\/www.pedagogie.ac-nice.fr\/mathematiques\/wp-content\/uploads\/sites\/30\/2022\/09\/college-RISSO-1024x768.jpg 1024w, https:\/\/www.pedagogie.ac-nice.fr\/mathematiques\/wp-content\/uploads\/sites\/30\/2022\/09\/college-RISSO-300x225.jpg 300w, https:\/\/www.pedagogie.ac-nice.fr\/mathematiques\/wp-content\/uploads\/sites\/30\/2022\/09\/college-RISSO-150x113.jpg 150w, https:\/\/www.pedagogie.ac-nice.fr\/mathematiques\/wp-content\/uploads\/sites\/30\/2022\/09\/college-RISSO-768x576.jpg 768w, https:\/\/www.pedagogie.ac-nice.fr\/mathematiques\/wp-content\/uploads\/sites\/30\/2022\/09\/college-RISSO-1536x1152.jpg 1536w, https:\/\/www.pedagogie.ac-nice.fr\/mathematiques\/wp-content\/uploads\/sites\/30\/2022\/09\/college-RISSO-2048x1536.jpg 2048w, https:\/\/www.pedagogie.ac-nice.fr\/mathematiques\/wp-content\/uploads\/sites\/30\/2022\/09\/college-RISSO-1080x810.jpg 1080w\" sizes=\"(max-width: 271px) 100vw, 271px\" \/><br \/>\n<em>Coll\u00e8ge Risso \u00e0 Nice<\/em><\/p>\n<p style=\"text-align: center;\"><img loading=\"lazy\" decoding=\"async\" class=\"alignnone wp-image-5502\" src=\"https:\/\/www.pedagogie.ac-nice.fr\/mathematiques\/wp-content\/uploads\/sites\/30\/2022\/09\/college-s-veil-1024x768.jpeg\" alt=\"\" width=\"543\" height=\"407\" srcset=\"https:\/\/www.pedagogie.ac-nice.fr\/mathematiques\/wp-content\/uploads\/sites\/30\/2022\/09\/college-s-veil-1024x768.jpeg 1024w, https:\/\/www.pedagogie.ac-nice.fr\/mathematiques\/wp-content\/uploads\/sites\/30\/2022\/09\/college-s-veil-300x225.jpeg 300w, https:\/\/www.pedagogie.ac-nice.fr\/mathematiques\/wp-content\/uploads\/sites\/30\/2022\/09\/college-s-veil-150x113.jpeg 150w, https:\/\/www.pedagogie.ac-nice.fr\/mathematiques\/wp-content\/uploads\/sites\/30\/2022\/09\/college-s-veil-768x576.jpeg 768w, https:\/\/www.pedagogie.ac-nice.fr\/mathematiques\/wp-content\/uploads\/sites\/30\/2022\/09\/college-s-veil-1536x1152.jpeg 1536w, https:\/\/www.pedagogie.ac-nice.fr\/mathematiques\/wp-content\/uploads\/sites\/30\/2022\/09\/college-s-veil-2048x1536.jpeg 2048w, https:\/\/www.pedagogie.ac-nice.fr\/mathematiques\/wp-content\/uploads\/sites\/30\/2022\/09\/college-s-veil-1080x810.jpeg 1080w\" sizes=\"(max-width: 543px) 100vw, 543px\" \/><br \/>\n<em>Coll\u00e8ge Simone VEIL \u00e0 Nice<\/em><\/p>\n<p style=\"text-align: center;\"><img loading=\"lazy\" decoding=\"async\" class=\"alignnone wp-image-5498\" src=\"https:\/\/www.pedagogie.ac-nice.fr\/mathematiques\/wp-content\/uploads\/sites\/30\/2022\/09\/college-CUERS-1024x768.jpg\" alt=\"\" width=\"544\" height=\"408\" srcset=\"https:\/\/www.pedagogie.ac-nice.fr\/mathematiques\/wp-content\/uploads\/sites\/30\/2022\/09\/college-CUERS-1024x768.jpg 1024w, https:\/\/www.pedagogie.ac-nice.fr\/mathematiques\/wp-content\/uploads\/sites\/30\/2022\/09\/college-CUERS-300x225.jpg 300w, https:\/\/www.pedagogie.ac-nice.fr\/mathematiques\/wp-content\/uploads\/sites\/30\/2022\/09\/college-CUERS-150x113.jpg 150w, https:\/\/www.pedagogie.ac-nice.fr\/mathematiques\/wp-content\/uploads\/sites\/30\/2022\/09\/college-CUERS-768x576.jpg 768w, https:\/\/www.pedagogie.ac-nice.fr\/mathematiques\/wp-content\/uploads\/sites\/30\/2022\/09\/college-CUERS-1536x1152.jpg 1536w, https:\/\/www.pedagogie.ac-nice.fr\/mathematiques\/wp-content\/uploads\/sites\/30\/2022\/09\/college-CUERS-2048x1536.jpg 2048w, https:\/\/www.pedagogie.ac-nice.fr\/mathematiques\/wp-content\/uploads\/sites\/30\/2022\/09\/college-CUERS-1080x810.jpg 1080w\" sizes=\"(max-width: 544px) 100vw, 544px\" \/><br \/>\n<em>Coll\u00e8ge La FERRAGE \u00e0 Cuers<\/em><\/p>\n<p style=\"text-align: center;\"><img loading=\"lazy\" decoding=\"async\" class=\"alignnone wp-image-5499\" src=\"https:\/\/www.pedagogie.ac-nice.fr\/mathematiques\/wp-content\/uploads\/sites\/30\/2022\/09\/college-pierre-de-coubertin-1024x768.jpg\" alt=\"\" width=\"543\" height=\"408\" srcset=\"https:\/\/www.pedagogie.ac-nice.fr\/mathematiques\/wp-content\/uploads\/sites\/30\/2022\/09\/college-pierre-de-coubertin-1024x768.jpg 1024w, https:\/\/www.pedagogie.ac-nice.fr\/mathematiques\/wp-content\/uploads\/sites\/30\/2022\/09\/college-pierre-de-coubertin-300x225.jpg 300w, https:\/\/www.pedagogie.ac-nice.fr\/mathematiques\/wp-content\/uploads\/sites\/30\/2022\/09\/college-pierre-de-coubertin-150x113.jpg 150w, https:\/\/www.pedagogie.ac-nice.fr\/mathematiques\/wp-content\/uploads\/sites\/30\/2022\/09\/college-pierre-de-coubertin-768x576.jpg 768w, https:\/\/www.pedagogie.ac-nice.fr\/mathematiques\/wp-content\/uploads\/sites\/30\/2022\/09\/college-pierre-de-coubertin-1536x1152.jpg 1536w, https:\/\/www.pedagogie.ac-nice.fr\/mathematiques\/wp-content\/uploads\/sites\/30\/2022\/09\/college-pierre-de-coubertin-2048x1536.jpg 2048w, https:\/\/www.pedagogie.ac-nice.fr\/mathematiques\/wp-content\/uploads\/sites\/30\/2022\/09\/college-pierre-de-coubertin-1080x810.jpg 1080w\" sizes=\"(max-width: 543px) 100vw, 543px\" \/><br \/>\n<em>Coll\u00e8ge Pierre de Coubertin au LUC<\/em><\/p>\n<p style=\"text-align: center;\"><img loading=\"lazy\" decoding=\"async\" class=\"alignnone wp-image-5505\" src=\"https:\/\/www.pedagogie.ac-nice.fr\/mathematiques\/wp-content\/uploads\/sites\/30\/2022\/09\/IMG_1054.jpg\" alt=\"\" width=\"544\" height=\"408\" srcset=\"https:\/\/www.pedagogie.ac-nice.fr\/mathematiques\/wp-content\/uploads\/sites\/30\/2022\/09\/IMG_1054.jpg 640w, https:\/\/www.pedagogie.ac-nice.fr\/mathematiques\/wp-content\/uploads\/sites\/30\/2022\/09\/IMG_1054-300x225.jpg 300w, https:\/\/www.pedagogie.ac-nice.fr\/mathematiques\/wp-content\/uploads\/sites\/30\/2022\/09\/IMG_1054-150x113.jpg 150w\" sizes=\"(max-width: 544px) 100vw, 544px\" \/><br \/>\n<em>Coll\u00e8ge Sidney Bechet \u00e0 Antibes<\/em><\/p>\n","protected":false},"excerpt":{"rendered":"<p>Le passeport EDUCFI a pour objectif de sensibiliser les \u00e9l\u00e8ves de cycle 4 aux enjeux de l\u2019\u00e9ducation budg\u00e9taire et financi\u00e8re. Page \u00e9duscol d\u00e9di\u00e9e \u00e0 l&rsquo;EDUCFI Con\u00e7u par la Banque de France et le minist\u00e8re de l\u2019\u00c9ducation nationale, de la Jeunesse et des Sports avec la contribution de la finance pour tous (IEFP) et de l\u2019institut [&hellip;]<\/p>\n","protected":false},"author":202,"featured_media":0,"comment_status":"closed","ping_status":"closed","sticky":false,"template":"","format":"standard","meta":{"_et_pb_use_builder":"","_et_pb_old_content":"","_et_gb_content_width":"","ngg_post_thumbnail":0,"footnotes":""},"categories":[190,1],"tags":[],"class_list":["post-5497","post","type-post","status-publish","format-standard","hentry","category-educfi","category-non-classe","et-doesnt-have-format-content","et_post_format-et-post-format-standard"],"rttpg_featured_image_url":null,"rttpg_author":{"display_name":"admin","author_link":"https:\/\/www.pedagogie.ac-nice.fr\/mathematiques\/author\/opilorget\/"},"rttpg_comment":0,"rttpg_category":"<a href=\"https:\/\/www.pedagogie.ac-nice.fr\/mathematiques\/category\/enseigner\/educfi\/\" rel=\"category tag\">Educfi<\/a> <a href=\"https:\/\/www.pedagogie.ac-nice.fr\/mathematiques\/category\/non-classe\/\" rel=\"category tag\">Non class\u00e9<\/a>","rttpg_excerpt":"Le passeport EDUCFI a pour objectif de sensibiliser les \u00e9l\u00e8ves de cycle 4 aux enjeux de l\u2019\u00e9ducation budg\u00e9taire et financi\u00e8re. Page \u00e9duscol d\u00e9di\u00e9e \u00e0 l&rsquo;EDUCFI Con\u00e7u par la Banque de France et le minist\u00e8re de l\u2019\u00c9ducation nationale, de la Jeunesse et des Sports avec la contribution de la finance pour tous (IEFP) et de l\u2019institut\u2026","post_mailing_queue_ids":[],"_links":{"self":[{"href":"https:\/\/www.pedagogie.ac-nice.fr\/mathematiques\/wp-json\/wp\/v2\/posts\/5497","targetHints":{"allow":["GET"]}}],"collection":[{"href":"https:\/\/www.pedagogie.ac-nice.fr\/mathematiques\/wp-json\/wp\/v2\/posts"}],"about":[{"href":"https:\/\/www.pedagogie.ac-nice.fr\/mathematiques\/wp-json\/wp\/v2\/types\/post"}],"author":[{"embeddable":true,"href":"https:\/\/www.pedagogie.ac-nice.fr\/mathematiques\/wp-json\/wp\/v2\/users\/202"}],"replies":[{"embeddable":true,"href":"https:\/\/www.pedagogie.ac-nice.fr\/mathematiques\/wp-json\/wp\/v2\/comments?post=5497"}],"version-history":[{"count":12,"href":"https:\/\/www.pedagogie.ac-nice.fr\/mathematiques\/wp-json\/wp\/v2\/posts\/5497\/revisions"}],"predecessor-version":[{"id":5530,"href":"https:\/\/www.pedagogie.ac-nice.fr\/mathematiques\/wp-json\/wp\/v2\/posts\/5497\/revisions\/5530"}],"wp:attachment":[{"href":"https:\/\/www.pedagogie.ac-nice.fr\/mathematiques\/wp-json\/wp\/v2\/media?parent=5497"}],"wp:term":[{"taxonomy":"category","embeddable":true,"href":"https:\/\/www.pedagogie.ac-nice.fr\/mathematiques\/wp-json\/wp\/v2\/categories?post=5497"},{"taxonomy":"post_tag","embeddable":true,"href":"https:\/\/www.pedagogie.ac-nice.fr\/mathematiques\/wp-json\/wp\/v2\/tags?post=5497"}],"curies":[{"name":"wp","href":"https:\/\/api.w.org\/{rel}","templated":true}]}}