{"id":6776,"date":"2023-05-28T12:26:59","date_gmt":"2023-05-28T10:26:59","guid":{"rendered":"https:\/\/www.pedagogie.ac-nice.fr\/mathematiques\/?p=6776"},"modified":"2023-06-04T22:01:49","modified_gmt":"2023-06-04T20:01:49","slug":"competition-europeenne-de-statistiques-2023-ceremonie-de-remise-de-prix","status":"publish","type":"post","link":"https:\/\/www.pedagogie.ac-nice.fr\/mathematiques\/competition-europeenne-de-statistiques-2023-ceremonie-de-remise-de-prix\/","title":{"rendered":"Comp\u00e9tition europ\u00e9enne de statistiques 2023 &#8211; C\u00e9r\u00e9monie de remise de prix"},"content":{"rendered":"<p>[et_pb_section fb_built=\u00a0\u00bb1&Prime; _builder_version=\u00a0\u00bb4.10.7&Prime; _module_preset=\u00a0\u00bbdefault\u00a0\u00bb global_colors_info=\u00a0\u00bb{}\u00a0\u00bb][et_pb_row column_structure=\u00a0\u00bb1_4,3_4&Prime; _builder_version=\u00a0\u00bb4.10.7&Prime; _module_preset=\u00a0\u00bbdefault\u00a0\u00bb global_colors_info=\u00a0\u00bb{}\u00a0\u00bb][et_pb_column type=\u00a0\u00bb1_4&Prime; _builder_version=\u00a0\u00bb4.10.7&Prime; _module_preset=\u00a0\u00bbdefault\u00a0\u00bb global_colors_info=\u00a0\u00bb{}\u00a0\u00bb][et_pb_image src=\u00a0\u00bbhttps:\/\/www.pedagogie.ac-nice.fr\/mathematiques\/wp-content\/uploads\/sites\/30\/2022\/10\/comp_statistiques_2023.jpg\u00a0\u00bb title_text=\u00a0\u00bbcomp_statistiques_2023&Prime; _builder_version=\u00a0\u00bb4.10.7&Prime; _module_preset=\u00a0\u00bbdefault\u00a0\u00bb global_colors_info=\u00a0\u00bb{}\u00a0\u00bb][\/et_pb_image][\/et_pb_column][et_pb_column type=\u00a0\u00bb3_4&Prime; _builder_version=\u00a0\u00bb4.10.7&Prime; _module_preset=\u00a0\u00bbdefault\u00a0\u00bb global_colors_info=\u00a0\u00bb{}\u00a0\u00bb][et_pb_text _builder_version=\u00a0\u00bb4.10.7&Prime; _module_preset=\u00a0\u00bbdefault\u00a0\u00bb global_colors_info=\u00a0\u00bb{}\u00a0\u00bb]<\/p>\n<p>La comp\u00e9tition europ\u00e9enne de statistiques, par ses objectifs et ses contenus, s\u2019inscrit pleinement dans le d\u00e9veloppement du programme d\u2019Education \u00e9conomique, financi\u00e8re et budg\u00e9taire (EDUCFI) en partenariat avec l\u2019INSEE. Elle se d\u00e9roule en \u00e9quipes et a pour but de faire analyser des donn\u00e9es statistiques dans un contexte \u00e9conomique et social d\u2019actualit\u00e9 (par exemple, les in\u00e9galit\u00e9s hommes-femmes). Elle compte plus de 17000 participants en Europe.<\/p>\n<p>[\/et_pb_text][\/et_pb_column][\/et_pb_row][et_pb_row _builder_version=\u00a0\u00bb4.10.7&Prime; _module_preset=\u00a0\u00bbdefault\u00a0\u00bb global_colors_info=\u00a0\u00bb{}\u00a0\u00bb][et_pb_column type=\u00a0\u00bb4_4&Prime; _builder_version=\u00a0\u00bb4.10.7&Prime; _module_preset=\u00a0\u00bbdefault\u00a0\u00bb global_colors_info=\u00a0\u00bb{}\u00a0\u00bb][et_pb_text _builder_version=\u00a0\u00bb4.10.7&Prime; _module_preset=\u00a0\u00bbdefault\u00a0\u00bb global_colors_info=\u00a0\u00bb{}\u00a0\u00bb]<\/p>\n<h3 style=\"text-align: center;\"><span style=\"color: #000080;\">Le lyc\u00e9e Pierre et Marie Curie de Menton distingu\u00e9<\/span><\/h3>\n<p>&nbsp;<\/p>\n<p>[\/et_pb_text][et_pb_text _builder_version=\u00a0\u00bb4.10.7&Prime; _module_preset=\u00a0\u00bbdefault\u00a0\u00bb global_colors_info=\u00a0\u00bb{}\u00a0\u00bb]<\/p>\n<p>L\u2019INSEE \u2013 Direction r\u00e9gionale de Provence-Alpes-C\u00f4te d\u2019Azur a remis mercredi 24 mai 2023 une r\u00e9compense aux <strong>6 \u00e9l\u00e8ves de Premi\u00e8re du lyc\u00e9e Pierre et Marie Curie \u00e0 Menton ayant franchi la 2<sup>\u00e8me<\/sup> \u00e9tape du concours<\/strong>. Nous remercions <strong>Madame SCORTECCIA<\/strong>, professeure de math\u00e9matiques, pour la pr\u00e9paration des \u00e9l\u00e8ves \u00e0 la comp\u00e9tition et <strong>Monsieur RAMO<\/strong>, proviseur du lyc\u00e9e Pierre et Marie Curie \u00e0 Menton, pour l\u2019accueil de la c\u00e9r\u00e9monie.<\/p>\n<p>[\/et_pb_text][\/et_pb_column][\/et_pb_row][et_pb_row column_structure=\u00a0\u00bb1_3,1_3,1_3&Prime; _builder_version=\u00a0\u00bb4.10.7&Prime; _module_preset=\u00a0\u00bbdefault\u00a0\u00bb global_colors_info=\u00a0\u00bb{}\u00a0\u00bb][et_pb_column type=\u00a0\u00bb1_3&Prime; _builder_version=\u00a0\u00bb4.10.7&Prime; _module_preset=\u00a0\u00bbdefault\u00a0\u00bb global_colors_info=\u00a0\u00bb{}\u00a0\u00bb][et_pb_image src=\u00a0\u00bbhttps:\/\/www.pedagogie.ac-nice.fr\/mathematiques\/wp-content\/uploads\/sites\/30\/2023\/06\/im4.jpg\u00a0\u00bb title_text=\u00a0\u00bbim4&Prime; _builder_version=\u00a0\u00bb4.10.7&Prime; _module_preset=\u00a0\u00bbdefault\u00a0\u00bb global_colors_info=\u00a0\u00bb{}\u00a0\u00bb][\/et_pb_image][\/et_pb_column][et_pb_column type=\u00a0\u00bb1_3&Prime; _builder_version=\u00a0\u00bb4.10.7&Prime; _module_preset=\u00a0\u00bbdefault\u00a0\u00bb global_colors_info=\u00a0\u00bb{}\u00a0\u00bb][et_pb_image src=\u00a0\u00bbhttps:\/\/www.pedagogie.ac-nice.fr\/mathematiques\/wp-content\/uploads\/sites\/30\/2023\/06\/im2.jpg\u00a0\u00bb title_text=\u00a0\u00bbim2&Prime; _builder_version=\u00a0\u00bb4.10.7&Prime; _module_preset=\u00a0\u00bbdefault\u00a0\u00bb global_colors_info=\u00a0\u00bb{}\u00a0\u00bb][\/et_pb_image][\/et_pb_column][et_pb_column type=\u00a0\u00bb1_3&Prime; _builder_version=\u00a0\u00bb4.10.7&Prime; _module_preset=\u00a0\u00bbdefault\u00a0\u00bb global_colors_info=\u00a0\u00bb{}\u00a0\u00bb][et_pb_image src=\u00a0\u00bbhttps:\/\/www.pedagogie.ac-nice.fr\/mathematiques\/wp-content\/uploads\/sites\/30\/2023\/06\/im1.jpg\u00a0\u00bb title_text=\u00a0\u00bbim1&Prime; _builder_version=\u00a0\u00bb4.10.7&Prime; _module_preset=\u00a0\u00bbdefault\u00a0\u00bb global_colors_info=\u00a0\u00bb{}\u00a0\u00bb][\/et_pb_image][\/et_pb_column][\/et_pb_row][et_pb_row _builder_version=\u00a0\u00bb4.10.7&Prime; _module_preset=\u00a0\u00bbdefault\u00a0\u00bb global_colors_info=\u00a0\u00bb{}\u00a0\u00bb][et_pb_column type=\u00a0\u00bb4_4&Prime; _builder_version=\u00a0\u00bb4.10.7&Prime; _module_preset=\u00a0\u00bbdefault\u00a0\u00bb global_colors_info=\u00a0\u00bb{}\u00a0\u00bb][et_pb_text _builder_version=\u00a0\u00bb4.10.7&Prime; _module_preset=\u00a0\u00bbdefault\u00a0\u00bb hover_enabled=\u00a0\u00bb0&Prime; global_colors_info=\u00a0\u00bb{}\u00a0\u00bb sticky_enabled=\u00a0\u00bb0&Prime;]<\/p>\n<p><strong><span style=\"font-size: 14pt;\"><br \/><em>R\u00e9f\u00e9rences&nbsp;<\/em><\/span> <\/strong><\/p>\n<ul>\n<li style=\"list-style-type: none;\">\n<ul style=\"list-style-type: disc;\">\n<li><span style=\"font-size: 10pt;\">Le site de l&rsquo;INSEE<\/span><br \/><span style=\"font-size: 10pt;\"> <a href=\"https:\/\/www.insee.fr\/fr\/information\/6535482\">https:\/\/www.insee.fr\/fr\/information\/6535482<\/a><\/span><\/li>\n<li><span style=\"font-size: 10pt;\">Article France 3 Provence-Alpes C\u00f4te d&rsquo;Azur \u00a0\u00bb l\u2019INSEE r\u00e9compense des lyc\u00e9ens futurs statisticiens \u00e0 Menton\u00a0\u00bb<br \/><a href=\"https:\/\/france3-regions.francetvinfo.fr\/provence-alpes-cote-d-azur\/alpes-maritimes\/menton\/l-insee-recompense-des-lyceens-futurs-statisticiens-a-menton-2778814.html\">https:\/\/france3-regions.francetvinfo.fr\/provence-alpes-cote-d-azur\/alpes-maritimes\/menton\/l-insee-recompense-des-lyceens-futurs-statisticiens-a-menton-2778814.html<\/a><\/span><\/li>\n<li><span style=\"font-size: 10pt;\">Pr\u00e9sentation de la comp\u00e9tition (\u00e9dition 2023) sur le site acad\u00e9mique de math\u00e9matiques<\/span><br \/><a href=\"https:\/\/www.pedagogie.ac-nice.fr\/mathematiques\/competition-europeenne-de-statistiques-6e-edition\/\"><span style=\"font-size: 12pt;\"><span style=\"font-size: 10pt;\">https:\/\/www.pedagogie.ac-nice.fr\/mathematiques\/competition-europeenne-de-statistiques-6e-edition\/<\/span><\/span><\/a><\/li>\n<\/ul>\n<\/li>\n<\/ul>\n<p>[\/et_pb_text][et_pb_image src=\u00a0\u00bbhttps:\/\/www.pedagogie.ac-nice.fr\/mathematiques\/wp-content\/uploads\/sites\/30\/2023\/06\/ces.jpg\u00a0\u00bb title_text=\u00a0\u00bbces\u00a0\u00bb _builder_version=\u00a0\u00bb4.10.7&Prime; _module_preset=\u00a0\u00bbdefault\u00a0\u00bb global_colors_info=\u00a0\u00bb{}\u00a0\u00bb][\/et_pb_image][\/et_pb_column][\/et_pb_row][\/et_pb_section]<\/p>\n","protected":false},"excerpt":{"rendered":"<p>La comp\u00e9tition europ\u00e9enne de statistiques, par ses objectifs et ses contenus, s\u2019inscrit pleinement dans le d\u00e9veloppement du programme d\u2019Education \u00e9conomique, financi\u00e8re et budg\u00e9taire (EDUCFI) en partenariat avec l\u2019INSEE. Elle se d\u00e9roule en \u00e9quipes et a pour but de faire analyser des donn\u00e9es statistiques dans un contexte \u00e9conomique et social d\u2019actualit\u00e9 (par exemple, les in\u00e9galit\u00e9s hommes-femmes). [&hellip;]<\/p>\n","protected":false},"author":202,"featured_media":0,"comment_status":"closed","ping_status":"closed","sticky":false,"template":"","format":"standard","meta":{"_et_pb_use_builder":"on","_et_pb_old_content":"","_et_gb_content_width":"","ngg_post_thumbnail":0,"footnotes":""},"categories":[193,1],"tags":[],"class_list":["post-6776","post","type-post","status-publish","format-standard","hentry","category-la-competition-europeenne-de-statistiques","category-non-classe","et-doesnt-have-format-content","et_post_format-et-post-format-standard"],"rttpg_featured_image_url":null,"rttpg_author":{"display_name":"admin","author_link":"https:\/\/www.pedagogie.ac-nice.fr\/mathematiques\/author\/opilorget\/"},"rttpg_comment":0,"rttpg_category":"<a href=\"https:\/\/www.pedagogie.ac-nice.fr\/mathematiques\/category\/culture-mathematique\/rallyes-et-concours\/la-competition-europeenne-de-statistiques\/\" rel=\"category tag\">La comp\u00e9tition europ\u00e9enne de statistiques<\/a> <a href=\"https:\/\/www.pedagogie.ac-nice.fr\/mathematiques\/category\/non-classe\/\" rel=\"category tag\">Non class\u00e9<\/a>","rttpg_excerpt":"La comp\u00e9tition europ\u00e9enne de statistiques, par ses objectifs et ses contenus, s\u2019inscrit pleinement dans le d\u00e9veloppement du programme d\u2019Education \u00e9conomique, financi\u00e8re et budg\u00e9taire (EDUCFI) en partenariat avec l\u2019INSEE. Elle se d\u00e9roule en \u00e9quipes et a pour but de faire analyser des donn\u00e9es statistiques dans un contexte \u00e9conomique et social d\u2019actualit\u00e9 (par exemple, les in\u00e9galit\u00e9s hommes-femmes).\u2026","post_mailing_queue_ids":[],"_links":{"self":[{"href":"https:\/\/www.pedagogie.ac-nice.fr\/mathematiques\/wp-json\/wp\/v2\/posts\/6776","targetHints":{"allow":["GET"]}}],"collection":[{"href":"https:\/\/www.pedagogie.ac-nice.fr\/mathematiques\/wp-json\/wp\/v2\/posts"}],"about":[{"href":"https:\/\/www.pedagogie.ac-nice.fr\/mathematiques\/wp-json\/wp\/v2\/types\/post"}],"author":[{"embeddable":true,"href":"https:\/\/www.pedagogie.ac-nice.fr\/mathematiques\/wp-json\/wp\/v2\/users\/202"}],"replies":[{"embeddable":true,"href":"https:\/\/www.pedagogie.ac-nice.fr\/mathematiques\/wp-json\/wp\/v2\/comments?post=6776"}],"version-history":[{"count":21,"href":"https:\/\/www.pedagogie.ac-nice.fr\/mathematiques\/wp-json\/wp\/v2\/posts\/6776\/revisions"}],"predecessor-version":[{"id":6807,"href":"https:\/\/www.pedagogie.ac-nice.fr\/mathematiques\/wp-json\/wp\/v2\/posts\/6776\/revisions\/6807"}],"wp:attachment":[{"href":"https:\/\/www.pedagogie.ac-nice.fr\/mathematiques\/wp-json\/wp\/v2\/media?parent=6776"}],"wp:term":[{"taxonomy":"category","embeddable":true,"href":"https:\/\/www.pedagogie.ac-nice.fr\/mathematiques\/wp-json\/wp\/v2\/categories?post=6776"},{"taxonomy":"post_tag","embeddable":true,"href":"https:\/\/www.pedagogie.ac-nice.fr\/mathematiques\/wp-json\/wp\/v2\/tags?post=6776"}],"curies":[{"name":"wp","href":"https:\/\/api.w.org\/{rel}","templated":true}]}}