{"id":7824,"date":"2023-10-06T11:29:05","date_gmt":"2023-10-06T09:29:05","guid":{"rendered":"https:\/\/www.pedagogie.ac-nice.fr\/mathematiques\/?p=7824"},"modified":"2023-10-06T12:00:43","modified_gmt":"2023-10-06T10:00:43","slug":"les-ceintures-de-competences-pour-le-calcul-mental-et-reflechi-en-sixieme","status":"publish","type":"post","link":"https:\/\/www.pedagogie.ac-nice.fr\/mathematiques\/les-ceintures-de-competences-pour-le-calcul-mental-et-reflechi-en-sixieme\/","title":{"rendered":"Les ceintures de comp\u00e9tences pour le calcul mental et r\u00e9fl\u00e9chi en Sixi\u00e8me"},"content":{"rendered":"<p><strong>Dans cette vid\u00e9o<\/strong>, Alain CATHERINE, professeur de math\u00e9matiques au coll\u00e8ge de la Vall\u00e9e du Gapeau \u00e0 Solli\u00e8s-Pont (Var) et membre du groupe de r\u00e9flexion sur l\u2019enseignement des math\u00e9matiques au coll\u00e8ge (<strong>GREM<\/strong>) de l\u2019acad\u00e9mie de Nice, pr\u00e9sente l\u2019usage qu\u2019il fait des <strong>ceintures de comp\u00e9tences pour l\u2019apprentissage du calcul mental et r\u00e9fl\u00e9chi en classe de Sixi\u00e8me<\/strong>.<\/p>\n<p>&nbsp;&nbsp; &nbsp; &nbsp; &nbsp;<\/p>\n<table class=\" aligncenter\" style=\"width: 90%; border-collapse: collapse;\">\n<tbody>\n<tr>\n<td style=\"width: 5%; height: 12%;\">&nbsp;<\/td>\n<td style=\"width: 33.3333%;\"><iframe loading=\"lazy\" title=\"Les Ceintures en 6\u00b0\" src=\"https:\/\/tube-sciences-technologies.apps.education.fr\/videos\/embed\/c1b1607f-c8c0-4704-b7df-447d780111a5\" width=\"560\" height=\"315\" frameborder=\"center\" sandbox=\"allow-same-origin allow-scripts allow-popups\" allowfullscreen=\"allowfullscreen\"><\/iframe>&nbsp;<\/td>\n<td style=\"width: 5%;\">&nbsp;<\/td>\n<\/tr>\n<\/tbody>\n<\/table>\n<p>&nbsp; &nbsp; &nbsp;&nbsp;<\/p>\n<p>Il met par ailleurs \u00e0 disposition les <strong>nombreuses ressources<\/strong> qu\u2019il a con\u00e7ues sur l\u2019espace suivant&nbsp;:<\/p>\n<p><a href=\"https:\/\/nuage03.apps.education.fr\/index.php\/s\/Xw3xfrPnisQ8tXQ\" target=\"_blank\" rel=\"noopener\"><img loading=\"lazy\" decoding=\"async\" class=\"aligncenter wp-image-7828\" src=\"https:\/\/www.pedagogie.ac-nice.fr\/mathematiques\/wp-content\/uploads\/sites\/30\/2023\/10\/Ressources.jpg\" alt=\"\" width=\"440\" height=\"183\" srcset=\"https:\/\/www.pedagogie.ac-nice.fr\/mathematiques\/wp-content\/uploads\/sites\/30\/2023\/10\/Ressources.jpg 1920w, https:\/\/www.pedagogie.ac-nice.fr\/mathematiques\/wp-content\/uploads\/sites\/30\/2023\/10\/Ressources-300x125.jpg 300w, https:\/\/www.pedagogie.ac-nice.fr\/mathematiques\/wp-content\/uploads\/sites\/30\/2023\/10\/Ressources-1024x426.jpg 1024w, https:\/\/www.pedagogie.ac-nice.fr\/mathematiques\/wp-content\/uploads\/sites\/30\/2023\/10\/Ressources-150x62.jpg 150w, https:\/\/www.pedagogie.ac-nice.fr\/mathematiques\/wp-content\/uploads\/sites\/30\/2023\/10\/Ressources-768x320.jpg 768w, https:\/\/www.pedagogie.ac-nice.fr\/mathematiques\/wp-content\/uploads\/sites\/30\/2023\/10\/Ressources-1536x639.jpg 1536w, https:\/\/www.pedagogie.ac-nice.fr\/mathematiques\/wp-content\/uploads\/sites\/30\/2023\/10\/Ressources-1080x449.jpg 1080w\" sizes=\"(max-width: 440px) 100vw, 440px\" \/><\/a><\/p>\n<p style=\"text-align: center;\"><a href=\"https:\/\/nuage03.apps.education.fr\/index.php\/s\/Xw3xfrPnisQ8tXQ\">https:\/\/nuage03.apps.education.fr\/index.php\/s\/Xw3xfrPnisQ8tXQ<\/a><\/p>\n<p>&nbsp;<\/p>\n<p>Cette approche de la diff\u00e9renciation des apprentissages peut \u00eatre mise en \u0153uvre dans le cadre du soutien\/approfondissement en math\u00e9matiques en classe de Sixi\u00e8me.<\/p>\n<p><strong>On pourra consulter sur le web d\u2019autres articles en compl\u00e9ment, par exemple&nbsp;:<\/strong><\/p>\n<p><a href=\"https:\/\/www.charivarialecole.fr\/archives\/489\">https:\/\/www.charivarialecole.fr\/archives\/489<\/a><\/p>\n<p><a href=\"https:\/\/www.mathix.org\/ceinture-calcul\/\">https:\/\/www.mathix.org\/ceinture-calcul\/<\/a><\/p>\n","protected":false},"excerpt":{"rendered":"<p>Dans cette vid\u00e9o, Alain CATHERINE, professeur de math\u00e9matiques au coll\u00e8ge de la Vall\u00e9e du Gapeau \u00e0 Solli\u00e8s-Pont (Var) et membre du groupe de r\u00e9flexion sur l\u2019enseignement des math\u00e9matiques au coll\u00e8ge (GREM) de l\u2019acad\u00e9mie de Nice, pr\u00e9sente l\u2019usage qu\u2019il fait des ceintures de comp\u00e9tences pour l\u2019apprentissage du calcul mental et r\u00e9fl\u00e9chi en classe de Sixi\u00e8me. &nbsp;&nbsp; [&hellip;]<\/p>\n","protected":false},"author":202,"featured_media":0,"comment_status":"closed","ping_status":"closed","sticky":false,"template":"","format":"standard","meta":{"_et_pb_use_builder":"","_et_pb_old_content":"","_et_gb_content_width":"","ngg_post_thumbnail":0,"footnotes":""},"categories":[154,1],"tags":[],"class_list":["post-7824","post","type-post","status-publish","format-standard","hentry","category-au-college","category-non-classe","et-doesnt-have-format-content","et_post_format-et-post-format-standard"],"rttpg_featured_image_url":null,"rttpg_author":{"display_name":"admin","author_link":"https:\/\/www.pedagogie.ac-nice.fr\/mathematiques\/author\/opilorget\/"},"rttpg_comment":0,"rttpg_category":"<a href=\"https:\/\/www.pedagogie.ac-nice.fr\/mathematiques\/category\/enseigner\/ressources-academiques\/au-college\/\" rel=\"category tag\">Au coll\u00e8ge<\/a> <a href=\"https:\/\/www.pedagogie.ac-nice.fr\/mathematiques\/category\/non-classe\/\" rel=\"category tag\">Non class\u00e9<\/a>","rttpg_excerpt":"Dans cette vid\u00e9o, Alain CATHERINE, professeur de math\u00e9matiques au coll\u00e8ge de la Vall\u00e9e du Gapeau \u00e0 Solli\u00e8s-Pont (Var) et membre du groupe de r\u00e9flexion sur l\u2019enseignement des math\u00e9matiques au coll\u00e8ge (GREM) de l\u2019acad\u00e9mie de Nice, pr\u00e9sente l\u2019usage qu\u2019il fait des ceintures de comp\u00e9tences pour l\u2019apprentissage du calcul mental et r\u00e9fl\u00e9chi en classe de Sixi\u00e8me. &nbsp;&nbsp;\u2026","post_mailing_queue_ids":[],"_links":{"self":[{"href":"https:\/\/www.pedagogie.ac-nice.fr\/mathematiques\/wp-json\/wp\/v2\/posts\/7824","targetHints":{"allow":["GET"]}}],"collection":[{"href":"https:\/\/www.pedagogie.ac-nice.fr\/mathematiques\/wp-json\/wp\/v2\/posts"}],"about":[{"href":"https:\/\/www.pedagogie.ac-nice.fr\/mathematiques\/wp-json\/wp\/v2\/types\/post"}],"author":[{"embeddable":true,"href":"https:\/\/www.pedagogie.ac-nice.fr\/mathematiques\/wp-json\/wp\/v2\/users\/202"}],"replies":[{"embeddable":true,"href":"https:\/\/www.pedagogie.ac-nice.fr\/mathematiques\/wp-json\/wp\/v2\/comments?post=7824"}],"version-history":[{"count":20,"href":"https:\/\/www.pedagogie.ac-nice.fr\/mathematiques\/wp-json\/wp\/v2\/posts\/7824\/revisions"}],"predecessor-version":[{"id":7845,"href":"https:\/\/www.pedagogie.ac-nice.fr\/mathematiques\/wp-json\/wp\/v2\/posts\/7824\/revisions\/7845"}],"wp:attachment":[{"href":"https:\/\/www.pedagogie.ac-nice.fr\/mathematiques\/wp-json\/wp\/v2\/media?parent=7824"}],"wp:term":[{"taxonomy":"category","embeddable":true,"href":"https:\/\/www.pedagogie.ac-nice.fr\/mathematiques\/wp-json\/wp\/v2\/categories?post=7824"},{"taxonomy":"post_tag","embeddable":true,"href":"https:\/\/www.pedagogie.ac-nice.fr\/mathematiques\/wp-json\/wp\/v2\/tags?post=7824"}],"curies":[{"name":"wp","href":"https:\/\/api.w.org\/{rel}","templated":true}]}}