{"id":7851,"date":"2023-10-10T12:05:01","date_gmt":"2023-10-10T10:05:01","guid":{"rendered":"https:\/\/www.pedagogie.ac-nice.fr\/mathematiques\/?p=7851"},"modified":"2023-11-26T10:18:37","modified_gmt":"2023-11-26T09:18:37","slug":"competition-europeenne-de-statistiques-7e-edition","status":"publish","type":"post","link":"https:\/\/www.pedagogie.ac-nice.fr\/mathematiques\/competition-europeenne-de-statistiques-7e-edition\/","title":{"rendered":"Comp\u00e9tition europ\u00e9enne de statistiques \u2013 7e \u00e9dition"},"content":{"rendered":"<p>[et_pb_section fb_built=\u00a0\u00bb1&Prime; _builder_version=\u00a0\u00bb3.22&Prime; global_colors_info=\u00a0\u00bb{}\u00a0\u00bb][et_pb_row _builder_version=\u00a0\u00bb4.10.7&Prime; _module_preset=\u00a0\u00bbdefault\u00a0\u00bb][et_pb_column _builder_version=\u00a0\u00bb4.10.7&Prime; _module_preset=\u00a0\u00bbdefault\u00a0\u00bb type=\u00a0\u00bb4_4&Prime;][et_pb_text _builder_version=\u00a0\u00bb4.10.7&Prime; _module_preset=\u00a0\u00bbdefault\u00a0\u00bb hover_enabled=\u00a0\u00bb0&Prime; sticky_enabled=\u00a0\u00bb0&Prime;]<\/p>\n<p>Vous cherchez \u00e0 consolider la culture statistique de vos \u00e9l\u00e8ves de premi\u00e8re et de terminale ? Vous souhaitez les accompagner dans le maniement de donn\u00e9es fiables ? Constituez une ou plusieurs \u00e9quipes et inscrivez-les \u00e0 la <strong>comp\u00e9tition europ\u00e9enne de statistiques <\/strong>propos\u00e9e par par l\u2019Insee et Eurostat <strong>!<\/strong><\/p>\n<p>[\/et_pb_text][et_pb_text _builder_version=\u00a0\u00bb4.10.7&Prime; _module_preset=\u00a0\u00bbdefault\u00a0\u00bb hover_enabled=\u00a0\u00bb0&Prime; sticky_enabled=\u00a0\u00bb0&Prime;]<\/p>\n<p>Au fil des \u00e9preuves (QCM, analyse de donn\u00e9es, production vid\u00e9o) organis\u00e9es par l\u2019Insee pour la France, vos \u00e9l\u00e8ves seront amen\u00e9s \u00e0 d\u00e9couvrir l\u2019enjeu soci\u00e9tal des statistiques, \u00e0 d\u00e9velopper leur esprit d&rsquo;\u00e9quipe et \u00e0 se pr\u00e9parer au Grand oral du baccalaur\u00e9at.<\/p>\n<p>[\/et_pb_text][\/et_pb_column][\/et_pb_row][et_pb_row _builder_version=\u00a0\u00bb4.10.7&Prime; _module_preset=\u00a0\u00bbdefault\u00a0\u00bb column_structure=\u00a0\u00bb1_3,2_3&Prime;][et_pb_column _builder_version=\u00a0\u00bb4.10.7&Prime; _module_preset=\u00a0\u00bbdefault\u00a0\u00bb type=\u00a0\u00bb1_3&Prime;][et_pb_image _builder_version=\u00a0\u00bb4.10.7&Prime; _module_preset=\u00a0\u00bbdefault\u00a0\u00bb hover_enabled=\u00a0\u00bb0&Prime; sticky_enabled=\u00a0\u00bb0&Prime; title_text=\u00a0\u00bbESC_afficheA4nume\u00a0\u00bb src=\u00a0\u00bbhttps:\/\/www.pedagogie.ac-nice.fr\/mathematiques\/wp-content\/uploads\/sites\/30\/2023\/10\/ESC_afficheA4nume-212&#215;300.jpg\u00a0\u00bb][\/et_pb_image][\/et_pb_column][et_pb_column _builder_version=\u00a0\u00bb4.10.7&Prime; _module_preset=\u00a0\u00bbdefault\u00a0\u00bb type=\u00a0\u00bb2_3&Prime;][et_pb_text _builder_version=\u00a0\u00bb4.10.7&Prime; _module_preset=\u00a0\u00bbdefault\u00a0\u00bb hover_enabled=\u00a0\u00bb0&Prime; sticky_enabled=\u00a0\u00bb0&Prime;]<\/p>\n<p class=\"paragraphe \">La comp\u00e9tition europ\u00e9enne de statistiques donne l\u2019occasion aux participants des \u00e9coles fran\u00e7aises de se confronter \u00e0 ceux de 19 autres pays, tout en renfor\u00e7ant leur culture statistique. Les \u00e9preuves leur permettent de :<\/p>\n<p class=\"paragraphe \">&#8211; manier et analyser des donn\u00e9es officielles fiables<\/p>\n<p class=\"paragraphe \">&#8211; r\u00e9viser et consolider des concepts statistiques et math\u00e9matiques<\/p>\n<p class=\"paragraphe \">&#8211; travailler en \u00e9quipe et se pr\u00e9parer au Grand oral du baccalaur\u00e9at<\/p>\n<p><em><a href=\"https:\/\/www.pedagogie.ac-nice.fr\/mathematiques\/wp-content\/uploads\/sites\/30\/2023\/11\/ESC_afficheA4nume.pdf\" target=\"_blank\" rel=\"noopener\">-&gt; t\u00e9l\u00e9charger l&rsquo;affiche au format pdf<\/a> <br \/><\/em><a href=\"https:\/\/www.pedagogie.ac-nice.fr\/mathematiques\/wp-content\/uploads\/sites\/30\/2023\/10\/ESC_afficheA4nume-scaled.jpg\" target=\"_blank\" rel=\"noopener\"><em>-&gt; t\u00e9l\u00e9charger l&rsquo;affiche au format jpeg<\/em><\/a><\/p>\n<p>&nbsp;<\/p>\n<p>[\/et_pb_text][\/et_pb_column][\/et_pb_row][et_pb_row _builder_version=\u00a0\u00bb4.10.7&Prime; background_size=\u00a0\u00bbinitial\u00a0\u00bb background_position=\u00a0\u00bbtop_left\u00a0\u00bb background_repeat=\u00a0\u00bbrepeat\u00a0\u00bb hover_enabled=\u00a0\u00bb0&Prime; global_colors_info=\u00a0\u00bb{}\u00a0\u00bb sticky_enabled=\u00a0\u00bb0&Prime;][et_pb_column type=\u00a0\u00bb4_4&Prime; _builder_version=\u00a0\u00bb3.25&Prime; custom_padding=\u00a0\u00bb|||\u00a0\u00bb global_colors_info=\u00a0\u00bb{}\u00a0\u00bb custom_padding__hover=\u00a0\u00bb|||\u00a0\u00bb][et_pb_text _builder_version=\u00a0\u00bb4.10.7&Prime; background_size=\u00a0\u00bbinitial\u00a0\u00bb background_position=\u00a0\u00bbtop_left\u00a0\u00bb background_repeat=\u00a0\u00bbrepeat\u00a0\u00bb hover_enabled=\u00a0\u00bb0&Prime; global_colors_info=\u00a0\u00bb{}\u00a0\u00bb sticky_enabled=\u00a0\u00bb0&Prime;]<\/p>\n<pre><span style=\"font-size: 14pt;\"><strong><em><span style=\"color: #333399;\"><span style=\"font-size: 18pt;\">Un challenge qui renforce la culture statistique<\/span><\/span><\/em><\/strong><\/span><\/pre>\n<p>\u00c0 la rencontre des math\u00e9matiques, de l\u2019\u00e9conomie et de la sociologie, la Comp\u00e9tition europ\u00e9enne de statistiques, ou ESC, am\u00e8ne ses candidats \u00e0 accro\u00eetre leur expertise dans le maniement et l\u2019analyse de donn\u00e9es chiffr\u00e9es. Les participants mesureront l\u2019enjeu soci\u00e9tal des statistiques au travers de deux \u00e9preuves disput\u00e9es en \u00e9quipe&nbsp;: <strong>un QCM math\u00e9matiques<\/strong>&nbsp;&#8211;&nbsp;\u00e9conomie, puis <strong>l\u2019\u00e9laboration d\u2019un diaporama<\/strong> exploitant et analysant des donn\u00e9es chiffr\u00e9es tir\u00e9es d\u2019une v\u00e9ritable enqu\u00eate de l\u2019Insee.<\/p>\n<p>La comp\u00e9tition europ\u00e9enne de statistiques constitue un levier aupr\u00e8s de nos \u00e9l\u00e8ves pour \u00e9tudier les statistiques et les analyser.&nbsp;<br \/>C&rsquo;est une comp\u00e9tition dont la th\u00e9matique s&rsquo;inscrit dans les programmes de math\u00e9matiques et sciences \u00e9conomiques et sociales du lyc\u00e9e.&nbsp;<br \/>Elle s&rsquo;adresse tout particuli\u00e8rement aux <strong>\u00e9l\u00e8ves des classes de premi\u00e8re et terminale<\/strong> en voie technologique et voie g\u00e9n\u00e9rale. L&rsquo;encadrement des \u00e9quipes peut \u00eatre r\u00e9alis\u00e9 par un professeur de math\u00e9matiques ou\/et un professeur de sciences \u00e9conomiques et sociales.&nbsp;<\/p>\n<p>&nbsp;<\/p>\n<pre class=\"bloc \"><span style=\"font-size: 18pt;\"><strong><em><span style=\"color: #333399;\">Calendrier\n<\/span><\/em><\/strong><\/span><\/pre>\n<div class=\"bloc paragraphes \">\n<p class=\"paragraphe \" style=\"text-align: center;\"><strong><div class='et-box et-info'>\n\t\t\t\t\t<div class='et-box-content'><span style=\"color: #333399; font-size: 14pt;\">Inscriptions&nbsp;du 17 octobre au 3 d\u00e9cembre (minuit)<\/span><\/strong><\/p>\n<p class=\"paragraphe \"><strong><img loading=\"lazy\" decoding=\"async\" class=\" wp-image-7858 alignleft\" src=\"https:\/\/www.pedagogie.ac-nice.fr\/mathematiques\/wp-content\/uploads\/sites\/30\/2023\/10\/insee-1.jpg\" alt=\"\" width=\"64\" height=\"47\" srcset=\"https:\/\/www.pedagogie.ac-nice.fr\/mathematiques\/wp-content\/uploads\/sites\/30\/2023\/10\/insee-1.jpg 167w, https:\/\/www.pedagogie.ac-nice.fr\/mathematiques\/wp-content\/uploads\/sites\/30\/2023\/10\/insee-1-150x110.jpg 150w\" sizes=\"(max-width: 64px) 100vw, 64px\" \/>Les inscriptions sont recueillies directement sur le site de l&rsquo;INSEE \u00e0 l&rsquo;adresse : <u><a href=\"https:\/\/www.insee.fr\/fr\/information\/7673508\">https:\/\/www.insee.fr\/fr\/information\/7673508<\/a> <\/u><\/div><\/div> <\/strong><\/p>\n<p><span style=\"font-size: 14pt;\"><strong>La comp\u00e9tition se d\u00e9roule en deux phases&nbsp;:<\/strong><\/span><\/p>\n<\/div>\n<div class=\"bloc paragraphes \">\n<p class=\"paragraphe \"><span style=\"color: #000080;\"><strong>De d\u00e9cembre 2023 \u00e0 mars 2024<\/strong>, l\u2019\u00e9tape fran\u00e7aise, compos\u00e9e de 2 \u00e9preuves s\u00e9lectives :<\/span><\/p>\n<\/div>\n<ul>\n<li style=\"list-style-type: none;\">\n<ul style=\"list-style-type: disc;\">\n<li><strong>Trois QCM sur les notions cl\u00e9s, la recherche et l\u2019interpr\u00e9tation de donn\u00e9es statistiques<\/strong><br \/>La premi\u00e8re \u00e9preuve consiste en trois questionnaires de 10 questions chacun (permettant de tester la ma\u00eetrise des notions cl\u00e9s de statistiques et de probabilit\u00e9s, la capacit\u00e9 \u00e0 trouver des donn\u00e9es et la capacit\u00e9 d\u2019interpr\u00e9ter de ces donn\u00e9es).<\/li>\n<li><strong>Une analyse produite \u00e0 partir de l\u2019exploitation d\u2019un jeu de donn\u00e9es<\/strong><br \/>Les \u00e9quipes les mieux class\u00e9es seront qualifi\u00e9es pour la deuxi\u00e8me \u00e9preuve nationale, pour laquelle les \u00e9quipes ont \u00e0 pr\u00e9parer un document \u00e0 partir de l\u2019exploitation de donn\u00e9es mises \u00e0 leur disposition. Il s\u2019agit ici de tester les capacit\u00e9s \u00e0 analyser des donn\u00e9es et \u00e0 les synth\u00e9tiser.<\/li>\n<\/ul>\n<\/li>\n<\/ul>\n<div class=\"bloc paragraphes \">\n<p class=\"paragraphe \"><span style=\"color: #000080;\"><strong>D\u2019avril \u00e0 mai 2024<\/strong>, l\u2019\u00e9tape europ\u00e9enne :<\/span><\/p>\n<\/div>\n<ul>\n<li style=\"list-style-type: none;\">\n<ul class=\"bloc liste\" style=\"list-style-type: disc;\">\n<li class=\"item\"><strong>R\u00e9alisation d\u2019une vid\u00e9o de 2 minutes sur un sujet impos\u00e9<\/strong><br \/>L\u2019\u00e9preuve europ\u00e9enne consiste en la r\u00e9alisation d\u2019une vid\u00e9o en anglais sur une th\u00e9matique qui sera prochainement annonc\u00e9e.<\/li>\n<\/ul>\n<\/li>\n<\/ul>\n<p>[\/et_pb_text][\/et_pb_column][\/et_pb_row][et_pb_row _builder_version=\u00a0\u00bb4.10.7&Prime; _module_preset=\u00a0\u00bbdefault\u00a0\u00bb][et_pb_column _builder_version=\u00a0\u00bb4.10.7&Prime; _module_preset=\u00a0\u00bbdefault\u00a0\u00bb type=\u00a0\u00bb4_4&Prime;][et_pb_text _builder_version=\u00a0\u00bb4.10.7&Prime; _module_preset=\u00a0\u00bbdefault\u00a0\u00bb hover_enabled=\u00a0\u00bb0&Prime; sticky_enabled=\u00a0\u00bb0&Prime;]<\/p>\n<div class='et-box et-shadow'>\n\t\t\t\t\t<div class='et-box-content'><p style=\"text-align: center;\"><span style=\"font-size: 18pt;\"><strong>Accompagnement<\/strong><\/span><\/p>\n<p>&nbsp;<\/p>\n<p><strong><img loading=\"lazy\" decoding=\"async\" class=\" wp-image-5703 alignleft\" src=\"https:\/\/www.pedagogie.ac-nice.fr\/mathematiques\/wp-content\/uploads\/sites\/30\/2022\/10\/acad.png\" alt=\"\" width=\"165\" height=\"86\" srcset=\"https:\/\/www.pedagogie.ac-nice.fr\/mathematiques\/wp-content\/uploads\/sites\/30\/2022\/10\/acad.png 921w, https:\/\/www.pedagogie.ac-nice.fr\/mathematiques\/wp-content\/uploads\/sites\/30\/2022\/10\/acad-300x157.png 300w, https:\/\/www.pedagogie.ac-nice.fr\/mathematiques\/wp-content\/uploads\/sites\/30\/2022\/10\/acad-150x79.png 150w, https:\/\/www.pedagogie.ac-nice.fr\/mathematiques\/wp-content\/uploads\/sites\/30\/2022\/10\/acad-768x402.png 768w\" sizes=\"(max-width: 165px) 100vw, 165px\" \/>L\u2019INSEE\/PACA en collaboration avec les inspections p\u00e9dagogiques r\u00e9gionales de l\u2019acad\u00e9mie de Nice vous accompagnent sur la \u201ccomp\u00e9tition europ\u00e9enne de statistiques\u201d.<\/strong><\/p>\n<p>&nbsp;<\/p>\n<ul>\n<li>La <strong>page \u00e9duscol<\/strong> d\u00e9di\u00e9e : <a href=\"https:\/\/eduscol.education.fr\/2501\/competition-europeenne-de-statistiques\">https:\/\/eduscol.education.fr\/2501\/competition-europeenne-de-statistiques<\/a><\/li>\n<li><em><strong>Pour toute information<\/strong><\/em>, contacter Mme Clarisse FIOL <a href=\"mailto:clarisse.fiol@ac-nice.fr\">clarisse.fiol@ac-nice.fr<\/a>, IA-IPR de math\u00e9matiques, Mme GILBERT <a href=\"mailto:St\u00e9phanie.Gilbert@ac-nice.fr\">St\u00e9phanie.Gilbert@ac-nice.fr<\/a>, Charg\u00e9e de mission acad\u00e9mique EDUCFI ou Mme MOURAU <a href=\"mailto:Nelly.Simond@ac-nice.fr\">Nelly.Simond@ac-nice.fr<\/a>, professeure formatrice EDUCFI+.<\/li>\n<li><em><strong>Pr\u00e9sentation de la comp\u00e9tition:<\/strong><\/em>L&rsquo;INSEE propose de venir dans votre \u00e9tablissement pour pr\u00e9senter la comp\u00e9tition (1 classe au moins participante et les professeurs de math\u00e9matiques et\/ou Sciences \u00e9conomiques et sociales) ; si vous \u00eates int\u00e9ress\u00e9, merci de vous adresser tr\u00e8s rapidement \u00e0 Mme GILBERT ou \u00e0 Mme MOURAU.<\/li>\n<li><strong>Un formulaire d\u2019inscription<\/strong> est propos\u00e9 pour recevoir par mel les informations relatives \u00e0 la Comp\u00e9tition europ\u00e9enne de statistiques.Pour poser des questions et recevoir les informations :&nbsp;<a href=\"https:\/\/enquetes.ac-nice.fr\/index.php\/465542?lang=fr\" target=\"_blank\" rel=\"noopener\">https:\/\/enquetes.ac-nice.fr\/index.php\/465542?lang=fr<\/a><\/div><\/div><\/li>\n<\/ul>\n<p>[\/et_pb_text][\/et_pb_column][\/et_pb_row][\/et_pb_section]<\/p>\n","protected":false},"excerpt":{"rendered":"<p>Vous cherchez \u00e0 consolider la culture statistique de vos \u00e9l\u00e8ves de premi\u00e8re et de terminale ? Vous souhaitez les accompagner dans le maniement de donn\u00e9es fiables ? Constituez une ou plusieurs \u00e9quipes et inscrivez-les \u00e0 la comp\u00e9tition europ\u00e9enne de statistiques propos\u00e9e par par l\u2019Insee et Eurostat !Au fil des \u00e9preuves (QCM, analyse de donn\u00e9es, production [&hellip;]<\/p>\n","protected":false},"author":202,"featured_media":0,"comment_status":"closed","ping_status":"closed","sticky":false,"template":"","format":"standard","meta":{"_et_pb_use_builder":"on","_et_pb_old_content":"<div style=\"text-align: left;\"><p>[box]<\/p><h2 style=\"text-align: center;\"><span style=\"color: #ff9900;\"><em><span style=\"font-size: 14pt;\">- Webinaires d'accompagnement en bas de page -<br><\/span><\/em><\/span><\/h2><p style=\"text-align: center;\"><span style=\"color: #ff9900; font-size: 12pt;\"><em>Suivez les webinaires d'accompagnement par l'INSEE\/PAAC de la Comp\u00e9tition Europ\u00e9enne de Statistiques !<br><\/em><\/span><\/p><p>[\/box]<\/p><\/div><p>\u00a0<\/p><div class=\"bloc illustration\"><div class=\"image\">\u00a0<\/div><div class=\"commentaire\"><div class=\"bloc paragraphes \"><p class=\"paragraphe \"><img class=\" wp-image-7883 alignleft\" src=\"https:\/\/www.pedagogie.ac-nice.fr\/mathematiques\/wp-content\/uploads\/sites\/30\/2023\/10\/ESC_competition_europ_2023_2024.png\" alt=\"\" width=\"159\" height=\"225\">La comp\u00e9tition europ\u00e9enne de statistiques donne l\u2019occasion aux participants des \u00e9coles fran\u00e7aises de se confronter \u00e0 ceux de 19 autres pays, tout en renfor\u00e7ant leur culture statistique. Les \u00e9preuves leur permettent de :<\/p><p class=\"paragraphe \">- manier et analyser des donn\u00e9es officielles fiables<\/p><p class=\"paragraphe \">- r\u00e9viser et consolider des concepts statistiques et math\u00e9matiques<\/p><p class=\"paragraphe \">- travailler en \u00e9quipe et se pr\u00e9parer au Grand oral du baccalaur\u00e9at<\/p><p>\u00a0<\/p><\/div><\/div><\/div><pre><span style=\"font-size: 14pt;\"><strong><em><span style=\"color: #333399;\"><span style=\"font-size: 18pt;\">Un challenge qui renforce la culture statistique<\/span><\/span><\/em><\/strong><\/span><\/pre><p>\u00c0 la rencontre des math\u00e9matiques, de l\u2019\u00e9conomie et de la sociologie, la Comp\u00e9tition europ\u00e9enne de statistiques, ou ESC, am\u00e8ne ses candidats \u00e0 accro\u00eetre leur expertise dans le maniement et l\u2019analyse de donn\u00e9es chiffr\u00e9es. Les participants mesureront l\u2019enjeu soci\u00e9tal des statistiques au travers de deux \u00e9preuves disput\u00e9es en \u00e9quipe\u00a0: <strong>un QCM math\u00e9matiques<\/strong>\u00a0-\u00a0\u00e9conomie, puis <strong>l\u2019\u00e9laboration d\u2019un diaporama<\/strong> exploitant et analysant des donn\u00e9es chiffr\u00e9es tir\u00e9es d\u2019une v\u00e9ritable enqu\u00eate de l\u2019Insee.<\/p><p>La comp\u00e9tition europ\u00e9enne de statistiques constitue un levier aupr\u00e8s de nos \u00e9l\u00e8ves pour \u00e9tudier les statistiques et les analyser.\u00a0<\/p><p>C'est une comp\u00e9tition dont la th\u00e9matique s'inscrit dans les programmes de math\u00e9matiques et sciences \u00e9conomiques et sociales du lyc\u00e9e.\u00a0<\/p><p>Elle s'adresse tout particuli\u00e8rement aux <strong>\u00e9l\u00e8ves des classes de Premi\u00e8re<\/strong> en voie technologique et voie g\u00e9n\u00e9rale.<\/p><p>L'encadrement des \u00e9quipes peut \u00eatre r\u00e9alis\u00e9 par un professeur de math\u00e9matiques ou\/et un professeur de sciences \u00e9conomiques et sociales.\u00a0<\/p><p>\u00a0<\/p><pre id=\"titre-bloc-7\" class=\"bloc \"><span style=\"font-size: 18pt;\"><strong><em><span style=\"color: #333399;\">Calendrier<\/span><\/em><\/strong><\/span><\/pre><div class=\"bloc paragraphes \"><p class=\"paragraphe \"><strong>[box type=\"info\"] <span style=\"color: #333399; font-size: 14pt;\">Inscriptions\u00a0du 17 octobre au 3 d\u00e9cembre (minuit)<\/span>[\/box] <\/strong><\/p><\/div><div class=\"bloc paragraphes \"><p class=\"paragraphe \"><strong>De d\u00e9cembre 2023 \u00e0 mars 2024<\/strong>, l\u2019\u00e9tape fran\u00e7aise, compos\u00e9e de 2 \u00e9preuves s\u00e9lectives :<\/p><\/div><ul><li style=\"list-style-type: none;\"><ul style=\"list-style-type: disc;\"><li>3 QCM sur les notions cl\u00e9s, la recherche et l\u2019interpr\u00e9tation de donn\u00e9es statistiques<\/li><li>une analyse produite \u00e0 partir de l\u2019exploitation d\u2019un jeu de donn\u00e9es<\/li><\/ul><\/li><\/ul><div class=\"bloc paragraphes \"><p class=\"paragraphe \"><strong>D\u2019avril \u00e0 mai 2024<\/strong>, l\u2019\u00e9tape europ\u00e9enne :<\/p><\/div><ul><li style=\"list-style-type: none;\"><ul class=\"bloc liste\" style=\"list-style-type: disc;\"><li class=\"item\">r\u00e9alisation d\u2019une vid\u00e9o de 2 minutes sur un sujet impos\u00e9<\/li><\/ul><\/li><\/ul><pre><span style=\"font-size: 18pt;\"><strong><em><span style=\"color: #333399;\">\r\nInformations\r\n\r\n<\/span><\/em><\/strong><\/span><\/pre><p><img class=\" wp-image-7858 alignleft\" src=\"https:\/\/www.pedagogie.ac-nice.fr\/mathematiques\/wp-content\/uploads\/sites\/30\/2023\/10\/insee-1.jpg\" alt=\"\" width=\"78\" height=\"57\"><br><a class=\"moz-txt-link-freetext\" href=\"https:\/\/www.insee.fr\/fr\/information\/7673508\" target=\"_blank\" rel=\"noopener\">https:\/\/www.insee.fr\/fr\/information\/7673508<\/a><\/p><p><strong> <img class=\" wp-image-7685 alignleft\" src=\"https:\/\/www.pedagogie.ac-nice.fr\/mathematiques\/wp-content\/uploads\/sites\/30\/2023\/10\/logo_eduscol-1.jpg\" alt=\"\" width=\"116\" height=\"38\"> <\/strong><br><a class=\"moz-txt-link-freetext\" href=\"https:\/\/eduscol.education.fr\/2501\/competition-europeenne-de-statistiques\" target=\"_blank\" rel=\"noopener\">https:\/\/eduscol.education.fr\/2501\/competition-europeenne-de-statistiques<\/a>\u00a0<\/p><p>\u00a0<\/p><p style=\"text-align: left;\">[box]<\/p><p style=\"text-align: center;\"><strong><span style=\"font-size: 14pt; color: #333399;\">webinaires d'accompagnement<\/span><\/strong><\/p><p>\u00a0<\/p><p><strong><img class=\" wp-image-5703 alignleft\" src=\"https:\/\/www.pedagogie.ac-nice.fr\/mathematiques\/wp-content\/uploads\/sites\/30\/2022\/10\/acad.png\" alt=\"\" width=\"165\" height=\"86\">Pour vous accompagner, l\u2019INSEE\/PACA en collaboration avec les inspections p\u00e9dagogiques r\u00e9gionales de l\u2019acad\u00e9mie de Nice vous propose un webinaire pr\u00e9sentant la \u201ccomp\u00e9tition europ\u00e9enne de statistiques\u201d : contenus, organisation, t\u00e9moignages d\u2019enseignant,\u2026<\/strong><\/p><p><em><strong>Webinaire Mardi 7 novembre 2023 \u2013 13h \u00e0 14h :<\/strong><\/em><\/p><p><a href=\"https:\/\/insee-fr.zoom.us\/j\/98697145994?pwd=NUdkRm1uNXRBMUhSY2dyVktNV1NnZz09\" target=\"_blank\" rel=\"noopener\">https:\/\/insee-fr.zoom.us\/j\/98697145994?pwd=NUdkRm1uNXRBMUhSY2dyVktNV1NnZz09<\/a><\/p><p><em><strong>Webinaire Lundi 13 novembre 2023 \u2013 13h \u00e0 14h :<\/strong><\/em><\/p><p><a href=\"https:\/\/insee-fr.zoom.us\/j\/98697145994?pwd=NUdkRm1uNXRBMUhSY2dyVktNV1NnZz09\" target=\"_blank\" rel=\"noopener\">https:\/\/insee-fr.zoom.us\/j\/98697145994?pwd=NUdkRm1uNXRBMUhSY2dyVktNV1NnZz09<\/a><\/p><p><strong><br>Modalit\u00e9s de participation au webinaire (deux cr\u00e9neaux au choix) :<\/strong><\/p><p>-> Aucun OM ne sera d\u00e9livr\u00e9.\u00a0<\/p><p>- > La participation de l\u2019enseignant est possible sous r\u00e9serve qu\u2019il n\u2019est pas en charge d\u2019une classe sur le cr\u00e9neau ou s\u2019il est remplac\u00e9.<\/p><p><strong>Pour toute information<\/strong>, contacter Mme Clarisse FIOL clarisse.fiol@ac-nice.fr, IA-IPR de math\u00e9matiques ou Mme Nelly MOURAU , formatrice EDUCFI+ , Nelly.Simond@ac-nice.fr<\/p><p>Un formulaire d\u2019inscription est propos\u00e9 pour recevoir par mel les informations relatives \u00e0 la Comp\u00e9tition europ\u00e9enne de statistiques.<\/p><p><strong>Pour se pr\u00e9-inscrire, poser des questions et recevoir les informations :<\/strong><\/p><p><a href=\"https:\/\/enquetes.ac-nice.fr\/index.php\/465542?lang=fr\" target=\"_blank\" rel=\"noopener\">https:\/\/enquetes.ac-nice.fr\/index.php\/465542?lang=fr<\/a>[\/box]<\/p>","_et_gb_content_width":"","ngg_post_thumbnail":0,"footnotes":""},"categories":[193,1],"tags":[],"class_list":["post-7851","post","type-post","status-publish","format-standard","hentry","category-la-competition-europeenne-de-statistiques","category-non-classe","et-doesnt-have-format-content","et_post_format-et-post-format-standard"],"rttpg_featured_image_url":null,"rttpg_author":{"display_name":"admin","author_link":"https:\/\/www.pedagogie.ac-nice.fr\/mathematiques\/author\/opilorget\/"},"rttpg_comment":0,"rttpg_category":"<a href=\"https:\/\/www.pedagogie.ac-nice.fr\/mathematiques\/category\/culture-mathematique\/rallyes-et-concours\/la-competition-europeenne-de-statistiques\/\" rel=\"category tag\">La comp\u00e9tition europ\u00e9enne de statistiques<\/a> <a href=\"https:\/\/www.pedagogie.ac-nice.fr\/mathematiques\/category\/non-classe\/\" rel=\"category tag\">Non class\u00e9<\/a>","rttpg_excerpt":"Vous cherchez \u00e0 consolider la culture statistique de vos \u00e9l\u00e8ves de premi\u00e8re et de terminale ? Vous souhaitez les accompagner dans le maniement de donn\u00e9es fiables ? Constituez une ou plusieurs \u00e9quipes et inscrivez-les \u00e0 la comp\u00e9tition europ\u00e9enne de statistiques propos\u00e9e par par l\u2019Insee et Eurostat !Au fil des \u00e9preuves (QCM, analyse de donn\u00e9es, production\u2026","post_mailing_queue_ids":[],"_links":{"self":[{"href":"https:\/\/www.pedagogie.ac-nice.fr\/mathematiques\/wp-json\/wp\/v2\/posts\/7851","targetHints":{"allow":["GET"]}}],"collection":[{"href":"https:\/\/www.pedagogie.ac-nice.fr\/mathematiques\/wp-json\/wp\/v2\/posts"}],"about":[{"href":"https:\/\/www.pedagogie.ac-nice.fr\/mathematiques\/wp-json\/wp\/v2\/types\/post"}],"author":[{"embeddable":true,"href":"https:\/\/www.pedagogie.ac-nice.fr\/mathematiques\/wp-json\/wp\/v2\/users\/202"}],"replies":[{"embeddable":true,"href":"https:\/\/www.pedagogie.ac-nice.fr\/mathematiques\/wp-json\/wp\/v2\/comments?post=7851"}],"version-history":[{"count":54,"href":"https:\/\/www.pedagogie.ac-nice.fr\/mathematiques\/wp-json\/wp\/v2\/posts\/7851\/revisions"}],"predecessor-version":[{"id":10669,"href":"https:\/\/www.pedagogie.ac-nice.fr\/mathematiques\/wp-json\/wp\/v2\/posts\/7851\/revisions\/10669"}],"wp:attachment":[{"href":"https:\/\/www.pedagogie.ac-nice.fr\/mathematiques\/wp-json\/wp\/v2\/media?parent=7851"}],"wp:term":[{"taxonomy":"category","embeddable":true,"href":"https:\/\/www.pedagogie.ac-nice.fr\/mathematiques\/wp-json\/wp\/v2\/categories?post=7851"},{"taxonomy":"post_tag","embeddable":true,"href":"https:\/\/www.pedagogie.ac-nice.fr\/mathematiques\/wp-json\/wp\/v2\/tags?post=7851"}],"curies":[{"name":"wp","href":"https:\/\/api.w.org\/{rel}","templated":true}]}}