{"id":9912,"date":"2024-05-24T14:30:59","date_gmt":"2024-05-24T12:30:59","guid":{"rendered":"https:\/\/www.pedagogie.ac-nice.fr\/mathematiques\/?p=9912"},"modified":"2024-06-10T08:31:17","modified_gmt":"2024-06-10T06:31:17","slug":"le-palmares-academique-des-olympiades-2024","status":"publish","type":"post","link":"https:\/\/www.pedagogie.ac-nice.fr\/mathematiques\/le-palmares-academique-des-olympiades-2024\/","title":{"rendered":"Le palmar\u00e8s acad\u00e9mique des olympiades 2024"},"content":{"rendered":"<p>[et_pb_section fb_built=\u00a0\u00bb1&Prime; _builder_version=\u00a0\u00bb4.10.7&Prime; _module_preset=\u00a0\u00bbdefault\u00a0\u00bb global_colors_info=\u00a0\u00bb{}\u00a0\u00bb][et_pb_row column_structure=\u00a0\u00bb1_4,3_4&Prime; _builder_version=\u00a0\u00bb4.10.7&Prime; _module_preset=\u00a0\u00bbdefault\u00a0\u00bb global_colors_info=\u00a0\u00bb{}\u00a0\u00bb][et_pb_column type=\u00a0\u00bb1_4&Prime; _builder_version=\u00a0\u00bb4.10.7&Prime; _module_preset=\u00a0\u00bbdefault\u00a0\u00bb global_colors_info=\u00a0\u00bb{}\u00a0\u00bb][et_pb_image src=\u00a0\u00bbhttps:\/\/www.pedagogie.ac-nice.fr\/mathematiques\/wp-content\/uploads\/sites\/30\/2023\/12\/Olympiades2024_affiches_mathematiques-e1701862047105.jpg\u00a0\u00bb title_text=\u00a0\u00bbOlympiades2024_affiches_mathematiques\u00a0\u00bb _builder_version=\u00a0\u00bb4.10.7&Prime; _module_preset=\u00a0\u00bbdefault\u00a0\u00bb global_colors_info=\u00a0\u00bb{}\u00a0\u00bb][\/et_pb_image][\/et_pb_column][et_pb_column type=\u00a0\u00bb3_4&Prime; _builder_version=\u00a0\u00bb4.10.7&Prime; _module_preset=\u00a0\u00bbdefault\u00a0\u00bb global_colors_info=\u00a0\u00bb{}\u00a0\u00bb][et_pb_text _builder_version=\u00a0\u00bb4.10.7&Prime; _module_preset=\u00a0\u00bbdefault\u00a0\u00bb global_colors_info=\u00a0\u00bb{}\u00a0\u00bb]<\/p>\n<p>&nbsp;<\/p>\n<p><span style=\"font-size: 14pt;\">Les <strong>24\u00e8mes <\/strong><strong>Olympiades de math\u00e9matiques<\/strong> se sont d\u00e9roul\u00e9es cette ann\u00e9e le <strong>mercredi <\/strong><strong>20 <\/strong><strong>mars <\/strong><strong>2024 <\/strong>au matin.<\/span><br \/><span style=\"font-size: 14pt;\">Bravo aux plus de 800 candidats de l&rsquo;acad\u00e9mie de Nice&nbsp;!<\/span><\/p>\n<p><span style=\"font-size: 12pt;\">Toutes <strong>les informations nationales<\/strong> sont disponibles sur le portail <a href=\"https:\/\/eduscol.education.fr\/3433\/olympiades-nationales-de-mathematiques\">\u00e9duscol.<\/a><em><br \/><\/em>Les <strong>sujets<\/strong> et les <\/span><strong><span style=\"font-size: 12pt;\">corrig\u00e9s sont disponibles <a href=\"https:\/\/www.pedagogie.ac-nice.fr\/mathematiques\/les-sujets-et-corriges-des-olympiades-de-mathematiques-2024\/\" target=\"_blank\" rel=\"noopener\">ici<\/a>.<\/span><br \/><\/strong><\/p>\n<p>[\/et_pb_text][\/et_pb_column][\/et_pb_row][et_pb_row _builder_version=\u00a0\u00bb4.10.7&Prime; _module_preset=\u00a0\u00bbdefault\u00a0\u00bb global_colors_info=\u00a0\u00bb{}\u00a0\u00bb][et_pb_column type=\u00a0\u00bb4_4&Prime; _builder_version=\u00a0\u00bb4.10.7&Prime; _module_preset=\u00a0\u00bbdefault\u00a0\u00bb global_colors_info=\u00a0\u00bb{}\u00a0\u00bb][et_pb_text _builder_version=\u00a0\u00bb4.10.7&Prime; _module_preset=\u00a0\u00bbdefault\u00a0\u00bb background_color=\u00a0\u00bb#d3d3d3&Prime; custom_margin=\u00a0\u00bb||||false|false\u00a0\u00bb custom_padding=\u00a0\u00bb10px||||false|false\u00a0\u00bb global_colors_info=\u00a0\u00bb{}\u00a0\u00bb]<\/p>\n<h2 style=\"text-align: center;\"><span style=\"font-size: 18pt; color: #000080;\">Le palmar\u00e8s acad\u00e9mique<\/span><\/h2>\n<p>[\/et_pb_text][et_pb_text _builder_version=\u00a0\u00bb4.10.7&Prime; _module_preset=\u00a0\u00bbdefault\u00a0\u00bb custom_margin=\u00a0\u00bb||||false|false\u00a0\u00bb custom_padding=\u00a0\u00bb30px||||false|false\u00a0\u00bb global_colors_info=\u00a0\u00bb{}\u00a0\u00bb]<\/p>\n<p><span style=\"font-size: 12pt;\">-&gt; <a href=\"https:\/\/www.pedagogie.ac-nice.fr\/mathematiques\/wp-content\/uploads\/sites\/30\/2024\/05\/Palmares-OAM_academie-de-Nice_session-2024_alphabetique.pdf\" target=\"_blank\" rel=\"noopener\"><strong>Palmar\u00e8s acad\u00e9mique par lettre alphab\u00e9tique<\/strong><\/a> session 2024<\/span><\/p>\n<p><span style=\"font-size: 12pt;\">-&gt; <a href=\"https:\/\/www.pedagogie.ac-nice.fr\/mathematiques\/wp-content\/uploads\/sites\/30\/2024\/06\/Palmares-OAM_academie-de-Nice_session-2024.pdf\" target=\"_blank\" rel=\"noopener\"><strong>Palmar\u00e8s acad\u00e9mique au m\u00e9rite<\/strong> session 2024<\/a><br \/><\/span><\/p>\n<p><span style=\"font-size: 12pt;\">-&gt; <a href=\"https:\/\/www.pedagogie.ac-nice.fr\/mathematiques\/wp-content\/uploads\/sites\/30\/2024\/05\/Palmares-OAM_academie-de-Nice_session-2024_copies-transmises-partie-nationale-au-jury-national.pdf\"><strong>Meilleures copies s\u00e9lectionn\u00e9es sur la partie nationale de l&rsquo;\u00e9preuve par le jury acad\u00e9mique<\/strong><\/a> et transmises au jury national Session 2024<\/span><\/p>\n<p><span style=\"font-size: 12pt;\">-&gt; <a href=\"https:\/\/www.pedagogie.ac-nice.fr\/mathematiques\/wp-content\/uploads\/sites\/30\/2024\/05\/Palmares-OAM_academie-de-Nice_session-2024_copies-transmises-par-equipes-au-jury-national.pdf\"><strong>Meilleures copies des \u00e9quipes sur la partie acad\u00e9mique de l&rsquo;\u00e9preuve<\/strong><\/a> et transmises au jury national session 2024<\/span><\/p>\n<p><span style=\"font-size: 12pt;\">-&gt; <a href=\"https:\/\/www.pedagogie.ac-nice.fr\/mathematiques\/wp-content\/uploads\/sites\/30\/2024\/05\/Palmares-OAM_academie-de-Nice_session-2024_laureat-prime-au-national_V1.pdf\"><strong>Palmar\u00e8s national des laur\u00e9ats acad\u00e9miques par lettre alphab\u00e9tique<\/strong><\/a> session 2024<\/span><\/p>\n<p><span style=\"font-size: 12pt;\">-&gt; <a href=\"https:\/\/www.pedagogie.ac-nice.fr\/mathematiques\/wp-content\/uploads\/sites\/30\/2024\/06\/Palmares-OAM_academie-de-Nice_session-2024_laureat-prime-au-national_V1_merite.pdf\" target=\"_blank\" rel=\"noopener\"><strong>Palmar\u00e8s national des laur\u00e9ats acad\u00e9miques au m\u00e9rite<\/strong><\/a> session 2024 <br \/><\/span><\/p>\n<p>[\/et_pb_text][\/et_pb_column][\/et_pb_row][et_pb_row column_structure=\u00a0\u00bb1_3,1_3,1_3&Prime; _builder_version=\u00a0\u00bb4.10.7&Prime; _module_preset=\u00a0\u00bbdefault\u00a0\u00bb global_colors_info=\u00a0\u00bb{}\u00a0\u00bb][et_pb_column type=\u00a0\u00bb1_3&Prime; _builder_version=\u00a0\u00bb4.10.7&Prime; _module_preset=\u00a0\u00bbdefault\u00a0\u00bb global_colors_info=\u00a0\u00bb{}\u00a0\u00bb][\/et_pb_column][et_pb_column type=\u00a0\u00bb1_3&Prime; _builder_version=\u00a0\u00bb4.10.7&Prime; _module_preset=\u00a0\u00bbdefault\u00a0\u00bb global_colors_info=\u00a0\u00bb{}\u00a0\u00bb][et_pb_image src=\u00a0\u00bbhttps:\/\/www.pedagogie.ac-nice.fr\/mathematiques\/wp-content\/uploads\/sites\/30\/2024\/05\/images.png\u00a0\u00bb title_text=\u00a0\u00bbimages\u00a0\u00bb _builder_version=\u00a0\u00bb4.10.7&Prime; _module_preset=\u00a0\u00bbdefault\u00a0\u00bb width=\u00a0\u00bb80%\u00a0\u00bb global_colors_info=\u00a0\u00bb{}\u00a0\u00bb][\/et_pb_image][\/et_pb_column][et_pb_column type=\u00a0\u00bb1_3&Prime; _builder_version=\u00a0\u00bb4.10.7&Prime; _module_preset=\u00a0\u00bbdefault\u00a0\u00bb global_colors_info=\u00a0\u00bb{}\u00a0\u00bb][\/et_pb_column][\/et_pb_row][et_pb_row _builder_version=\u00a0\u00bb4.10.7&Prime; _module_preset=\u00a0\u00bbdefault\u00a0\u00bb global_colors_info=\u00a0\u00bb{}\u00a0\u00bb][et_pb_column type=\u00a0\u00bb4_4&Prime; _builder_version=\u00a0\u00bb4.10.7&Prime; _module_preset=\u00a0\u00bbdefault\u00a0\u00bb global_colors_info=\u00a0\u00bb{}\u00a0\u00bb][et_pb_image src=\u00a0\u00bbhttps:\/\/www.pedagogie.ac-nice.fr\/mathematiques\/wp-content\/uploads\/sites\/30\/2023\/12\/Sans-titre-3.jpg\u00a0\u00bb title_text=\u00a0\u00bbSans titre 3&Prime; _builder_version=\u00a0\u00bb4.10.7&Prime; _module_preset=\u00a0\u00bbdefault\u00a0\u00bb global_colors_info=\u00a0\u00bb{}\u00a0\u00bb][\/et_pb_image][\/et_pb_column][\/et_pb_row][\/et_pb_section]<\/p>\n","protected":false},"excerpt":{"rendered":"<p>&nbsp; Les 24\u00e8mes Olympiades de math\u00e9matiques se sont d\u00e9roul\u00e9es cette ann\u00e9e le mercredi 20 mars 2024 au matin.Bravo aux plus de 800 candidats de l&rsquo;acad\u00e9mie de Nice&nbsp;! Toutes les informations nationales sont disponibles sur le portail \u00e9duscol.Les sujets et les corrig\u00e9s sont disponibles ici.Le palmar\u00e8s acad\u00e9mique-&gt; Palmar\u00e8s acad\u00e9mique par lettre alphab\u00e9tique session 2024 -&gt; Palmar\u00e8s [&hellip;]<\/p>\n","protected":false},"author":202,"featured_media":0,"comment_status":"closed","ping_status":"closed","sticky":false,"template":"","format":"standard","meta":{"_et_pb_use_builder":"on","_et_pb_old_content":"","_et_gb_content_width":"","ngg_post_thumbnail":0,"footnotes":""},"categories":[1,157],"tags":[],"class_list":["post-9912","post","type-post","status-publish","format-standard","hentry","category-non-classe","category-olympiades","et-doesnt-have-format-content","et_post_format-et-post-format-standard"],"rttpg_featured_image_url":null,"rttpg_author":{"display_name":"admin","author_link":"https:\/\/www.pedagogie.ac-nice.fr\/mathematiques\/author\/opilorget\/"},"rttpg_comment":0,"rttpg_category":"<a href=\"https:\/\/www.pedagogie.ac-nice.fr\/mathematiques\/category\/non-classe\/\" rel=\"category tag\">Non class\u00e9<\/a> <a href=\"https:\/\/www.pedagogie.ac-nice.fr\/mathematiques\/category\/culture-mathematique\/rallyes-et-concours\/olympiades\/\" rel=\"category tag\">Olympiades<\/a>","rttpg_excerpt":"&nbsp; Les 24\u00e8mes Olympiades de math\u00e9matiques se sont d\u00e9roul\u00e9es cette ann\u00e9e le mercredi 20 mars 2024 au matin.Bravo aux plus de 800 candidats de l'acad\u00e9mie de Nice&nbsp;! Toutes les informations nationales sont disponibles sur le portail \u00e9duscol.Les sujets et les corrig\u00e9s sont disponibles ici.Le palmar\u00e8s acad\u00e9mique-&gt; Palmar\u00e8s acad\u00e9mique par lettre alphab\u00e9tique session 2024 -&gt; Palmar\u00e8s\u2026","post_mailing_queue_ids":[],"_links":{"self":[{"href":"https:\/\/www.pedagogie.ac-nice.fr\/mathematiques\/wp-json\/wp\/v2\/posts\/9912","targetHints":{"allow":["GET"]}}],"collection":[{"href":"https:\/\/www.pedagogie.ac-nice.fr\/mathematiques\/wp-json\/wp\/v2\/posts"}],"about":[{"href":"https:\/\/www.pedagogie.ac-nice.fr\/mathematiques\/wp-json\/wp\/v2\/types\/post"}],"author":[{"embeddable":true,"href":"https:\/\/www.pedagogie.ac-nice.fr\/mathematiques\/wp-json\/wp\/v2\/users\/202"}],"replies":[{"embeddable":true,"href":"https:\/\/www.pedagogie.ac-nice.fr\/mathematiques\/wp-json\/wp\/v2\/comments?post=9912"}],"version-history":[{"count":27,"href":"https:\/\/www.pedagogie.ac-nice.fr\/mathematiques\/wp-json\/wp\/v2\/posts\/9912\/revisions"}],"predecessor-version":[{"id":12539,"href":"https:\/\/www.pedagogie.ac-nice.fr\/mathematiques\/wp-json\/wp\/v2\/posts\/9912\/revisions\/12539"}],"wp:attachment":[{"href":"https:\/\/www.pedagogie.ac-nice.fr\/mathematiques\/wp-json\/wp\/v2\/media?parent=9912"}],"wp:term":[{"taxonomy":"category","embeddable":true,"href":"https:\/\/www.pedagogie.ac-nice.fr\/mathematiques\/wp-json\/wp\/v2\/categories?post=9912"},{"taxonomy":"post_tag","embeddable":true,"href":"https:\/\/www.pedagogie.ac-nice.fr\/mathematiques\/wp-json\/wp\/v2\/tags?post=9912"}],"curies":[{"name":"wp","href":"https:\/\/api.w.org\/{rel}","templated":true}]}}