{"id":250,"date":"2014-09-19T23:32:13","date_gmt":"2014-09-19T21:32:13","guid":{"rendered":"http:\/\/www.ac-nice.fr\/philo\/?p=250"},"modified":"2014-09-19T23:32:13","modified_gmt":"2014-09-19T21:32:13","slug":"stages-2014-2015","status":"publish","type":"post","link":"https:\/\/www.pedagogie.ac-nice.fr\/philo\/2014\/09\/19\/stages-2014-2015\/","title":{"rendered":"Stages Acad\u00e9mie de Nice 2014-2015"},"content":{"rendered":"<h3 style=\"text-align: left\"><span id=\"OBJ_PREFIX_DWT253_com_zimbra_url\" class=\"Object\"><span style=\"color: #ff9900\">1\/ Informations et inscriptions<\/span> : <\/span><\/h3>\n<p style=\"text-align: left\"><span id=\"OBJ_PREFIX_DWT253_com_zimbra_url\" class=\"Object\"><a href=\"http:\/\/www2.ac-nice.fr\/cid67189\/plan-academique-de-formation.html#Inscription\" target=\"_blank\">http:\/\/www2.ac-nice.fr\/cid67189\/plan-academique-de-formation.html#Inscription<\/a><\/span><\/p>\n<p><!--more Lire la suite --><\/p>\n<div style=\"text-align: left\">\n<h3><span style=\"color: #ff9900\">2\/ Identifiants<\/span> des stages de philosophie propos\u00e9s cette ann\u00e9e :<\/h3>\n<div><\/div>\n<div>\n<p><a name=\"haut\"><\/a><\/p>\n<div>. 14A0230290 (module 29676):<\/div>\n<div>Pr\u00e9paration \u00e0 l&rsquo;agr\u00e9gation interne (programme du concours 2015 : le langage, le r\u00e9el) : novembre-d\u00e9cembre.<\/div>\n<div><\/div>\n<\/div>\n<p>&nbsp;<\/p>\n<\/div>\n<div style=\"text-align: left\">. 14A0230216 (module 29440):<\/div>\n<div style=\"text-align: left\">\u00c9tude des lettres d&rsquo;\u00c9picure (une journ\u00e9e en mars).<\/div>\n<p>&nbsp;<\/p>\n<div style=\"text-align: left\"><\/div>\n<div style=\"text-align: left\">. 14A0230141 (module 29209) : Stage interdisciplinaire SVT\/philosophie (<a title=\"Stage SVT-Philosophie\" href=\"http:\/\/www.ac-nice.fr\/philo\/?p=257\">Voir le descriptif<\/a>)<\/div>\n<div style=\"text-align: left\"><\/div>\n","protected":false},"excerpt":{"rendered":"<p>1\/ Informations et inscriptions : http:\/\/www2.ac-nice.fr\/cid67189\/plan-academique-de-formation.html#Inscription<\/p>\n","protected":false},"author":136,"featured_media":0,"comment_status":"closed","ping_status":"closed","sticky":false,"template":"","format":"standard","meta":{"ngg_post_thumbnail":0,"footnotes":""},"categories":[22],"tags":[],"class_list":["post-250","post","type-post","status-publish","format-standard","hentry","category-stages"],"rttpg_featured_image_url":null,"rttpg_author":{"display_name":"li\u00e9geois","author_link":"https:\/\/www.pedagogie.ac-nice.fr\/philo\/author\/liegois\/"},"rttpg_comment":0,"rttpg_category":"<a href=\"https:\/\/www.pedagogie.ac-nice.fr\/philo\/category\/actus\/stages\/\" rel=\"category tag\">Stages<\/a>","rttpg_excerpt":"1\/ Informations et inscriptions : http:\/\/www2.ac-nice.fr\/cid67189\/plan-academique-de-formation.html#Inscription","post_mailing_queue_ids":[],"_links":{"self":[{"href":"https:\/\/www.pedagogie.ac-nice.fr\/philo\/wp-json\/wp\/v2\/posts\/250","targetHints":{"allow":["GET"]}}],"collection":[{"href":"https:\/\/www.pedagogie.ac-nice.fr\/philo\/wp-json\/wp\/v2\/posts"}],"about":[{"href":"https:\/\/www.pedagogie.ac-nice.fr\/philo\/wp-json\/wp\/v2\/types\/post"}],"author":[{"embeddable":true,"href":"https:\/\/www.pedagogie.ac-nice.fr\/philo\/wp-json\/wp\/v2\/users\/136"}],"replies":[{"embeddable":true,"href":"https:\/\/www.pedagogie.ac-nice.fr\/philo\/wp-json\/wp\/v2\/comments?post=250"}],"version-history":[{"count":0,"href":"https:\/\/www.pedagogie.ac-nice.fr\/philo\/wp-json\/wp\/v2\/posts\/250\/revisions"}],"wp:attachment":[{"href":"https:\/\/www.pedagogie.ac-nice.fr\/philo\/wp-json\/wp\/v2\/media?parent=250"}],"wp:term":[{"taxonomy":"category","embeddable":true,"href":"https:\/\/www.pedagogie.ac-nice.fr\/philo\/wp-json\/wp\/v2\/categories?post=250"},{"taxonomy":"post_tag","embeddable":true,"href":"https:\/\/www.pedagogie.ac-nice.fr\/philo\/wp-json\/wp\/v2\/tags?post=250"}],"curies":[{"name":"wp","href":"https:\/\/api.w.org\/{rel}","templated":true}]}}