{"id":392,"date":"2014-11-10T18:29:19","date_gmt":"2014-11-10T16:29:19","guid":{"rendered":"http:\/\/www.ac-nice.fr\/philo\/?p=392"},"modified":"2014-11-10T18:29:19","modified_gmt":"2014-11-10T16:29:19","slug":"rapports-des-jurys-des-capes","status":"publish","type":"post","link":"https:\/\/www.pedagogie.ac-nice.fr\/philo\/2014\/11\/10\/rapports-des-jurys-des-capes\/","title":{"rendered":"Rapports des jurys des CAPES"},"content":{"rendered":"<h5>Voici les liens des <span style=\"color: #ff9900\">rapports des jurys des CAPES<\/span><\/h5>\n<p>Interne et R\u00e9serv\u00e9 de la session 2014 :<\/p>\n<div class=\"\"><span class=\"\">Pour l&rsquo;interne :<\/span><\/div>\n<div class=\"\"><a href=\"http:\/\/cache.media.education.gouv.fr\/file\/capes_int\/98\/7\/philo_361987.pdf\">LIEN 1<\/a><\/div>\n<div class=\"\"><span class=\"\"> Pour le r\u00e9serv\u00e9 :<\/span><\/div>\n<div class=\"\"><a href=\"http:\/\/cache.media.education.gouv.fr\/file\/reserve\/01\/4\/philo_362014.pdf\">LIEN 2<\/a><\/div>\n<div class=\"\"><span class=\"\"> <br class=\"\" \/><\/span><\/div>\n<div class=\"\">Bonne lecture<\/div>\n<p><span style=\"font-family: Default Sans Serif,Verdana,Arial,Helvetica,sans-serif;font-size: small\">\u00a0<\/span><\/p>\n","protected":false},"excerpt":{"rendered":"<p>Voici les liens des rapports des jurys des CAPES Interne et R\u00e9serv\u00e9 de la session 2014 : Pour l&rsquo;interne : LIEN 1 Pour le r\u00e9serv\u00e9 : LIEN 2 Bonne lecture \u00a0<\/p>\n","protected":false},"author":136,"featured_media":0,"comment_status":"closed","ping_status":"closed","sticky":false,"template":"","format":"standard","meta":{"ngg_post_thumbnail":0,"footnotes":""},"categories":[2,29],"tags":[],"class_list":["post-392","post","type-post","status-publish","format-standard","hentry","category-actus","category-c-a-p-e-s"],"rttpg_featured_image_url":null,"rttpg_author":{"display_name":"li\u00e9geois","author_link":"https:\/\/www.pedagogie.ac-nice.fr\/philo\/author\/liegois\/"},"rttpg_comment":0,"rttpg_category":"<a href=\"https:\/\/www.pedagogie.ac-nice.fr\/philo\/category\/actus\/\" rel=\"category tag\">Actualit\u00e9s<\/a> <a href=\"https:\/\/www.pedagogie.ac-nice.fr\/philo\/category\/concours\/c-a-p-e-s\/\" rel=\"category tag\">C.A.P.E.S.<\/a>","rttpg_excerpt":"Voici les liens des rapports des jurys des CAPES Interne et R\u00e9serv\u00e9 de la session 2014 : Pour l&rsquo;interne : LIEN 1 Pour le r\u00e9serv\u00e9 : LIEN 2 Bonne lecture \u00a0","post_mailing_queue_ids":[],"_links":{"self":[{"href":"https:\/\/www.pedagogie.ac-nice.fr\/philo\/wp-json\/wp\/v2\/posts\/392","targetHints":{"allow":["GET"]}}],"collection":[{"href":"https:\/\/www.pedagogie.ac-nice.fr\/philo\/wp-json\/wp\/v2\/posts"}],"about":[{"href":"https:\/\/www.pedagogie.ac-nice.fr\/philo\/wp-json\/wp\/v2\/types\/post"}],"author":[{"embeddable":true,"href":"https:\/\/www.pedagogie.ac-nice.fr\/philo\/wp-json\/wp\/v2\/users\/136"}],"replies":[{"embeddable":true,"href":"https:\/\/www.pedagogie.ac-nice.fr\/philo\/wp-json\/wp\/v2\/comments?post=392"}],"version-history":[{"count":0,"href":"https:\/\/www.pedagogie.ac-nice.fr\/philo\/wp-json\/wp\/v2\/posts\/392\/revisions"}],"wp:attachment":[{"href":"https:\/\/www.pedagogie.ac-nice.fr\/philo\/wp-json\/wp\/v2\/media?parent=392"}],"wp:term":[{"taxonomy":"category","embeddable":true,"href":"https:\/\/www.pedagogie.ac-nice.fr\/philo\/wp-json\/wp\/v2\/categories?post=392"},{"taxonomy":"post_tag","embeddable":true,"href":"https:\/\/www.pedagogie.ac-nice.fr\/philo\/wp-json\/wp\/v2\/tags?post=392"}],"curies":[{"name":"wp","href":"https:\/\/api.w.org\/{rel}","templated":true}]}}