{"id":399,"date":"2014-11-17T17:45:21","date_gmt":"2014-11-17T15:45:21","guid":{"rendered":"http:\/\/www.ac-nice.fr\/philo\/?p=399"},"modified":"2014-11-17T17:45:21","modified_gmt":"2014-11-17T15:45:21","slug":"agregation-interne-formations","status":"publish","type":"post","link":"https:\/\/www.pedagogie.ac-nice.fr\/philo\/2014\/11\/17\/agregation-interne-formations\/","title":{"rendered":"Agr\u00e9gation interne &#8211; Formations"},"content":{"rendered":"<p><span style=\"color: #ff9900\">Journ\u00e9es de formation \u00e0 l\u2019agr\u00e9gation interne<\/span><br \/>\n<span style=\"color: #ff9900\">organis\u00e9e par le Rectorat de Nice <\/span><br \/>\n<span style=\"color: #ff9900\">et le D\u00e9partement de philosophie de l\u2019Universit\u00e9 Nice Sophia-Antipolis <\/span><br \/>\n<span style=\"color: #ff9900\">dans le cadre du Plan Acad\u00e9mique de Formation<\/span><\/p>\n<hr \/>\n<p><!--more Lire la suite --><\/p>\n<p><span style=\"color: #ff6600\">Journ\u00e9e n\u00b01 : Le r\u00e9el \u2013 mardi 25 novembre 2014, 9h-17h<\/span><\/p>\n<p style=\"text-align: left\">Lieu : lyc\u00e9e Albert Calmette (5 Avenue du Mar\u00e9chal Foch, 06000 Nice)<\/p>\n<p style=\"text-align: left\">9h-10h\u00a0 : <em>Elsa GRASSO\u00a0<\/em> (Ma\u00eetre de conf\u00e9rences, D\u00e9partement de philosophie de l\u2019Universit\u00e9 de Nice-Sophia Antipolis)<br \/>\nLe r\u00e9el dans la pens\u00e9e antique : \u00eatre, choses, r\u00e9alit\u00e9<\/p>\n<p style=\"text-align: left\">10h-11h\u00a0 :<em> Herv\u00e9 PASQUA<\/em>\u00a0 (CRHI, UNS)<br \/>\nLa probl\u00e9matique de l\u2019ens reale au Moyen \u00c2ge<\/p>\n<p style=\"text-align: left\">11h-12h\u00a0 : <em>Jean-Fran\u00e7ois LAVIGNE<\/em>\u00a0 (Professeur, D\u00e9partement de philosophie de l\u2019UNS)<br \/>\nId\u00e9alit\u00e9 intentionnelle et effectivit\u00e9<\/p>\n<p style=\"text-align: left\">14h-15h\u00a0 : <em>Nad\u00e8ge GOLDSTEIN<\/em>\u00a0 (Professeur de CPGE, Lyc\u00e9e Mass\u00e9na de Nice)<br \/>\nQue savons-nous des choses?<\/p>\n<p style=\"text-align: left\">15h-16h\u00a0 : <em>Carole TALON-HUGON<\/em>\u00a0 (Professeur, D\u00e9partement de philosophie de l\u2019UNS, IUF)<br \/>\nL&rsquo;ontologie des \u0153uvres d&rsquo;art<\/p>\n<p style=\"text-align: left\">16h-17h\u00a0 : <em>S\u00e9bastien POINAT<\/em>\u00a0 (Ma\u00eetre de conf\u00e9rences, ESPE de l\u2019UNS)<br \/>\nQuel r\u00e9el pour la m\u00e9canique quantique ?<\/p>\n<p style=\"text-align: center\"><span style=\"color: #ff6600\">Journ\u00e9e n\u00b02 : Le langage \u2013 mardi 16 d\u00e9cembre 2014, 9h-17h<\/span><\/p>\n<p style=\"text-align: left\">Lieu : lyc\u00e9e Albert Calmette (5 Avenue du Mar\u00e9chal Foch, 06000 Nice)<\/p>\n<p style=\"text-align: left\">9h-10h30\u00a0 : <em>Elsa GRASSO<\/em> (Ma\u00eetre de conf\u00e9rences, D\u00e9partement de philosophie de l\u2019Universit\u00e9 de Nice-Sophia Antipolis)<br \/>\nDire les choses. Le logos dans les Dialogues de Platon, Du Cratyle au Sophiste<\/p>\n<p style=\"text-align: left\">10h30-12h\u00a0 : <em>Jean-Fran\u00e7ois LAVIGNE\u00a0<\/em> (Professeur, D\u00e9partement de philosophie de l\u2019UNS)<br \/>\nIntentionnalit\u00e9, sens et signification<\/p>\n<p style=\"text-align: left\">14h-15h30\u00a0 : <em>Jean-Luc GAUTERO\u00a0<\/em> (Ma\u00eetre de conf\u00e9rences, D\u00e9partement de philosophie de l\u2019UNS)<br \/>\nLe langage chez Wittgenstein<\/p>\n<p style=\"text-align: left\">15h30-17h\u00a0 : <em>Nad\u00e8ge GOLDSTEIN\u00a0<\/em> (Professeur de CPGE, Lyc\u00e9e Mass\u00e9na de Nice)<br \/>\nY a-t-il un langage de l&rsquo;art?<\/p>\n","protected":false},"excerpt":{"rendered":"<p>Journ\u00e9es de formation \u00e0 l\u2019agr\u00e9gation interne organis\u00e9e par le Rectorat de Nice et le D\u00e9partement de philosophie de l\u2019Universit\u00e9 Nice Sophia-Antipolis dans le cadre du Plan Acad\u00e9mique de Formation<\/p>\n","protected":false},"author":136,"featured_media":0,"comment_status":"closed","ping_status":"closed","sticky":false,"template":"","format":"standard","meta":{"ngg_post_thumbnail":0,"footnotes":""},"categories":[2,26],"tags":[],"class_list":["post-399","post","type-post","status-publish","format-standard","hentry","category-actus","category-agregation-interne"],"rttpg_featured_image_url":null,"rttpg_author":{"display_name":"li\u00e9geois","author_link":"https:\/\/www.pedagogie.ac-nice.fr\/philo\/author\/liegois\/"},"rttpg_comment":0,"rttpg_category":"<a href=\"https:\/\/www.pedagogie.ac-nice.fr\/philo\/category\/actus\/\" rel=\"category tag\">Actualit\u00e9s<\/a> <a href=\"https:\/\/www.pedagogie.ac-nice.fr\/philo\/category\/concours\/agregation-interne\/\" rel=\"category tag\">Agr\u00e9gation interne<\/a>","rttpg_excerpt":"Journ\u00e9es de formation \u00e0 l\u2019agr\u00e9gation interne organis\u00e9e par le Rectorat de Nice et le D\u00e9partement de philosophie de l\u2019Universit\u00e9 Nice Sophia-Antipolis dans le cadre du Plan Acad\u00e9mique de Formation","post_mailing_queue_ids":[],"_links":{"self":[{"href":"https:\/\/www.pedagogie.ac-nice.fr\/philo\/wp-json\/wp\/v2\/posts\/399","targetHints":{"allow":["GET"]}}],"collection":[{"href":"https:\/\/www.pedagogie.ac-nice.fr\/philo\/wp-json\/wp\/v2\/posts"}],"about":[{"href":"https:\/\/www.pedagogie.ac-nice.fr\/philo\/wp-json\/wp\/v2\/types\/post"}],"author":[{"embeddable":true,"href":"https:\/\/www.pedagogie.ac-nice.fr\/philo\/wp-json\/wp\/v2\/users\/136"}],"replies":[{"embeddable":true,"href":"https:\/\/www.pedagogie.ac-nice.fr\/philo\/wp-json\/wp\/v2\/comments?post=399"}],"version-history":[{"count":0,"href":"https:\/\/www.pedagogie.ac-nice.fr\/philo\/wp-json\/wp\/v2\/posts\/399\/revisions"}],"wp:attachment":[{"href":"https:\/\/www.pedagogie.ac-nice.fr\/philo\/wp-json\/wp\/v2\/media?parent=399"}],"wp:term":[{"taxonomy":"category","embeddable":true,"href":"https:\/\/www.pedagogie.ac-nice.fr\/philo\/wp-json\/wp\/v2\/categories?post=399"},{"taxonomy":"post_tag","embeddable":true,"href":"https:\/\/www.pedagogie.ac-nice.fr\/philo\/wp-json\/wp\/v2\/tags?post=399"}],"curies":[{"name":"wp","href":"https:\/\/api.w.org\/{rel}","templated":true}]}}