{"id":665,"date":"2016-01-19T12:01:53","date_gmt":"2016-01-19T10:01:53","guid":{"rendered":"http:\/\/www.ac-nice.fr\/philo\/?p=665"},"modified":"2016-01-19T12:01:53","modified_gmt":"2016-01-19T10:01:53","slug":"agenda-du-centre-de-recherches-en-histoire-des-idees-crhi","status":"publish","type":"post","link":"https:\/\/www.pedagogie.ac-nice.fr\/philo\/2016\/01\/19\/agenda-du-centre-de-recherches-en-histoire-des-idees-crhi\/","title":{"rendered":"Agenda du \u00ab\u00a0Centre de Recherches en Histoire des Id\u00e9es\u00a0\u00bb (CRHI)"},"content":{"rendered":"<h4><span style=\"color: #ff6600\"><strong>Dates des s\u00e9minaires et conf\u00e9rences du \u00ab\u00a0Centre de Recherches en Histoire des Id\u00e9es\u00a0\u00bb (CRHI)<\/strong><\/span><\/h4>\n<h5><strong><span style=\"text-decoration: underline\">Premier trimestre 2016<\/span><br \/>\n<\/strong><\/h5>\n<h6><!--more--><\/h6>\n<h6><span style=\"color: #000000\">Mercredi 20 janvier 2016 &#8211; Journ\u00e9e d&rsquo;\u00e9tude : La politique, le droit<\/span><\/h6>\n<h6><span style=\"color: #000000\">Jeudi 21 janvier 2016 &#8211; S\u00e9minaire de philosophie m\u00e9di\u00e9vale (5)<\/span><\/h6>\n<h6><span style=\"color: #000000\">Jeudi 21 janvier 2016 &#8211; La critique du droit politique de Hegel &#8211; A. Tosel<\/span><\/h6>\n<h6><span style=\"color: #000000\">Vendredi 22 janvier 2016 &#8211; Journ\u00e9e d&rsquo;\u00e9tudes sur Spinoza<\/span><\/h6>\n<h6><span style=\"color: #000000\">Mercredi 27 janvier 2016 &#8211; S\u00e9minaire jeunes chercheurs &#8211; B. Cochard et M. Goetzmann<\/span><\/h6>\n<h6><span style=\"color: #000000\">Jeudi 28 et vendredi 29 janvier 2016 &#8211; Jean-Fran\u00e7ois Matt\u00e9i, au-del\u00e0 de la barbarie<\/span><\/h6>\n<h6><span style=\"color: #000000\">Mardi 2 f\u00e9vrier 2016 &#8211; Pour une compr\u00e9hension philosophique de l&rsquo;amour &#8211; M. Vet\u00f6<\/span><\/h6>\n<h6><span style=\"color: #000000\">Jeudi 4 f\u00e9vrier 2016 &#8211; S\u00e9minaire de philosophie m\u00e9di\u00e9vale (6)<\/span><\/h6>\n<h6><span style=\"color: #000000\">Jeudi 4 f\u00e9vrier 2016 &#8211; La question juive &#8211; J. Ozog<\/span><\/h6>\n<h6><span style=\"color: #000000\">Jeudi 11 f\u00e9vrier 2016 &#8211; S\u00e9minaire de philosophie m\u00e9di\u00e9vale (7)<\/span><\/h6>\n<h6><span style=\"color: #000000\">Jeudi 18 f\u00e9vrier 2016 &#8211; Les th\u00e8ses sur Feuerbach &#8211; A. Tosel<\/span><\/h6>\n<h6><span style=\"color: #000000\">Mardi 23 f\u00e9vrier 2016 &#8211; Conf\u00e9rence d&rsquo;esth\u00e9tique du mus\u00e9e Chagall &#8211; Itzhak Goldberg<\/span><\/h6>\n<h6><span style=\"color: #000000\">Mercredi 24 f\u00e9vrier 2016 &#8211; C. Andr\u00e9<\/span><\/h6>\n<h6><span style=\"color: #000000\">Lundi 29 f\u00e9vrier et mardi 1er mars 2016 &#8211; D\u00e9modernisation : perspectives et approches<\/span><\/h6>\n<h6>Mardi 1er Mars 2016 &#8211; Qu&rsquo;est-ce que cela fait d&rsquo;\u00eatre un homme? &#8211; G. Jean<\/h6>\n<h6>Mardi 1er mars 2016 &#8211; Conf\u00e9rences d&rsquo;esth\u00e9tiques du mus\u00e9e Chagall &#8211; Evelyne Toussaint<\/h6>\n<h6>Jeudi 3 mars 2016 &#8211; S\u00e9minaire de philosophie m\u00e9di\u00e9vale (8)<\/h6>\n<h6>Jeudi 3 mars 2016 &#8211; Les Manuscrits de 1844 &#8211; A. Monville<\/h6>\n<h6>Jeudi 10 mars 2016 &#8211; S\u00e9minaire de philosophie m\u00e9di\u00e9vale (9)<\/h6>\n<h6>Jeudi 17 mars 2016 &#8211; S\u00e9minaire de philosophie m\u00e9di\u00e9vale (10)<\/h6>\n<h6>Mercredi 23 mars 2016 &#8211; E. Germano<\/h6>\n<h6>Jeudi 31 mars 2016 &#8211; L&rsquo;id\u00e9ologie allemande &#8211; J. Quetier<\/h6>\n<p>&nbsp;<\/p>\n<p>Informations d\u00e9taill\u00e9es sur : <a href=\"http:\/\/crhi-unice.fr\/agenda\">http:\/\/crhi-unice.fr\/agenda<\/a><\/p>\n","protected":false},"excerpt":{"rendered":"<p>Dates des s\u00e9minaires et conf\u00e9rences du \u00ab\u00a0Centre de Recherches en Histoire des Id\u00e9es\u00a0\u00bb (CRHI) Premier trimestre 2016<\/p>\n","protected":false},"author":137,"featured_media":0,"comment_status":"closed","ping_status":"closed","sticky":false,"template":"","format":"standard","meta":{"ngg_post_thumbnail":0,"footnotes":""},"categories":[2,7],"tags":[],"class_list":["post-665","post","type-post","status-publish","format-standard","hentry","category-actus","category-infos"],"rttpg_featured_image_url":null,"rttpg_author":{"display_name":"Darmon","author_link":"https:\/\/www.pedagogie.ac-nice.fr\/philo\/author\/darmon\/"},"rttpg_comment":0,"rttpg_category":"<a href=\"https:\/\/www.pedagogie.ac-nice.fr\/philo\/category\/actus\/\" rel=\"category tag\">Actualit\u00e9s<\/a> <a href=\"https:\/\/www.pedagogie.ac-nice.fr\/philo\/category\/actus\/infos\/\" rel=\"category tag\">Infos<\/a>","rttpg_excerpt":"Dates des s\u00e9minaires et conf\u00e9rences du \u00ab\u00a0Centre de Recherches en Histoire des Id\u00e9es\u00a0\u00bb (CRHI) Premier trimestre 2016","post_mailing_queue_ids":[],"_links":{"self":[{"href":"https:\/\/www.pedagogie.ac-nice.fr\/philo\/wp-json\/wp\/v2\/posts\/665","targetHints":{"allow":["GET"]}}],"collection":[{"href":"https:\/\/www.pedagogie.ac-nice.fr\/philo\/wp-json\/wp\/v2\/posts"}],"about":[{"href":"https:\/\/www.pedagogie.ac-nice.fr\/philo\/wp-json\/wp\/v2\/types\/post"}],"author":[{"embeddable":true,"href":"https:\/\/www.pedagogie.ac-nice.fr\/philo\/wp-json\/wp\/v2\/users\/137"}],"replies":[{"embeddable":true,"href":"https:\/\/www.pedagogie.ac-nice.fr\/philo\/wp-json\/wp\/v2\/comments?post=665"}],"version-history":[{"count":0,"href":"https:\/\/www.pedagogie.ac-nice.fr\/philo\/wp-json\/wp\/v2\/posts\/665\/revisions"}],"wp:attachment":[{"href":"https:\/\/www.pedagogie.ac-nice.fr\/philo\/wp-json\/wp\/v2\/media?parent=665"}],"wp:term":[{"taxonomy":"category","embeddable":true,"href":"https:\/\/www.pedagogie.ac-nice.fr\/philo\/wp-json\/wp\/v2\/categories?post=665"},{"taxonomy":"post_tag","embeddable":true,"href":"https:\/\/www.pedagogie.ac-nice.fr\/philo\/wp-json\/wp\/v2\/tags?post=665"}],"curies":[{"name":"wp","href":"https:\/\/api.w.org\/{rel}","templated":true}]}}