{"id":1527,"date":"2020-07-31T16:46:48","date_gmt":"2020-07-31T14:46:48","guid":{"rendered":"https:\/\/www.pedagogie.ac-nice.fr\/physique\/?p=1527"},"modified":"2026-02-16T22:38:43","modified_gmt":"2026-02-16T21:38:43","slug":"reglementation-de-lexamen-a-la-rentree-2021","status":"publish","type":"post","link":"https:\/\/www.pedagogie.ac-nice.fr\/physique\/reglementation-de-lexamen-a-la-rentree-2021\/","title":{"rendered":"Epreuves sp\u00e9cifique de contr\u00f4le continu \u00e0 compter de la session 2021"},"content":{"rendered":"<h2><span style=\"color: #1b86b5;\"><a style=\"color: #1b86b5;\" title=\"\" href=\"https:\/\/www.education.gouv.fr\/bo\/20\/Special7\/MENE2019306N.htm\" target=\"_blank\" rel=\"noopener noreferrer\">La note de service du 23-7-2020<\/a><\/span><\/h2>\n<p>d\u00e9finit les modalit\u00e9s d&rsquo;organisation de l&rsquo;\u00e9valuation sp\u00e9cifique de contr\u00f4le continu pour les candidats scolaris\u00e9s en section europ\u00e9enne ou section de langue orientale (Selo) et pour ceux pr\u00e9sentant une discipline non linguistique ayant fait l&rsquo;objet d&rsquo;un enseignement en langue vivante (DNL). Elle pr\u00e9cise les conditions dans lesquelles doivent \u00eatre appliqu\u00e9es, pour leur organisation, les dispositions de l&rsquo;arr\u00eat\u00e9 du 20 d\u00e9cembre 2018 relatif aux conditions d&rsquo;attribution de l&rsquo;indication section europ\u00e9enne ou section de langue orientale (Selo) et de l&rsquo;indication discipline non linguistique ayant fait l&rsquo;objet d&rsquo;un enseignement en langue vivante (DNL) sur les dipl\u00f4mes du baccalaur\u00e9at g\u00e9n\u00e9ral et du baccalaur\u00e9at technologique.<\/p>\n<p>Elle entre en application \u00e0 compter de la session 2021 de l&rsquo;examen. \u00c0 compter du 1er septembre 2020, elle abroge et remplace la note de service n\u00b0 2003-192 du 5 novembre 2003 parue au BOEN n\u00b0 42 du 13 novembre 2003.<\/p>\n<p><span style=\"font-size: 14pt;\"><strong><span style=\"color: #1b86b5;\"><a class=\"title-bo-detail\" style=\"color: #1b86b5;\" title=\"\" href=\"https:\/\/www.education.gouv.fr\/bo\/20\/Special7\/MENE2019306N.htm\" target=\"_blank\" rel=\"noopener noreferrer\">Baccalaur\u00e9at g\u00e9n\u00e9ral et baccalaur\u00e9at technologique<\/a><\/span><\/strong><\/span><\/p>\n<p>\u00c9valuation sp\u00e9cifique de contr\u00f4le continu organis\u00e9e pour les candidats aux baccalaur\u00e9ats g\u00e9n\u00e9ral et technologique scolaris\u00e9s dans les sections europ\u00e9ennes ou de langues orientales et pour les candidats pr\u00e9sentant une discipline non linguistique ayant fait l&rsquo;objet d&rsquo;un enseignement en langue vivante \u00e0 compter de la session 2021<\/p>\n<p>Note de service du 23-7-2020 (<span style=\"color: #1b86b5;\"><a class=\"title-bo-detail\" style=\"color: #1b86b5;\" title=\"\" href=\"https:\/\/www.education.gouv.fr\/bo\/20\/Special7\/MENE2019306N.htm\" target=\"_blank\" rel=\"noopener noreferrer\">NOR : MENE2019306N<\/a><\/span>)<\/p>\n","protected":false},"excerpt":{"rendered":"<p>La note de service du 23-7-2020 d\u00e9finit les modalit\u00e9s d&rsquo;organisation de l&rsquo;\u00e9valuation sp\u00e9cifique de contr\u00f4le continu pour les candidats scolaris\u00e9s en section europ\u00e9enne ou section de langue orientale (Selo) et pour ceux pr\u00e9sentant une discipline non linguistique ayant fait l&rsquo;objet d&rsquo;un enseignement en langue vivante (DNL). Elle pr\u00e9cise les conditions dans lesquelles doivent \u00eatre appliqu\u00e9es, [&hellip;]<\/p>\n","protected":false},"author":154,"featured_media":0,"comment_status":"closed","ping_status":"closed","sticky":false,"template":"","format":"standard","meta":{"_et_pb_use_builder":"","_et_pb_old_content":"","_et_gb_content_width":"","ngg_post_thumbnail":0,"footnotes":""},"categories":[74],"tags":[],"class_list":["post-1527","post","type-post","status-publish","format-standard","hentry","category-dnl","et-doesnt-have-format-content","et_post_format-et-post-format-standard"],"rttpg_featured_image_url":null,"rttpg_author":{"display_name":"jcamponovo","author_link":"https:\/\/www.pedagogie.ac-nice.fr\/physique\/author\/jcamponovo\/"},"rttpg_comment":0,"rttpg_category":"<a href=\"https:\/\/www.pedagogie.ac-nice.fr\/physique\/category\/dnl\/\" rel=\"category tag\">DNL<\/a>","rttpg_excerpt":"La note de service du 23-7-2020 d\u00e9finit les modalit\u00e9s d&rsquo;organisation de l&rsquo;\u00e9valuation sp\u00e9cifique de contr\u00f4le continu pour les candidats scolaris\u00e9s en section europ\u00e9enne ou section de langue orientale (Selo) et pour ceux pr\u00e9sentant une discipline non linguistique ayant fait l&rsquo;objet d&rsquo;un enseignement en langue vivante (DNL). Elle pr\u00e9cise les conditions dans lesquelles doivent \u00eatre appliqu\u00e9es,\u2026","post_mailing_queue_ids":[],"_links":{"self":[{"href":"https:\/\/www.pedagogie.ac-nice.fr\/physique\/wp-json\/wp\/v2\/posts\/1527","targetHints":{"allow":["GET"]}}],"collection":[{"href":"https:\/\/www.pedagogie.ac-nice.fr\/physique\/wp-json\/wp\/v2\/posts"}],"about":[{"href":"https:\/\/www.pedagogie.ac-nice.fr\/physique\/wp-json\/wp\/v2\/types\/post"}],"author":[{"embeddable":true,"href":"https:\/\/www.pedagogie.ac-nice.fr\/physique\/wp-json\/wp\/v2\/users\/154"}],"replies":[{"embeddable":true,"href":"https:\/\/www.pedagogie.ac-nice.fr\/physique\/wp-json\/wp\/v2\/comments?post=1527"}],"version-history":[{"count":3,"href":"https:\/\/www.pedagogie.ac-nice.fr\/physique\/wp-json\/wp\/v2\/posts\/1527\/revisions"}],"predecessor-version":[{"id":2510,"href":"https:\/\/www.pedagogie.ac-nice.fr\/physique\/wp-json\/wp\/v2\/posts\/1527\/revisions\/2510"}],"wp:attachment":[{"href":"https:\/\/www.pedagogie.ac-nice.fr\/physique\/wp-json\/wp\/v2\/media?parent=1527"}],"wp:term":[{"taxonomy":"category","embeddable":true,"href":"https:\/\/www.pedagogie.ac-nice.fr\/physique\/wp-json\/wp\/v2\/categories?post=1527"},{"taxonomy":"post_tag","embeddable":true,"href":"https:\/\/www.pedagogie.ac-nice.fr\/physique\/wp-json\/wp\/v2\/tags?post=1527"}],"curies":[{"name":"wp","href":"https:\/\/api.w.org\/{rel}","templated":true}]}}