{"id":3088,"date":"2023-03-15T23:05:59","date_gmt":"2023-03-15T22:05:59","guid":{"rendered":"https:\/\/www.pedagogie.ac-nice.fr\/physique\/?p=3088"},"modified":"2026-01-17T22:28:53","modified_gmt":"2026-01-17T21:28:53","slug":"stage-cern-appel-a-candidatures","status":"publish","type":"post","link":"https:\/\/www.pedagogie.ac-nice.fr\/physique\/stage-cern-appel-a-candidatures\/","title":{"rendered":"Stage CERN : appel \u00e0 candidatures"},"content":{"rendered":"<p>Ch\u00e8res et chers ci\u00c0 l&rsquo;automne 2023, le dispositif minist\u00e9riel \u00ab Sciences \u00e0 l\u2019\u00c9cole \u00bb, en partenariat avec l\u2019IN2P3 (Institut National de Physique Nucl\u00e9aire et de Physique des Particules du CNRS) et le CERN, proposera \u00e0 plusieurs dizaines d\u2019enseignants fran\u00e7ais de suivre un stage d\u2019une semaine au CERN sur la physique des particules (les cours seront dispens\u00e9s en fran\u00e7ais).<\/p>\n<p>Au cours des ann\u00e9es pass\u00e9es, les professeurs qui ont particip\u00e9 \u00e0 ce stage ont unanimement soulign\u00e9 sa grande qualit\u00e9.<\/p>\n<p>Les professeurs seront s\u00e9lectionn\u00e9s sur dossier, en r\u00e9ponse \u00e0 un appel \u00e0 candidatures,<a href=\"https:\/\/www.pedagogie.ac-nice.fr\/physique\/wp-content\/uploads\/sites\/23\/2023\/03\/candidature_cern_2023.pdf\" class=\"pdfemb-viewer\" style=\"\" data-width=\"max\" data-height=\"max\" data-toolbar=\"bottom\" data-toolbar-fixed=\"off\">candidature_cern_2023<\/a> joint \u00e0 cet article. Ce document est d\u2019ores et d\u00e9j\u00e0 en ligne sur le site de \u00ab Sciences \u00e0 l&rsquo;\u00c9cole \u00bb : <a href=\"https:\/\/www.sciencesalecole.org\/\">https:\/\/www.sciencesalecole.org\/<\/a> .<\/p>\n<p>Les dossiers de candidature doivent \u00eatre envoy\u00e9s par voie \u00e9lectronique \u00e0 \u00ab Sciences \u00e0 l&rsquo;\u00c9cole \u00bb avant le 7 avril 2023L<\/p>\n","protected":false},"excerpt":{"rendered":"<p>Ch\u00e8res et chers ci\u00c0 l&rsquo;automne 2023, le dispositif minist\u00e9riel \u00ab Sciences \u00e0 l\u2019\u00c9cole \u00bb, en partenariat avec l\u2019IN2P3 (Institut National de Physique Nucl\u00e9aire et de Physique des Particules du CNRS) et le CERN, proposera \u00e0 plusieurs dizaines d\u2019enseignants fran\u00e7ais de suivre un stage d\u2019une semaine au CERN sur la physique des particules (les cours seront [&hellip;]<\/p>\n","protected":false},"author":139,"featured_media":3090,"comment_status":"closed","ping_status":"closed","sticky":false,"template":"","format":"standard","meta":{"_et_pb_use_builder":"","_et_pb_old_content":"","_et_gb_content_width":"","ngg_post_thumbnail":0,"footnotes":""},"categories":[1],"tags":[],"class_list":["post-3088","post","type-post","status-publish","format-standard","has-post-thumbnail","hentry","category-non-classe","et-has-post-format-content","et_post_format-et-post-format-standard"],"rttpg_featured_image_url":{"full":["https:\/\/www.pedagogie.ac-nice.fr\/physique\/wp-content\/uploads\/sites\/23\/2023\/03\/vern.jpeg",150,150,false],"landscape":["https:\/\/www.pedagogie.ac-nice.fr\/physique\/wp-content\/uploads\/sites\/23\/2023\/03\/vern.jpeg",150,150,false],"portraits":["https:\/\/www.pedagogie.ac-nice.fr\/physique\/wp-content\/uploads\/sites\/23\/2023\/03\/vern.jpeg",150,150,false],"thumbnail":["https:\/\/www.pedagogie.ac-nice.fr\/physique\/wp-content\/uploads\/sites\/23\/2023\/03\/vern.jpeg",150,150,false],"medium":["https:\/\/www.pedagogie.ac-nice.fr\/physique\/wp-content\/uploads\/sites\/23\/2023\/03\/vern.jpeg",150,150,false],"large":["https:\/\/www.pedagogie.ac-nice.fr\/physique\/wp-content\/uploads\/sites\/23\/2023\/03\/vern.jpeg",150,150,false],"1536x1536":["https:\/\/www.pedagogie.ac-nice.fr\/physique\/wp-content\/uploads\/sites\/23\/2023\/03\/vern.jpeg",150,150,false],"2048x2048":["https:\/\/www.pedagogie.ac-nice.fr\/physique\/wp-content\/uploads\/sites\/23\/2023\/03\/vern.jpeg",150,150,false],"et-builder-post-main-image":["https:\/\/www.pedagogie.ac-nice.fr\/physique\/wp-content\/uploads\/sites\/23\/2023\/03\/vern.jpeg",150,150,false],"et-builder-post-main-image-fullwidth":["https:\/\/www.pedagogie.ac-nice.fr\/physique\/wp-content\/uploads\/sites\/23\/2023\/03\/vern.jpeg",150,150,false],"et-builder-portfolio-image":["https:\/\/www.pedagogie.ac-nice.fr\/physique\/wp-content\/uploads\/sites\/23\/2023\/03\/vern.jpeg",150,150,false],"et-builder-portfolio-image-single":["https:\/\/www.pedagogie.ac-nice.fr\/physique\/wp-content\/uploads\/sites\/23\/2023\/03\/vern.jpeg",150,150,false],"et-builder-gallery-image-portrait":["https:\/\/www.pedagogie.ac-nice.fr\/physique\/wp-content\/uploads\/sites\/23\/2023\/03\/vern.jpeg",150,150,false],"extra-image-huge":["https:\/\/www.pedagogie.ac-nice.fr\/physique\/wp-content\/uploads\/sites\/23\/2023\/03\/vern.jpeg",150,150,false],"extra-image-single-post":["https:\/\/www.pedagogie.ac-nice.fr\/physique\/wp-content\/uploads\/sites\/23\/2023\/03\/vern.jpeg",150,150,false],"extra-image-medium":["https:\/\/www.pedagogie.ac-nice.fr\/physique\/wp-content\/uploads\/sites\/23\/2023\/03\/vern.jpeg",150,150,false],"extra-image-small":["https:\/\/www.pedagogie.ac-nice.fr\/physique\/wp-content\/uploads\/sites\/23\/2023\/03\/vern.jpeg",150,150,false],"extra-image-square-medium":["https:\/\/www.pedagogie.ac-nice.fr\/physique\/wp-content\/uploads\/sites\/23\/2023\/03\/vern.jpeg",150,150,false],"extra-image-square-small":["https:\/\/www.pedagogie.ac-nice.fr\/physique\/wp-content\/uploads\/sites\/23\/2023\/03\/vern.jpeg",150,150,false],"mailpoet_newsletter_max":["https:\/\/www.pedagogie.ac-nice.fr\/physique\/wp-content\/uploads\/sites\/23\/2023\/03\/vern.jpeg",150,150,false],"advps-thumb-one":["https:\/\/www.pedagogie.ac-nice.fr\/physique\/wp-content\/uploads\/sites\/23\/2023\/03\/vern.jpeg",150,150,false]},"rttpg_author":{"display_name":"Yves Castel","author_link":"https:\/\/www.pedagogie.ac-nice.fr\/physique\/author\/castel\/"},"rttpg_comment":0,"rttpg_category":"<a href=\"https:\/\/www.pedagogie.ac-nice.fr\/physique\/category\/non-classe\/\" rel=\"category tag\">Non class\u00e9<\/a>","rttpg_excerpt":"Ch\u00e8res et chers ci\u00c0 l&rsquo;automne 2023, le dispositif minist\u00e9riel \u00ab Sciences \u00e0 l\u2019\u00c9cole \u00bb, en partenariat avec l\u2019IN2P3 (Institut National de Physique Nucl\u00e9aire et de Physique des Particules du CNRS) et le CERN, proposera \u00e0 plusieurs dizaines d\u2019enseignants fran\u00e7ais de suivre un stage d\u2019une semaine au CERN sur la physique des particules (les cours seront\u2026","post_mailing_queue_ids":[],"_links":{"self":[{"href":"https:\/\/www.pedagogie.ac-nice.fr\/physique\/wp-json\/wp\/v2\/posts\/3088","targetHints":{"allow":["GET"]}}],"collection":[{"href":"https:\/\/www.pedagogie.ac-nice.fr\/physique\/wp-json\/wp\/v2\/posts"}],"about":[{"href":"https:\/\/www.pedagogie.ac-nice.fr\/physique\/wp-json\/wp\/v2\/types\/post"}],"author":[{"embeddable":true,"href":"https:\/\/www.pedagogie.ac-nice.fr\/physique\/wp-json\/wp\/v2\/users\/139"}],"replies":[{"embeddable":true,"href":"https:\/\/www.pedagogie.ac-nice.fr\/physique\/wp-json\/wp\/v2\/comments?post=3088"}],"version-history":[{"count":1,"href":"https:\/\/www.pedagogie.ac-nice.fr\/physique\/wp-json\/wp\/v2\/posts\/3088\/revisions"}],"predecessor-version":[{"id":3091,"href":"https:\/\/www.pedagogie.ac-nice.fr\/physique\/wp-json\/wp\/v2\/posts\/3088\/revisions\/3091"}],"wp:featuredmedia":[{"embeddable":true,"href":"https:\/\/www.pedagogie.ac-nice.fr\/physique\/wp-json\/wp\/v2\/media\/3090"}],"wp:attachment":[{"href":"https:\/\/www.pedagogie.ac-nice.fr\/physique\/wp-json\/wp\/v2\/media?parent=3088"}],"wp:term":[{"taxonomy":"category","embeddable":true,"href":"https:\/\/www.pedagogie.ac-nice.fr\/physique\/wp-json\/wp\/v2\/categories?post=3088"},{"taxonomy":"post_tag","embeddable":true,"href":"https:\/\/www.pedagogie.ac-nice.fr\/physique\/wp-json\/wp\/v2\/tags?post=3088"}],"curies":[{"name":"wp","href":"https:\/\/api.w.org\/{rel}","templated":true}]}}