{"id":3104,"date":"2023-09-02T22:41:30","date_gmt":"2023-09-02T20:41:30","guid":{"rendered":"https:\/\/www.pedagogie.ac-nice.fr\/physique\/?p=3104"},"modified":"2026-02-21T11:32:46","modified_gmt":"2026-02-21T10:32:46","slug":"programme-de-sciences-et-technologie-du-cycle-3","status":"publish","type":"post","link":"https:\/\/www.pedagogie.ac-nice.fr\/physique\/programme-de-sciences-et-technologie-du-cycle-3\/","title":{"rendered":"Programme de sciences et technologie du cycle 3"},"content":{"rendered":"<p><span style=\"font-family: arial, helvetica, sans-serif; font-size: 14pt;\"><img loading=\"lazy\" decoding=\"async\" class=\"size-medium wp-image-3105 aligncenter\" src=\"https:\/\/www.pedagogie.ac-nice.fr\/physique\/wp-content\/uploads\/sites\/23\/2023\/09\/banniere-eduscol-1680x36066-enseigner-cycle3-png-962-99-kb-689-300x64.png\" alt=\"\" width=\"300\" height=\"64\" srcset=\"https:\/\/www.pedagogie.ac-nice.fr\/physique\/wp-content\/uploads\/sites\/23\/2023\/09\/banniere-eduscol-1680x36066-enseigner-cycle3-png-962-99-kb-689-300x64.png 300w, https:\/\/www.pedagogie.ac-nice.fr\/physique\/wp-content\/uploads\/sites\/23\/2023\/09\/banniere-eduscol-1680x36066-enseigner-cycle3-png-962-99-kb-689-1024x219.png 1024w, https:\/\/www.pedagogie.ac-nice.fr\/physique\/wp-content\/uploads\/sites\/23\/2023\/09\/banniere-eduscol-1680x36066-enseigner-cycle3-png-962-99-kb-689-768x165.png 768w, https:\/\/www.pedagogie.ac-nice.fr\/physique\/wp-content\/uploads\/sites\/23\/2023\/09\/banniere-eduscol-1680x36066-enseigner-cycle3-png-962-99-kb-689-1536x329.png 1536w, https:\/\/www.pedagogie.ac-nice.fr\/physique\/wp-content\/uploads\/sites\/23\/2023\/09\/banniere-eduscol-1680x36066-enseigner-cycle3-png-962-99-kb-689-1080x231.png 1080w, https:\/\/www.pedagogie.ac-nice.fr\/physique\/wp-content\/uploads\/sites\/23\/2023\/09\/banniere-eduscol-1680x36066-enseigner-cycle3-png-962-99-kb-689-1320x283.png 1320w, https:\/\/www.pedagogie.ac-nice.fr\/physique\/wp-content\/uploads\/sites\/23\/2023\/09\/banniere-eduscol-1680x36066-enseigner-cycle3-png-962-99-kb-689.png 1680w\" sizes=\"(max-width: 300px) 100vw, 300px\" \/><\/span><\/p>\n<p><span style=\"font-family: arial, helvetica, sans-serif; font-size: 14pt;\">Le programme de sciences et technologie du cycle 3 a \u00e9t\u00e9 publi\u00e9 le 15 juin 2023 :<\/span><\/p>\n<p><span style=\"color: #2271b1; font-family: arial, helvetica, sans-serif; font-size: 14pt;\"><a style=\"color: #2271b1;\" href=\"https:\/\/www.education.gouv.fr\/bo\/2023\/Hebdo25\/MENE2314101A\" target=\"_blank\" rel=\"noopener\">https:\/\/www.education.gouv.fr\/bo\/2023\/Hebdo25\/MENE2314101A<\/a><\/span><\/p>\n<p>&nbsp;<\/p>\n<p>&nbsp;<\/p>\n","protected":false},"excerpt":{"rendered":"<p>Le programme de sciences et technologie du cycle 3 a \u00e9t\u00e9 publi\u00e9 le 15 juin 2023 : https:\/\/www.education.gouv.fr\/bo\/2023\/Hebdo25\/MENE2314101A &nbsp; &nbsp;<\/p>\n","protected":false},"author":139,"featured_media":3105,"comment_status":"closed","ping_status":"closed","sticky":false,"template":"","format":"standard","meta":{"_et_pb_use_builder":"","_et_pb_old_content":"","_et_gb_content_width":"","ngg_post_thumbnail":0,"footnotes":""},"categories":[34],"tags":[],"class_list":["post-3104","post","type-post","status-publish","format-standard","has-post-thumbnail","hentry","category-cycle3","et-has-post-format-content","et_post_format-et-post-format-standard"],"rttpg_featured_image_url":{"full":["https:\/\/www.pedagogie.ac-nice.fr\/physique\/wp-content\/uploads\/sites\/23\/2023\/09\/banniere-eduscol-1680x36066-enseigner-cycle3-png-962-99-kb-689.png",1680,360,false],"landscape":["https:\/\/www.pedagogie.ac-nice.fr\/physique\/wp-content\/uploads\/sites\/23\/2023\/09\/banniere-eduscol-1680x36066-enseigner-cycle3-png-962-99-kb-689.png",1680,360,false],"portraits":["https:\/\/www.pedagogie.ac-nice.fr\/physique\/wp-content\/uploads\/sites\/23\/2023\/09\/banniere-eduscol-1680x36066-enseigner-cycle3-png-962-99-kb-689.png",1680,360,false],"thumbnail":["https:\/\/www.pedagogie.ac-nice.fr\/physique\/wp-content\/uploads\/sites\/23\/2023\/09\/banniere-eduscol-1680x36066-enseigner-cycle3-png-962-99-kb-689-150x150.png",150,150,true],"medium":["https:\/\/www.pedagogie.ac-nice.fr\/physique\/wp-content\/uploads\/sites\/23\/2023\/09\/banniere-eduscol-1680x36066-enseigner-cycle3-png-962-99-kb-689-300x64.png",300,64,true],"large":["https:\/\/www.pedagogie.ac-nice.fr\/physique\/wp-content\/uploads\/sites\/23\/2023\/09\/banniere-eduscol-1680x36066-enseigner-cycle3-png-962-99-kb-689-1024x219.png",1024,219,true],"1536x1536":["https:\/\/www.pedagogie.ac-nice.fr\/physique\/wp-content\/uploads\/sites\/23\/2023\/09\/banniere-eduscol-1680x36066-enseigner-cycle3-png-962-99-kb-689-1536x329.png",1536,329,true],"2048x2048":["https:\/\/www.pedagogie.ac-nice.fr\/physique\/wp-content\/uploads\/sites\/23\/2023\/09\/banniere-eduscol-1680x36066-enseigner-cycle3-png-962-99-kb-689.png",1680,360,false],"et-builder-post-main-image":["https:\/\/www.pedagogie.ac-nice.fr\/physique\/wp-content\/uploads\/sites\/23\/2023\/09\/banniere-eduscol-1680x36066-enseigner-cycle3-png-962-99-kb-689-400x250.png",400,250,true],"et-builder-post-main-image-fullwidth":["https:\/\/www.pedagogie.ac-nice.fr\/physique\/wp-content\/uploads\/sites\/23\/2023\/09\/banniere-eduscol-1680x36066-enseigner-cycle3-png-962-99-kb-689-1080x360.png",1080,360,true],"et-builder-portfolio-image":["https:\/\/www.pedagogie.ac-nice.fr\/physique\/wp-content\/uploads\/sites\/23\/2023\/09\/banniere-eduscol-1680x36066-enseigner-cycle3-png-962-99-kb-689-400x284.png",400,284,true],"et-builder-portfolio-image-single":["https:\/\/www.pedagogie.ac-nice.fr\/physique\/wp-content\/uploads\/sites\/23\/2023\/09\/banniere-eduscol-1680x36066-enseigner-cycle3-png-962-99-kb-689-1080x231.png",1080,231,true],"et-builder-gallery-image-portrait":["https:\/\/www.pedagogie.ac-nice.fr\/physique\/wp-content\/uploads\/sites\/23\/2023\/09\/banniere-eduscol-1680x36066-enseigner-cycle3-png-962-99-kb-689-400x360.png",400,360,true],"extra-image-huge":["https:\/\/www.pedagogie.ac-nice.fr\/physique\/wp-content\/uploads\/sites\/23\/2023\/09\/banniere-eduscol-1680x36066-enseigner-cycle3-png-962-99-kb-689-1280x360.png",1280,360,true],"extra-image-single-post":["https:\/\/www.pedagogie.ac-nice.fr\/physique\/wp-content\/uploads\/sites\/23\/2023\/09\/banniere-eduscol-1680x36066-enseigner-cycle3-png-962-99-kb-689-1280x360.png",1280,360,true],"extra-image-medium":["https:\/\/www.pedagogie.ac-nice.fr\/physique\/wp-content\/uploads\/sites\/23\/2023\/09\/banniere-eduscol-1680x36066-enseigner-cycle3-png-962-99-kb-689-627x360.png",627,360,true],"extra-image-small":["https:\/\/www.pedagogie.ac-nice.fr\/physique\/wp-content\/uploads\/sites\/23\/2023\/09\/banniere-eduscol-1680x36066-enseigner-cycle3-png-962-99-kb-689-440x264.png",440,264,true],"extra-image-square-medium":["https:\/\/www.pedagogie.ac-nice.fr\/physique\/wp-content\/uploads\/sites\/23\/2023\/09\/banniere-eduscol-1680x36066-enseigner-cycle3-png-962-99-kb-689-440x360.png",440,360,true],"extra-image-square-small":["https:\/\/www.pedagogie.ac-nice.fr\/physique\/wp-content\/uploads\/sites\/23\/2023\/09\/banniere-eduscol-1680x36066-enseigner-cycle3-png-962-99-kb-689-150x150.png",150,150,true],"mailpoet_newsletter_max":["https:\/\/www.pedagogie.ac-nice.fr\/physique\/wp-content\/uploads\/sites\/23\/2023\/09\/banniere-eduscol-1680x36066-enseigner-cycle3-png-962-99-kb-689-1320x283.png",1320,283,true],"advps-thumb-one":["https:\/\/www.pedagogie.ac-nice.fr\/physique\/wp-content\/uploads\/sites\/23\/2023\/09\/banniere-eduscol-1680x36066-enseigner-cycle3-png-962-99-kb-689-600x220.png",600,220,true]},"rttpg_author":{"display_name":"Yves Castel","author_link":"https:\/\/www.pedagogie.ac-nice.fr\/physique\/author\/castel\/"},"rttpg_comment":0,"rttpg_category":"<a href=\"https:\/\/www.pedagogie.ac-nice.fr\/physique\/category\/ressources-pedagogiques\/par-niveau\/cycle3\/\" rel=\"category tag\">Cycle3<\/a>","rttpg_excerpt":"Le programme de sciences et technologie du cycle 3 a \u00e9t\u00e9 publi\u00e9 le 15 juin 2023 : https:\/\/www.education.gouv.fr\/bo\/2023\/Hebdo25\/MENE2314101A &nbsp; &nbsp;","post_mailing_queue_ids":[],"_links":{"self":[{"href":"https:\/\/www.pedagogie.ac-nice.fr\/physique\/wp-json\/wp\/v2\/posts\/3104","targetHints":{"allow":["GET"]}}],"collection":[{"href":"https:\/\/www.pedagogie.ac-nice.fr\/physique\/wp-json\/wp\/v2\/posts"}],"about":[{"href":"https:\/\/www.pedagogie.ac-nice.fr\/physique\/wp-json\/wp\/v2\/types\/post"}],"author":[{"embeddable":true,"href":"https:\/\/www.pedagogie.ac-nice.fr\/physique\/wp-json\/wp\/v2\/users\/139"}],"replies":[{"embeddable":true,"href":"https:\/\/www.pedagogie.ac-nice.fr\/physique\/wp-json\/wp\/v2\/comments?post=3104"}],"version-history":[{"count":4,"href":"https:\/\/www.pedagogie.ac-nice.fr\/physique\/wp-json\/wp\/v2\/posts\/3104\/revisions"}],"predecessor-version":[{"id":4250,"href":"https:\/\/www.pedagogie.ac-nice.fr\/physique\/wp-json\/wp\/v2\/posts\/3104\/revisions\/4250"}],"wp:featuredmedia":[{"embeddable":true,"href":"https:\/\/www.pedagogie.ac-nice.fr\/physique\/wp-json\/wp\/v2\/media\/3105"}],"wp:attachment":[{"href":"https:\/\/www.pedagogie.ac-nice.fr\/physique\/wp-json\/wp\/v2\/media?parent=3104"}],"wp:term":[{"taxonomy":"category","embeddable":true,"href":"https:\/\/www.pedagogie.ac-nice.fr\/physique\/wp-json\/wp\/v2\/categories?post=3104"},{"taxonomy":"post_tag","embeddable":true,"href":"https:\/\/www.pedagogie.ac-nice.fr\/physique\/wp-json\/wp\/v2\/tags?post=3104"}],"curies":[{"name":"wp","href":"https:\/\/api.w.org\/{rel}","templated":true}]}}