{"id":3107,"date":"2023-09-02T22:48:38","date_gmt":"2023-09-02T20:48:38","guid":{"rendered":"https:\/\/www.pedagogie.ac-nice.fr\/physique\/?p=3107"},"modified":"2026-01-17T22:28:08","modified_gmt":"2026-01-17T21:28:08","slug":"2023-2024-est-lannee-de-la-physique","status":"publish","type":"post","link":"https:\/\/www.pedagogie.ac-nice.fr\/physique\/2023-2024-est-lannee-de-la-physique\/","title":{"rendered":"2023-2024 est \u00ab l\u2019ann\u00e9e de la Physique \u00bb"},"content":{"rendered":"<h2><span style=\"color: #2271b1;\">2023-2024 est \u00ab l\u2019ann\u00e9e de la Physique \u00bb<\/span><\/h2>\n<p>Le Minist\u00e8re de l&rsquo;\u00c9ducation Nationale et de la Jeunesse, le CEA, le CNRS, France Universit\u00e9s et la Soci\u00e9t\u00e9 Fran\u00e7aise de Physique consacrent l&rsquo;ann\u00e9e scolaire\u00a0<b>2023-2024<\/b>\u00a0\u00e0 la physique \u00e0 travers l&rsquo;Ann\u00e9e de la physique.<\/p>\n<h4>De nombreux dispositifs de m\u00e9diation scientifique<\/h4>\n<div class=\"elementor-element elementor-element-04ac6d5 elementor-widget elementor-widget-text-editor\" data-element_type=\"widget\" data-id=\"04ac6d5\" data-widget_type=\"text-editor.default\">\n<div class=\"elementor-widget-container\">\n<p class=\"text-justify\">L\u2019Ann\u00e9e de la physique prend forme tout au long de l\u2019ann\u00e9e scolaire 2023-2024 sur l\u2019ensemble du territoire \u00e0 travers de nombreux dispositifs de m\u00e9diation scientifique \u00e0 destination du milieu scolaire, ainsi que du grand public.<\/p>\n<p>Lien vers le site du CNRS : <span style=\"color: #2271b1;\"><a style=\"color: #2271b1;\" href=\"https:\/\/anneedelaphysique.cnrs.fr\/\" target=\"_blank\" rel=\"noopener\">https:\/\/anneedelaphysique.cnrs.fr\/<\/a><\/span><\/p>\n<\/div>\n<\/div>\n","protected":false},"excerpt":{"rendered":"<p>2023-2024 est \u00ab l\u2019ann\u00e9e de la Physique \u00bb Le Minist\u00e8re de l&rsquo;\u00c9ducation Nationale et de la Jeunesse, le CEA, le CNRS, France Universit\u00e9s et la Soci\u00e9t\u00e9 Fran\u00e7aise de Physique consacrent l&rsquo;ann\u00e9e scolaire\u00a02023-2024\u00a0\u00e0 la physique \u00e0 travers l&rsquo;Ann\u00e9e de la physique. De nombreux dispositifs de m\u00e9diation scientifique L\u2019Ann\u00e9e de la physique prend forme tout au long [&hellip;]<\/p>\n","protected":false},"author":139,"featured_media":3108,"comment_status":"closed","ping_status":"closed","sticky":false,"template":"","format":"standard","meta":{"_et_pb_use_builder":"","_et_pb_old_content":"","_et_gb_content_width":"","ngg_post_thumbnail":0,"footnotes":""},"categories":[1],"tags":[],"class_list":["post-3107","post","type-post","status-publish","format-standard","has-post-thumbnail","hentry","category-non-classe","et-has-post-format-content","et_post_format-et-post-format-standard"],"rttpg_featured_image_url":{"full":["https:\/\/www.pedagogie.ac-nice.fr\/physique\/wp-content\/uploads\/sites\/23\/2023\/09\/anne-physique.png",492,319,false],"landscape":["https:\/\/www.pedagogie.ac-nice.fr\/physique\/wp-content\/uploads\/sites\/23\/2023\/09\/anne-physique.png",492,319,false],"portraits":["https:\/\/www.pedagogie.ac-nice.fr\/physique\/wp-content\/uploads\/sites\/23\/2023\/09\/anne-physique.png",492,319,false],"thumbnail":["https:\/\/www.pedagogie.ac-nice.fr\/physique\/wp-content\/uploads\/sites\/23\/2023\/09\/anne-physique-150x150.png",150,150,true],"medium":["https:\/\/www.pedagogie.ac-nice.fr\/physique\/wp-content\/uploads\/sites\/23\/2023\/09\/anne-physique-300x195.png",300,195,true],"large":["https:\/\/www.pedagogie.ac-nice.fr\/physique\/wp-content\/uploads\/sites\/23\/2023\/09\/anne-physique.png",492,319,false],"1536x1536":["https:\/\/www.pedagogie.ac-nice.fr\/physique\/wp-content\/uploads\/sites\/23\/2023\/09\/anne-physique.png",492,319,false],"2048x2048":["https:\/\/www.pedagogie.ac-nice.fr\/physique\/wp-content\/uploads\/sites\/23\/2023\/09\/anne-physique.png",492,319,false],"et-builder-post-main-image":["https:\/\/www.pedagogie.ac-nice.fr\/physique\/wp-content\/uploads\/sites\/23\/2023\/09\/anne-physique-400x250.png",400,250,true],"et-builder-post-main-image-fullwidth":["https:\/\/www.pedagogie.ac-nice.fr\/physique\/wp-content\/uploads\/sites\/23\/2023\/09\/anne-physique.png",492,319,false],"et-builder-portfolio-image":["https:\/\/www.pedagogie.ac-nice.fr\/physique\/wp-content\/uploads\/sites\/23\/2023\/09\/anne-physique-400x284.png",400,284,true],"et-builder-portfolio-image-single":["https:\/\/www.pedagogie.ac-nice.fr\/physique\/wp-content\/uploads\/sites\/23\/2023\/09\/anne-physique.png",492,319,false],"et-builder-gallery-image-portrait":["https:\/\/www.pedagogie.ac-nice.fr\/physique\/wp-content\/uploads\/sites\/23\/2023\/09\/anne-physique-400x319.png",400,319,true],"extra-image-huge":["https:\/\/www.pedagogie.ac-nice.fr\/physique\/wp-content\/uploads\/sites\/23\/2023\/09\/anne-physique.png",492,319,false],"extra-image-single-post":["https:\/\/www.pedagogie.ac-nice.fr\/physique\/wp-content\/uploads\/sites\/23\/2023\/09\/anne-physique.png",492,319,false],"extra-image-medium":["https:\/\/www.pedagogie.ac-nice.fr\/physique\/wp-content\/uploads\/sites\/23\/2023\/09\/anne-physique.png",492,319,false],"extra-image-small":["https:\/\/www.pedagogie.ac-nice.fr\/physique\/wp-content\/uploads\/sites\/23\/2023\/09\/anne-physique-440x264.png",440,264,true],"extra-image-square-medium":["https:\/\/www.pedagogie.ac-nice.fr\/physique\/wp-content\/uploads\/sites\/23\/2023\/09\/anne-physique-440x319.png",440,319,true],"extra-image-square-small":["https:\/\/www.pedagogie.ac-nice.fr\/physique\/wp-content\/uploads\/sites\/23\/2023\/09\/anne-physique-150x150.png",150,150,true],"mailpoet_newsletter_max":["https:\/\/www.pedagogie.ac-nice.fr\/physique\/wp-content\/uploads\/sites\/23\/2023\/09\/anne-physique.png",492,319,false],"advps-thumb-one":["https:\/\/www.pedagogie.ac-nice.fr\/physique\/wp-content\/uploads\/sites\/23\/2023\/09\/anne-physique-492x220.png",492,220,true]},"rttpg_author":{"display_name":"Yves Castel","author_link":"https:\/\/www.pedagogie.ac-nice.fr\/physique\/author\/castel\/"},"rttpg_comment":0,"rttpg_category":"<a href=\"https:\/\/www.pedagogie.ac-nice.fr\/physique\/category\/non-classe\/\" rel=\"category tag\">Non class\u00e9<\/a>","rttpg_excerpt":"2023-2024 est \u00ab l\u2019ann\u00e9e de la Physique \u00bb Le Minist\u00e8re de l&rsquo;\u00c9ducation Nationale et de la Jeunesse, le CEA, le CNRS, France Universit\u00e9s et la Soci\u00e9t\u00e9 Fran\u00e7aise de Physique consacrent l&rsquo;ann\u00e9e scolaire\u00a02023-2024\u00a0\u00e0 la physique \u00e0 travers l&rsquo;Ann\u00e9e de la physique. De nombreux dispositifs de m\u00e9diation scientifique L\u2019Ann\u00e9e de la physique prend forme tout au long\u2026","post_mailing_queue_ids":[],"_links":{"self":[{"href":"https:\/\/www.pedagogie.ac-nice.fr\/physique\/wp-json\/wp\/v2\/posts\/3107","targetHints":{"allow":["GET"]}}],"collection":[{"href":"https:\/\/www.pedagogie.ac-nice.fr\/physique\/wp-json\/wp\/v2\/posts"}],"about":[{"href":"https:\/\/www.pedagogie.ac-nice.fr\/physique\/wp-json\/wp\/v2\/types\/post"}],"author":[{"embeddable":true,"href":"https:\/\/www.pedagogie.ac-nice.fr\/physique\/wp-json\/wp\/v2\/users\/139"}],"replies":[{"embeddable":true,"href":"https:\/\/www.pedagogie.ac-nice.fr\/physique\/wp-json\/wp\/v2\/comments?post=3107"}],"version-history":[{"count":5,"href":"https:\/\/www.pedagogie.ac-nice.fr\/physique\/wp-json\/wp\/v2\/posts\/3107\/revisions"}],"predecessor-version":[{"id":3706,"href":"https:\/\/www.pedagogie.ac-nice.fr\/physique\/wp-json\/wp\/v2\/posts\/3107\/revisions\/3706"}],"wp:featuredmedia":[{"embeddable":true,"href":"https:\/\/www.pedagogie.ac-nice.fr\/physique\/wp-json\/wp\/v2\/media\/3108"}],"wp:attachment":[{"href":"https:\/\/www.pedagogie.ac-nice.fr\/physique\/wp-json\/wp\/v2\/media?parent=3107"}],"wp:term":[{"taxonomy":"category","embeddable":true,"href":"https:\/\/www.pedagogie.ac-nice.fr\/physique\/wp-json\/wp\/v2\/categories?post=3107"},{"taxonomy":"post_tag","embeddable":true,"href":"https:\/\/www.pedagogie.ac-nice.fr\/physique\/wp-json\/wp\/v2\/tags?post=3107"}],"curies":[{"name":"wp","href":"https:\/\/api.w.org\/{rel}","templated":true}]}}