{"id":3319,"date":"2024-09-17T14:14:27","date_gmt":"2024-09-17T12:14:27","guid":{"rendered":"https:\/\/www.pedagogie.ac-nice.fr\/physique\/?p=3319"},"modified":"2026-01-11T20:34:08","modified_gmt":"2026-01-11T19:34:08","slug":"concours-cgenial-2024-remise-des-prix","status":"publish","type":"post","link":"https:\/\/www.pedagogie.ac-nice.fr\/physique\/concours-cgenial-2024-remise-des-prix\/","title":{"rendered":"Concours CG\u00e9nial 2024, remise des prix"},"content":{"rendered":"<h3 class=\"post-title entry-title\"><span style=\"color: #2274b1;\">Concours CG\u00e9nial 2024, remise des prix<\/span><\/h3>\n<div class=\"entry-content clearfix\">\n<p><em>par Laurence Olive, r\u00e9f\u00e9rente acad\u00e9mique du concours CG\u00e9nial<\/em><\/p>\n<p>Fruit d\u2019un partenariat entre le dispositif minist\u00e9riel Sciences \u00e0 l\u2019\u00c9cole et la Fondation CG\u00e9nial\u00a0<strong>le concours CG\u00e9nial<\/strong>\u00a0a valoris\u00e9 l\u2019enseignement des sciences et des technologies dans les coll\u00e8ges et lyc\u00e9es.<\/p>\n<p><a href=\"https:\/\/www.pedagogie.ac-nice.fr\/svt\/?attachment_id=4925\" rel=\"attachment wp-att-4925\"><img loading=\"lazy\" decoding=\"async\" class=\"size-large wp-image-4925 aligncenter\" src=\"https:\/\/www.pedagogie.ac-nice.fr\/svt\/wp-content\/uploads\/sites\/5\/2024\/06\/image12-1024x544.jpeg\" alt=\"\" width=\"436\" height=\"232\" \/><\/a><\/p>\n<p>Lors de la\u00a0<strong>finale acad\u00e9mique<\/strong>\u00a0qui s\u2019est d\u00e9roul\u00e9e le 02 avril 2024 \u00e0 l\u2019INSPE de la Seyne-sur-mer, pr\u00e8s d\u2019une centaine de personnes \u00e9taient pr\u00e9sentes dont Monsieur Jeauffroy, IGESR de physique Chimie, Monsieur Brillet, directeur de l\u2019INSPE, Madame Quilici, vice-pr\u00e9sidente du d\u00e9partement 83 et d\u00e9l\u00e9gu\u00e9e \u00e0 l\u2019enseignement sup\u00e9rieur. Ce sont 8 projets didactiques et innovants dans de nombreuses disciplines telles que les SVT, la Physique-Chimie, la technologie, l\u2019histoire g\u00e9ographique, qui ont \u00e9t\u00e9 pr\u00e9sent\u00e9s par des coll\u00e9giennes et des coll\u00e9giens au 15 membres du jury.<\/p>\n<p><a href=\"https:\/\/www.pedagogie.ac-nice.fr\/svt\/?attachment_id=4929\" rel=\"attachment wp-att-4929\"><img loading=\"lazy\" decoding=\"async\" class=\"alignnone size-medium wp-image-4929\" src=\"https:\/\/www.pedagogie.ac-nice.fr\/svt\/wp-content\/uploads\/sites\/5\/2024\/06\/image13-300x213.jpeg\" alt=\"\" width=\"300\" height=\"213\" \/><\/a>\u00a0<a href=\"https:\/\/www.pedagogie.ac-nice.fr\/svt\/?attachment_id=4930\" rel=\"attachment wp-att-4930\"><img loading=\"lazy\" decoding=\"async\" class=\"alignnone size-large wp-image-4930\" src=\"https:\/\/www.pedagogie.ac-nice.fr\/svt\/wp-content\/uploads\/sites\/5\/2024\/06\/image14.jpeg\" alt=\"\" width=\"436\" height=\"334\" \/><\/a>\u00a0<a href=\"https:\/\/www.pedagogie.ac-nice.fr\/svt\/?attachment_id=4931\" rel=\"attachment wp-att-4931\"><img loading=\"lazy\" decoding=\"async\" class=\"alignnone size-large wp-image-4931\" src=\"https:\/\/www.pedagogie.ac-nice.fr\/svt\/wp-content\/uploads\/sites\/5\/2024\/06\/image15.jpeg\" alt=\"\" width=\"436\" height=\"327\" \/><\/a>\u00a0<a href=\"https:\/\/www.pedagogie.ac-nice.fr\/svt\/?attachment_id=4932\" rel=\"attachment wp-att-4932\"><img loading=\"lazy\" decoding=\"async\" class=\"alignnone size-large wp-image-4932\" src=\"https:\/\/www.pedagogie.ac-nice.fr\/svt\/wp-content\/uploads\/sites\/5\/2024\/06\/image16.jpeg\" alt=\"\" width=\"436\" height=\"368\" \/><\/a><\/p>\n<p><strong>Le palmar\u00e8s du concours<\/strong>\u00a0a \u00e9t\u00e9 remis \u00e0 la suite des discours officiels prononc\u00e9s par : C\u00e9cile Barbachoux, professeur de Physique Chimie pour l\u2019INSPE, La\u00e9titia Quilici Vice-Pr\u00e9sidente Conseil D\u00e9partemental du Var, Yves Castel, IA IPR de Physique Chimie CAST Acad\u00e9mie de Nice, Bruno Jeauffroy IGERS Pr\u00e9sident du comit\u00e9 scientifique de Sciences.<\/p>\n<p>Aur\u00e9lie Saillard IA IPR de Physique Chimie, Pr\u00e9sidente de la finale acad\u00e9mique la finale acad\u00e9mique a remis les diff\u00e9rents accompagn\u00e9s des nombreux partenaires.<\/p>\n<table class=\" aligncenter\" width=\"614\">\n<tbody>\n<tr>\n<td style=\"text-align: center;\" width=\"97\"><\/td>\n<td style=\"text-align: center;\" width=\"196\"><\/td>\n<td style=\"text-align: center;\" width=\"321\"><strong>R\u00e9compense pour le groupe<\/strong><\/td>\n<\/tr>\n<tr>\n<td style=\"text-align: center;\" width=\"97\">1<sup>er<\/sup>\u00a0prix acad\u00e9mique<\/td>\n<td style=\"text-align: center;\" width=\"196\">Coll. de l\u2019Est\u00e9rel<\/p>\n<p>St Raphael<\/p>\n<p><strong>Super Franklin<\/strong><\/p>\n<p>Pauline Malaterre<\/td>\n<td style=\"text-align: center;\" width=\"321\">Une journ\u00e9e le long du sentier du littoral : Une balade autour du Cap Dramont encadr\u00e9e par Julia Toscano, animatrice Natura 2000 d\u2019Est\u00e9rel C\u00f4te d\u2019Azur<\/p>\n<p>Carte cadeau<\/td>\n<\/tr>\n<tr>\n<td style=\"text-align: center;\" width=\"97\">2<sup>\u00e8me<\/sup>\u00a0prix acad\u00e9mique<\/td>\n<td style=\"text-align: center;\" width=\"196\">Coll. Henri Matisse<\/p>\n<p>St Maximin<\/p>\n<p><strong>La serre 2.0<\/strong><\/p>\n<p>B\u00e9n\u00e9dicte Razes<\/td>\n<td style=\"text-align: center;\" width=\"321\">Une journ\u00e9e \u00e0 Serre Pon\u00e7on : Une visite du barrage, de la centrale hydraulique et de l\u2019espace Odysselec, la maison de l\u2019eau et des \u00e9nergies. Transport offert<\/p>\n<p>Carte cadeau<\/td>\n<\/tr>\n<tr>\n<td style=\"text-align: center;\" width=\"97\">3<sup>\u00e8me<\/sup>prix acad\u00e9mique<\/td>\n<td style=\"text-align: center;\" width=\"196\">Coll. Henri Matisse<\/p>\n<p>St Maximin<\/p>\n<p><strong>La face cach\u00e9e des drogues<\/strong><\/p>\n<p>B\u00e9n\u00e9dicte Razes<\/td>\n<td style=\"text-align: center;\" width=\"321\">Une journ\u00e9e \u00e0 l\u2019Observatoire de la C\u00f4te d\u2019Azur \u00e0 Nice : Une visite de l\u2019espace de culture scientifique Universarium dans la Grande coupole et une animation<\/p>\n<p>Aide au transport<\/p>\n<p>Carte cadeau<\/td>\n<\/tr>\n<tr>\n<td style=\"text-align: center;\" width=\"97\">Prix sp\u00e9cial<\/td>\n<td style=\"text-align: center;\" width=\"196\">Coll. Les Ch\u00eanes<\/p>\n<p>Fr\u00e9jus<\/p>\n<p><strong>Surchauffe au coll\u00e8ge<\/strong><\/p>\n<p>Carole Combet<\/td>\n<td style=\"text-align: center;\" width=\"321\">Une journ\u00e9e \u00e0 Villefranche-sur-mer le 04 juin 2024 : visite du laboratoire Oc\u00e9anographique et sortie en mer dans la rade<\/p>\n<p>Aide au transport<\/p>\n<p>Carte cadeau<\/td>\n<\/tr>\n<tr>\n<td style=\"text-align: center;\" width=\"97\">Prix sp\u00e9cial<\/td>\n<td style=\"text-align: center;\" width=\"196\">Coll. Assomption m\u00e9diterran\u00e9e<\/p>\n<p>Cogolin<\/p>\n<p><strong>Eco Safety Drone<\/strong><\/p>\n<p>Maro\u00ef<\/p>\n<p>Ben Amor<\/td>\n<td style=\"text-align: center;\" width=\"321\">Une journ\u00e9e \u00e0 l\u2019Ecomus\u00e9e des 4 fr\u00e8res : balade sur le sentier d\u2019interpr\u00e9tation \u00ab\u00a0sur le chemin d\u2019antan\u00a0\u00bb et visite de l\u2019exposition \u00ab\u00a0des collines et des Hommes\u00a0\u00bb. Transport offert<\/p>\n<p>Carte cadeau<\/td>\n<\/tr>\n<tr>\n<td style=\"text-align: center;\" width=\"97\">Prix sp\u00e9cial<\/td>\n<td style=\"text-align: center;\" width=\"196\">Coll. Louis Cl\u00e9ment<\/p>\n<p>St Mandrier<\/p>\n<p><strong>Tic tac le climat tique<\/strong><\/p>\n<p>Philippe Mancini<\/td>\n<td style=\"text-align: center;\" width=\"321\">Une journ\u00e9e naturaliste \u00e0 Toulon : Une visite du Mus\u00e9um d\u00e9partemental du Var et une pr\u00e9sentation du jardin du Las. Transport offert<\/td>\n<\/tr>\n<tr>\n<td style=\"text-align: center;\" width=\"97\">Prix d\u2019encouragement<\/td>\n<td style=\"text-align: center;\" width=\"196\">Coll. Assomption m\u00e9diterran\u00e9e<\/p>\n<p>Cogolin<\/p>\n<p><strong>Transformation \u00e9cologique<\/strong><\/p>\n<p>Maro\u00ef<\/p>\n<p>Ben Amor<\/td>\n<td style=\"text-align: center;\" width=\"321\">Une journ\u00e9e \u00e0 l\u2019Ecomus\u00e9e des 4 fr\u00e8res : balade sur le sentier d\u2019interpr\u00e9tation \u00ab\u00a0sur le chemin d\u2019antan\u00a0\u00bb et visite de l\u2019exposition \u00ab\u00a0des collines et des Hommes\u00a0\u00bb. Transport offert<\/p>\n<p>Carte cadeau<\/td>\n<\/tr>\n<tr>\n<td style=\"text-align: center;\" width=\"97\">Prix d\u2019encouragement<\/td>\n<td style=\"text-align: center;\" width=\"196\">Inst. Ste Jeanne d\u2019Arc<\/p>\n<p>Brignoles<\/p>\n<p><strong>Myst\u00e8re et mistral<\/strong><\/p>\n<p>Olivier Randon<\/td>\n<td style=\"text-align: center;\" width=\"321\">Une journ\u00e9e \u00e0 Serre Pon\u00e7on : Une visite du barrage, de la centrale hydraulique et de l\u2019espace Odysselec, la maison de l\u2019eau et des \u00e9nergies. Transport offert<\/p>\n<p>Carte cadeau<\/td>\n<\/tr>\n<\/tbody>\n<\/table>\n<p style=\"text-align: center;\"><a href=\"https:\/\/www.pedagogie.ac-nice.fr\/svt\/?attachment_id=4926\" rel=\"attachment wp-att-4926\"><img loading=\"lazy\" decoding=\"async\" class=\"wp-image-4926 size-full alignnone\" src=\"https:\/\/www.pedagogie.ac-nice.fr\/svt\/wp-content\/uploads\/sites\/5\/2024\/06\/image8.png\" alt=\"\" width=\"987\" height=\"164\" \/><\/a><\/p>\n<p>Lors de\u00a0<strong>la finale nationale du concours CG\u00e9nial<\/strong>, le 15 mai 2024 au mus\u00e9e de l\u2019Air et de l\u2019Espace du Bourget, l\u2019\u00e9quipe du coll\u00e8ge de l\u2019Est\u00e9rel de St Raphael a remport\u00e9\u00a0<strong>le prix partenaire du mus\u00e9e de l\u2019air et de l\u2019espace\u00a0<\/strong>pour leur projet Super Franklin ainsi que le\u00a0<strong>prix coup de c\u0153ur Sciences et Vie Junior<\/strong>\u00a0o\u00f9 une double page leur sera consacr\u00e9 en Septembre \/ Octobre 2024.<\/p>\n<p><a href=\"https:\/\/www.pedagogie.ac-nice.fr\/svt\/?attachment_id=4927\" rel=\"attachment wp-att-4927\"><img loading=\"lazy\" decoding=\"async\" class=\"size-full wp-image-4927 aligncenter\" src=\"https:\/\/www.pedagogie.ac-nice.fr\/svt\/wp-content\/uploads\/sites\/5\/2024\/06\/image19.jpeg\" alt=\"\" width=\"701\" height=\"472\" \/><\/a><a href=\"https:\/\/www.pedagogie.ac-nice.fr\/svt\/?attachment_id=4928\" rel=\"attachment wp-att-4928\"><img loading=\"lazy\" decoding=\"async\" class=\"size-full wp-image-4928 aligncenter\" src=\"https:\/\/www.pedagogie.ac-nice.fr\/svt\/wp-content\/uploads\/sites\/5\/2024\/06\/image20.jpeg\" alt=\"\" width=\"502\" height=\"469\" \/><\/a><\/p>\n<p>Le concours s\u2019adresse aussi aux lyc\u00e9ennes et aux lyc\u00e9ens, \u00e9quipe mixte oblige\u00a0! Parmi les 8 projets, le comit\u00e9 scientifique national du concours CG\u00e9nial a s\u00e9lectionn\u00e9 2 \u00e9quipes de l\u2019acad\u00e9mie\u00a0: le lyc\u00e9e jean Aicard pour son projet\u00a0<em>Isotextile<\/em>\u00a0et l\u2019institut F\u00e9nelon pour\u00a0<em>Stella variabilis.\u00a0<\/em>Un projet o\u00f9 5 \u00e9l\u00e8ves, encadr\u00e9s par Jean Luc Martin, ont d\u00e9couvert une \u00e9toile variable ! Cette d\u00e9couverte les propulse \u00e0 la\u00a0<strong>1\u00e8re place du concours national<\/strong>\u00a0et les emm\u00e8ne \u00e0 participer au\u00a0<strong>concours europ\u00e9en EUCYS<\/strong>, \u00e0 Katowice en Pologne au mois de septembre pour repr\u00e9senter la France.<\/p>\n<p>En esp\u00e9rant que l\u2019\u00e9dition 2025 soit aussi fructueuse\u00a0!<\/p>\n<\/div>\n","protected":false},"excerpt":{"rendered":"<p>Concours CG\u00e9nial 2024, remise des prix par Laurence Olive, r\u00e9f\u00e9rente acad\u00e9mique du concours CG\u00e9nial Fruit d\u2019un partenariat entre le dispositif minist\u00e9riel Sciences \u00e0 l\u2019\u00c9cole et la Fondation CG\u00e9nial\u00a0le concours CG\u00e9nial\u00a0a valoris\u00e9 l\u2019enseignement des sciences et des technologies dans les coll\u00e8ges et lyc\u00e9es. Lors de la\u00a0finale acad\u00e9mique\u00a0qui s\u2019est d\u00e9roul\u00e9e le 02 avril 2024 \u00e0 l\u2019INSPE de [&hellip;]<\/p>\n","protected":false},"author":139,"featured_media":0,"comment_status":"closed","ping_status":"closed","sticky":false,"template":"","format":"standard","meta":{"_et_pb_use_builder":"","_et_pb_old_content":"","_et_gb_content_width":"","ngg_post_thumbnail":0,"footnotes":""},"categories":[1],"tags":[],"class_list":["post-3319","post","type-post","status-publish","format-standard","hentry","category-non-classe","et-doesnt-have-format-content","et_post_format-et-post-format-standard"],"rttpg_featured_image_url":null,"rttpg_author":{"display_name":"Yves Castel","author_link":"https:\/\/www.pedagogie.ac-nice.fr\/physique\/author\/castel\/"},"rttpg_comment":0,"rttpg_category":"<a href=\"https:\/\/www.pedagogie.ac-nice.fr\/physique\/category\/non-classe\/\" rel=\"category tag\">Non class\u00e9<\/a>","rttpg_excerpt":"Concours CG\u00e9nial 2024, remise des prix par Laurence Olive, r\u00e9f\u00e9rente acad\u00e9mique du concours CG\u00e9nial Fruit d\u2019un partenariat entre le dispositif minist\u00e9riel Sciences \u00e0 l\u2019\u00c9cole et la Fondation CG\u00e9nial\u00a0le concours CG\u00e9nial\u00a0a valoris\u00e9 l\u2019enseignement des sciences et des technologies dans les coll\u00e8ges et lyc\u00e9es. Lors de la\u00a0finale acad\u00e9mique\u00a0qui s\u2019est d\u00e9roul\u00e9e le 02 avril 2024 \u00e0 l\u2019INSPE de\u2026","post_mailing_queue_ids":[],"_links":{"self":[{"href":"https:\/\/www.pedagogie.ac-nice.fr\/physique\/wp-json\/wp\/v2\/posts\/3319","targetHints":{"allow":["GET"]}}],"collection":[{"href":"https:\/\/www.pedagogie.ac-nice.fr\/physique\/wp-json\/wp\/v2\/posts"}],"about":[{"href":"https:\/\/www.pedagogie.ac-nice.fr\/physique\/wp-json\/wp\/v2\/types\/post"}],"author":[{"embeddable":true,"href":"https:\/\/www.pedagogie.ac-nice.fr\/physique\/wp-json\/wp\/v2\/users\/139"}],"replies":[{"embeddable":true,"href":"https:\/\/www.pedagogie.ac-nice.fr\/physique\/wp-json\/wp\/v2\/comments?post=3319"}],"version-history":[{"count":3,"href":"https:\/\/www.pedagogie.ac-nice.fr\/physique\/wp-json\/wp\/v2\/posts\/3319\/revisions"}],"predecessor-version":[{"id":3648,"href":"https:\/\/www.pedagogie.ac-nice.fr\/physique\/wp-json\/wp\/v2\/posts\/3319\/revisions\/3648"}],"wp:attachment":[{"href":"https:\/\/www.pedagogie.ac-nice.fr\/physique\/wp-json\/wp\/v2\/media?parent=3319"}],"wp:term":[{"taxonomy":"category","embeddable":true,"href":"https:\/\/www.pedagogie.ac-nice.fr\/physique\/wp-json\/wp\/v2\/categories?post=3319"},{"taxonomy":"post_tag","embeddable":true,"href":"https:\/\/www.pedagogie.ac-nice.fr\/physique\/wp-json\/wp\/v2\/tags?post=3319"}],"curies":[{"name":"wp","href":"https:\/\/api.w.org\/{rel}","templated":true}]}}