{"id":778,"date":"2019-01-14T12:27:26","date_gmt":"2019-01-14T11:27:26","guid":{"rendered":"https:\/\/www.pedagogie.ac-nice.fr\/physique\/?p=778"},"modified":"2026-01-25T19:09:19","modified_gmt":"2026-01-25T18:09:19","slug":"agenda-404_2","status":"publish","type":"post","link":"https:\/\/www.pedagogie.ac-nice.fr\/physique\/agenda-404_2\/","title":{"rendered":"agenda #404_2"},"content":{"rendered":"<h1>2019 : <a href=\"http:\/\/www.anneedelachimie.fr\/\">ann\u00e9e mondiale de la chimie<\/a><\/h1>\n<ul style=\"list-style-type: disc;\">\n<li>\n<h4 class=\"contentpagetitle\">Le concours Mendele\u00efev 2019\u2026 c&rsquo;est parti<img loading=\"lazy\" decoding=\"async\" class=\"size-full wp-image-795 alignright\" src=\"https:\/\/www.pedagogie.ac-nice.fr\/physique\/wp-content\/uploads\/sites\/23\/2018\/10\/mendeleiev.jpg\" alt=\"affiche concours Mendeleiev\" width=\"200\" height=\"281\" \/><\/h4>\n<p>L\u2019objectif pour les classes ou \u00e9quipes candidates, encadr\u00e9es par leurs enseignants, est de pr\u00e9senter une production autour du th\u00e8me de la classification p\u00e9riodique des \u00e9l\u00e9ments chimiques, comm\u00e9morant les 150 ans du tableau de Mendele\u00efev. Quant \u00e0 la nature du projet, toute libert\u00e9 est laiss\u00e9e aux enseignants et \u00e9l\u00e8ves. Diff\u00e9rentes formes de production pourront donc \u00eatre r\u00e9compens\u00e9es (fresque murale, maquette, sc\u00e9nette de th\u00e9\u00e2tre, capsule(s) vid\u00e9o, production num\u00e9rique, article de vulgarisation scientifique\u2026). Il doit s\u2019agir d\u2019une r\u00e9alisation faite par un groupe ou une classe d\u2019\u00e9l\u00e8ves, au cours de l&rsquo;ann\u00e9e scolaire 2018-2019, sur le th\u00e8me du tableau p\u00e9riodique des \u00e9l\u00e9ments chimiques.<br \/>\n<span style=\"color: #00ccff;\">Inscriptions jusqu\u2019au 21 d\u00e9cembre 2018 :<a href=\"http:\/\/national.udppc.asso.fr\/index.php\/actualites-udppc\/800-lancement-du-concours-mendeleiev-2019\"><span style=\"color: #000000;\"> http:\/\/national.udppc.asso.fr\/index.php\/actualites-udppc\/800-lancement-du-concours-mendeleiev-2019<\/span><\/a><\/span><\/li>\n<li>\n<h4>Si on parlait chimie&#8230;<\/h4>\n<p>Des conf\u00e9rences donn\u00e9es par des b\u00e9n\u00e9voles de France Chimie M\u00e9diterran\u00e9e dans votre \u00e9tablissement. Les th\u00e8mes des conf\u00e9rences : <a href=\"http:\/\/mediterranee.uic.fr\/Nos-activites\/Social-Communication\/Conferences-dans-les-colleges-et-lycees\">http:\/\/mediterranee.uic.fr\/Nos-activites\/Social-Communication\/Conferences-dans-les-colleges-et-lycees<\/a><\/li>\n<li>\n<h4><span style=\"font-size: 12pt;\">Olympiades nationales de la chimie :<\/span><span style=\"font-size: 12pt;\"><a href=\"https:\/\/www.olympiades-chimie.fr\/\"> https:\/\/www.olympiades-chimie.fr\/<\/a><\/span><strong><span style=\"font-size: 12pt;\"><br \/>\n<\/span><\/strong><\/h4>\n<p>Deux possibilit\u00e9s :<\/p>\n<ul>\n<li>Parlons chimie : Pour les \u00e9l\u00e8ves de premi\u00e8res et terminales de toutes les s\u00e9ries.<br \/>\nObjectifs :\u00a0 mettre en \u0153uvre une action de communication sur un sujet qui s\u2019inscrit dans les probl\u00e9matiques de la chimie actuelle en lien avec une activit\u00e9 r\u00e9gionale ou un sujet de soci\u00e9t\u00e9 ou un m\u00e9tier de la chimie et pour un public d\u00e9fini.<\/p>\n<div><span style=\"color: #00ccff;\">Inscriptions jusqu&rsquo;au 15 d\u00e9cembre 2018<\/span><\/div>\n<\/li>\n<li>Concours scientifique :\u00a0Pour les \u00e9l\u00e8ves de terminales S et STL.<\/li>\n<\/ul>\n<\/li>\n<li>\n<h4>Olympiades internationales de la chimie : cette ann\u00e9e \u00e0 Paris ! <a href=\"http:\/\/eduscol.education.fr\/cid111344\/icho-france-2019.html\">http:\/\/eduscol.education.fr\/cid111344\/icho-france-2019.html<\/a><strong><br \/>\n<\/strong><\/h4>\n<\/li>\n<\/ul>\n<h1>Professeurs en entreprise<\/h1>\n<p>Chaque ann\u00e9e au mois de novembre cette action propose :<\/p>\n<ul>\n<li>des visites de qualit\u00e9 de sites de Recherche et D\u00e9veloppement, d&rsquo;Innovation et de Production sur toute la France, en pr\u00e9sence de responsables scientifiques et d&rsquo;ing\u00e9nieurs pour des \u00e9changes approfondis.<\/li>\n<li>ces visites sont gratuites,\u00a0 <strong><span class=\"highlighted\">uniquement sur inscription<\/span><\/strong> et dans la limite des places disponibles.<\/li>\n<li>Dans l&rsquo;acad\u00e9mie de Nice :\n<ul>\n<li class=\"operationpee-state-open\">le 21\/11\/2018 \u00e0 IBM \u2013 Nice M\u00e9ridia, NICE. <a title=\"Voir la fiche descriptive de l'op\u00e9ration\" href=\"http:\/\/cgenial.org\/operation-pee\/872\/download\"> Fiche descriptive (PDF) <\/a><\/li>\n<li class=\"operationpee-state-open--full\">le 22\/11\/2018 \u00e0 La compagnie des saveurs &#8211; Sol\u00e9ou, Salernes. <a title=\"Voir la fiche descriptive de l'op\u00e9ration\" href=\"http:\/\/cgenial.org\/operation-pee\/965\/download\"> Fiche descriptive (PDF) <\/a><\/li>\n<\/ul>\n<\/li>\n<\/ul>\n<p>Plus d&rsquo;informations : <a href=\"http:\/\/cgenial.org\/82-nos-actions\/84-professeurs-en-entreprise\">http:\/\/cgenial.org\/82-nos-actions\/84-professeurs-en-entreprise<\/a><\/p>\n<h1>Apr\u00e8s le Castor Informatique : le concours Algor\u00e9a<\/h1>\n<p><strong>Premier tour du 7 au 20 janvier 2018<\/strong>. Inscriptions : <a href=\"http:\/\/algorea.org\/#\/\">http:\/\/algorea.org<\/a><\/p>\n<h1>Science factor<\/h1>\n<p>Le concours <a href=\"https:\/\/sciencefactor.fr\">Science Factor<\/a> vise \u00e0 faire \u00e9merger des id\u00e9es et projets d\u2019innovation citoyens, avec une<strong> participation \u00e9gale de filles et de gar\u00e7ons<\/strong>, en prenant appui sur les r\u00e9seaux sociaux. Science Factor propose aux jeunes de la sixi\u00e8me \u00e0 la terminale de construire en \u00e9quipe (de 2 \u00e0 4 participants, pilot\u00e9s par une fille), <strong>un projet scientifique ou technique innovant, une invention ayant un impact positif clairement d\u00e9montr\u00e9 au niveau soci\u00e9tal, \u00e9conomique ou environnemental.<br \/>\n<\/strong>D\u00e9p\u00f4t des projets des \u00e9quipes participantes jusqu&rsquo;au <strong>31 d\u00e9cembre 2018.<\/strong><\/p>\n<h1>Science on Stage<\/h1>\n<div><a href=\"https:\/\/www.science-on-stage.eu\/\">Science on Stage<\/a> France cherche des enseignants du primaire et du secondaire avec des id\u00e9es formidables pour enseigner les sciences !<br \/>\n<span style=\"color: #00ccff;\">Inscriptions jusqu&rsquo;au 30 novembre 2018<\/span><\/div>\n<p>&nbsp;<\/p>\n","protected":false},"excerpt":{"rendered":"<p>2019 : ann\u00e9e mondiale de la chimie Le concours Mendele\u00efev 2019\u2026 c&rsquo;est parti L\u2019objectif pour les classes ou \u00e9quipes candidates, encadr\u00e9es par leurs enseignants, est de pr\u00e9senter une production autour du th\u00e8me de la classification p\u00e9riodique des \u00e9l\u00e9ments chimiques, comm\u00e9morant les 150 ans du tableau de Mendele\u00efev. Quant \u00e0 la nature du projet, toute libert\u00e9 [&hellip;]<\/p>\n","protected":false},"author":156,"featured_media":0,"comment_status":"closed","ping_status":"closed","sticky":false,"template":"","format":"standard","meta":{"_et_pb_use_builder":"","_et_pb_old_content":"","_et_gb_content_width":"","ngg_post_thumbnail":0,"footnotes":""},"categories":[1],"tags":[],"class_list":["post-778","post","type-post","status-publish","format-standard","hentry","category-non-classe","et-doesnt-have-format-content","et_post_format-et-post-format-standard"],"rttpg_featured_image_url":null,"rttpg_author":{"display_name":"tassy","author_link":"https:\/\/www.pedagogie.ac-nice.fr\/physique\/author\/tassy\/"},"rttpg_comment":0,"rttpg_category":"<a href=\"https:\/\/www.pedagogie.ac-nice.fr\/physique\/category\/non-classe\/\" rel=\"category tag\">Non class\u00e9<\/a>","rttpg_excerpt":"2019 : ann\u00e9e mondiale de la chimie Le concours Mendele\u00efev 2019\u2026 c&rsquo;est parti L\u2019objectif pour les classes ou \u00e9quipes candidates, encadr\u00e9es par leurs enseignants, est de pr\u00e9senter une production autour du th\u00e8me de la classification p\u00e9riodique des \u00e9l\u00e9ments chimiques, comm\u00e9morant les 150 ans du tableau de Mendele\u00efev. Quant \u00e0 la nature du projet, toute libert\u00e9\u2026","post_mailing_queue_ids":[],"_links":{"self":[{"href":"https:\/\/www.pedagogie.ac-nice.fr\/physique\/wp-json\/wp\/v2\/posts\/778","targetHints":{"allow":["GET"]}}],"collection":[{"href":"https:\/\/www.pedagogie.ac-nice.fr\/physique\/wp-json\/wp\/v2\/posts"}],"about":[{"href":"https:\/\/www.pedagogie.ac-nice.fr\/physique\/wp-json\/wp\/v2\/types\/post"}],"author":[{"embeddable":true,"href":"https:\/\/www.pedagogie.ac-nice.fr\/physique\/wp-json\/wp\/v2\/users\/156"}],"replies":[{"embeddable":true,"href":"https:\/\/www.pedagogie.ac-nice.fr\/physique\/wp-json\/wp\/v2\/comments?post=778"}],"version-history":[{"count":5,"href":"https:\/\/www.pedagogie.ac-nice.fr\/physique\/wp-json\/wp\/v2\/posts\/778\/revisions"}],"predecessor-version":[{"id":1499,"href":"https:\/\/www.pedagogie.ac-nice.fr\/physique\/wp-json\/wp\/v2\/posts\/778\/revisions\/1499"}],"wp:attachment":[{"href":"https:\/\/www.pedagogie.ac-nice.fr\/physique\/wp-json\/wp\/v2\/media?parent=778"}],"wp:term":[{"taxonomy":"category","embeddable":true,"href":"https:\/\/www.pedagogie.ac-nice.fr\/physique\/wp-json\/wp\/v2\/categories?post=778"},{"taxonomy":"post_tag","embeddable":true,"href":"https:\/\/www.pedagogie.ac-nice.fr\/physique\/wp-json\/wp\/v2\/tags?post=778"}],"curies":[{"name":"wp","href":"https:\/\/api.w.org\/{rel}","templated":true}]}}