{"id":10468,"date":"2025-11-30T15:13:46","date_gmt":"2025-11-30T14:13:46","guid":{"rendered":"https:\/\/www.pedagogie.ac-nice.fr\/plplh\/?p=10468"},"modified":"2025-12-01T07:09:23","modified_gmt":"2025-12-01T06:09:23","slug":"120e-anniversaire-de-la-loi-du-9-decembre-1905","status":"publish","type":"post","link":"https:\/\/www.pedagogie.ac-nice.fr\/plplh\/120e-anniversaire-de-la-loi-du-9-decembre-1905\/","title":{"rendered":"Comm\u00e9moration des 120e ans de la loi du 9 d\u00e9cembre 1905"},"content":{"rendered":"<p>Chaque ann\u00e9e, vous participez \u00e0 la j<strong>ourn\u00e9e de la la\u00efcit\u00e9 organis\u00e9e le 9 d\u00e9cembre,<\/strong> par les r\u00e9flexions, les projets que vous conduisez avec vos \u00e9l\u00e8ves. 2025 marque les 120 ans de <strong>la loi de s\u00e9paration des \u00c9glises et de l\u2019\u00c9tat<\/strong> a pos\u00e9 les bases de la <strong>la\u00efcit\u00e9 en France<\/strong> : garantir la libert\u00e9 de conscience, assurer la neutralit\u00e9 de l\u2019\u00c9tat et garantir l\u2019\u00e9galit\u00e9 de traitement entre toutes et tous.<\/p>\n<p>Cette comm\u00e9moration est l\u2019occasion de <strong>renforcer l\u2019\u00e9tude de ce texte fondateur<\/strong>, cl\u00e9 de vo\u00fbte du principe de la\u00efcit\u00e9 en France. Cela peut aussi \u00eatre un temps pour engager vos \u00e9l\u00e8ves&nbsp;dans un projet sp\u00e9cifique <span class=\"fs-6 mb-2\"><span class=\"bold\"><a href=\"https:\/\/login.ac-nice.fr\/idp\/profile\/oidc\/authorize?execution=e1s2\" target=\"_blank\" rel=\"noopener\"><strong>\u00ab\u00a0Comm\u00e9morer les 120 ans de la loi du 9 d\u00e9cembre 1905\u00a0\u00bb <\/strong><\/a>(inscription via la plateforme ADAGE du <b>1er septembre 2025 au 16 janvier 2026)<\/b>. Plus largement, c<\/span><\/span>ette comm\u00e9moration offre l\u2019opportunit\u00e9 de <strong>promouvoir le principe de la\u00efcit\u00e9<\/strong> qui sous-tend les valeurs de la devise r\u00e9publicaine, d\u2019expliciter sa port\u00e9e \u00e9mancipatrice et de permettre \u00e0 chacun d\u2019\u00eatre conscient de ses implications.<\/p>\n<p>Pour vous accompagner dans vos projets diff\u00e9rents p\u00e9dagogiques, vous retrouverez des ressources sur :&nbsp;<\/p>\n<ul>\n<li>Les ressources nationales&nbsp;\n<ul>\n<li><strong><a href=\"https:\/\/eduscol.education.fr\/4279\/les-120-ans-de-la-loi-du-9-decembre-1905\" target=\"_blank\" rel=\"noopener\"> \u00ab\u00a0Les 120 ans de la loi du 9 d\u00e9cembre 1905\u00a0\u00bb<\/a><\/strong><\/li>\n<li><strong><a href=\"https:\/\/eduscol.education.fr\/1615\/laicite\" target=\"_blank\" rel=\"noopener\">\u00ab\u00a0La La\u00efcit\u00e9\u00a0\u00bb<\/a><\/strong><\/li>\n<li><strong><a href=\"https:\/\/www.education.gouv.fr\/la-laicite-l-ecole-12482\" target=\"_blank\" rel=\"noopener\">\u00ab\u00a0La la\u00efcit\u00e9 \u00e0 l&rsquo;\u00e9cole\u00a0\u00bb<\/a><\/strong><\/li>\n<li>La lettre <a href=\"https:\/\/www.pedagogie.ac-nice.fr\/plplh\/wp-content\/uploads\/sites\/18\/2025\/11\/lettre_edunum_hg56_novembre2025.pdf\" target=\"_blank\" rel=\"noopener\"><strong>\u00c9duNum Histoire-G\u00e9ographie n\u00b056,&nbsp;<\/strong><\/a>particuli\u00e8rement les pages 6-7 consacr\u00e9es \u00e0 la libert\u00e9 religieuse et la la\u00efcit\u00e9<\/li>\n<\/ul>\n<\/li>\n<li>Les pages du site acad\u00e9mique disciplinaire :\n<ul>\n<li><a href=\"https:\/\/www.pedagogie.ac-nice.fr\/plplh\/valeurs-de-la-republique\/\" target=\"_blank\" rel=\"noopener\"><strong>Valeurs de la R\u00e9publique<\/strong><\/a><\/li>\n<li><strong><a href=\"https:\/\/www.pedagogie.ac-nice.fr\/plplh\/sinformer\/prix-et-concours\/\" target=\"_blank\" rel=\"noopener\">Prix et concours<\/a><\/strong><\/li>\n<li><a href=\"https:\/\/www.pedagogie.ac-nice.fr\/plplh\/sinformer\/vos-projets\/\" target=\"_blank\" rel=\"noopener\"><strong>Projets men\u00e9s par nos coll\u00e8gues<\/strong><\/a><\/li>\n<\/ul>\n<\/li>\n<\/ul>\n<p>Nous vous remercions de r\u00e9affirmer les principes et valeurs de la R\u00e9publique.<\/p>\n<p>St\u00e9phane Cipriani et Christ\u00e8le Henriot<\/p>\n","protected":false},"excerpt":{"rendered":"<p>Chaque ann\u00e9e, vous participez \u00e0 la journ\u00e9e de la la\u00efcit\u00e9 organis\u00e9e le 9 d\u00e9cembre, par les r\u00e9flexions, les projets que vous conduisez avec vos \u00e9l\u00e8ves. 2025 marque les 120 ans de la loi de s\u00e9paration des \u00c9glises et de l\u2019\u00c9tat a pos\u00e9 les bases de la la\u00efcit\u00e9 en France : garantir la libert\u00e9 de conscience, &hellip; <\/p>\n<p><a class=\"more-link btn\" href=\"https:\/\/www.pedagogie.ac-nice.fr\/plplh\/120e-anniversaire-de-la-loi-du-9-decembre-1905\/\">Lire la suite<\/a><\/p>\n","protected":false},"author":195,"featured_media":10472,"comment_status":"closed","ping_status":"closed","sticky":false,"template":"","format":"standard","meta":{"ngg_post_thumbnail":0,"footnotes":""},"categories":[100,152],"tags":[],"class_list":["post-10468","post","type-post","status-publish","format-standard","has-post-thumbnail","hentry","category-prix-et-concours","category-valeurs-de-la-republique","item-wrap"],"rttpg_featured_image_url":{"full":["https:\/\/www.pedagogie.ac-nice.fr\/plplh\/wp-content\/uploads\/sites\/18\/2025\/11\/120-ANS-scaled.jpg",2560,720,false],"landscape":["https:\/\/www.pedagogie.ac-nice.fr\/plplh\/wp-content\/uploads\/sites\/18\/2025\/11\/120-ANS-scaled.jpg",2560,720,false],"portraits":["https:\/\/www.pedagogie.ac-nice.fr\/plplh\/wp-content\/uploads\/sites\/18\/2025\/11\/120-ANS-scaled.jpg",2560,720,false],"thumbnail":["https:\/\/www.pedagogie.ac-nice.fr\/plplh\/wp-content\/uploads\/sites\/18\/2025\/11\/120-ANS-150x150.jpg",150,150,true],"medium":["https:\/\/www.pedagogie.ac-nice.fr\/plplh\/wp-content\/uploads\/sites\/18\/2025\/11\/120-ANS-300x84.jpg",300,84,true],"large":["https:\/\/www.pedagogie.ac-nice.fr\/plplh\/wp-content\/uploads\/sites\/18\/2025\/11\/120-ANS-1024x288.jpg",750,211,true],"1536x1536":["https:\/\/www.pedagogie.ac-nice.fr\/plplh\/wp-content\/uploads\/sites\/18\/2025\/11\/120-ANS-1536x432.jpg",1536,432,true],"2048x2048":["https:\/\/www.pedagogie.ac-nice.fr\/plplh\/wp-content\/uploads\/sites\/18\/2025\/11\/120-ANS-2048x576.jpg",2048,576,true],"graphene_slider":["https:\/\/www.pedagogie.ac-nice.fr\/plplh\/wp-content\/uploads\/sites\/18\/2025\/11\/120-ANS-750x400.jpg",750,400,true],"graphene_featured_image":["https:\/\/www.pedagogie.ac-nice.fr\/plplh\/wp-content\/uploads\/sites\/18\/2025\/11\/120-ANS-750x211.jpg",750,211,true],"post-thumbnail":["https:\/\/www.pedagogie.ac-nice.fr\/plplh\/wp-content\/uploads\/sites\/18\/2025\/11\/120-ANS-1170x250.jpg",1170,250,true],"advps-thumb-one":["https:\/\/www.pedagogie.ac-nice.fr\/plplh\/wp-content\/uploads\/sites\/18\/2025\/11\/120-ANS-600x220.jpg",600,220,true]},"rttpg_author":{"display_name":"David Lamoureux","author_link":"https:\/\/www.pedagogie.ac-nice.fr\/plplh\/author\/dlamoureux\/"},"rttpg_comment":0,"rttpg_category":"<a href=\"https:\/\/www.pedagogie.ac-nice.fr\/plplh\/category\/prix-et-concours\/\" rel=\"category tag\">Prix, Concours et Projets<\/a> <a href=\"https:\/\/www.pedagogie.ac-nice.fr\/plplh\/category\/valeurs-de-la-republique\/\" rel=\"category tag\">Valeurs de la R\u00e9publique<\/a>","rttpg_excerpt":"Chaque ann\u00e9e, vous participez \u00e0 la journ\u00e9e de la la\u00efcit\u00e9 organis\u00e9e le 9 d\u00e9cembre, par les r\u00e9flexions, les projets que vous conduisez avec vos \u00e9l\u00e8ves. 2025 marque les 120 ans de la loi de s\u00e9paration des \u00c9glises et de l\u2019\u00c9tat a pos\u00e9 les bases de la la\u00efcit\u00e9 en France : garantir la libert\u00e9 de conscience,\u2026","post_mailing_queue_ids":[],"_links":{"self":[{"href":"https:\/\/www.pedagogie.ac-nice.fr\/plplh\/wp-json\/wp\/v2\/posts\/10468","targetHints":{"allow":["GET"]}}],"collection":[{"href":"https:\/\/www.pedagogie.ac-nice.fr\/plplh\/wp-json\/wp\/v2\/posts"}],"about":[{"href":"https:\/\/www.pedagogie.ac-nice.fr\/plplh\/wp-json\/wp\/v2\/types\/post"}],"author":[{"embeddable":true,"href":"https:\/\/www.pedagogie.ac-nice.fr\/plplh\/wp-json\/wp\/v2\/users\/195"}],"replies":[{"embeddable":true,"href":"https:\/\/www.pedagogie.ac-nice.fr\/plplh\/wp-json\/wp\/v2\/comments?post=10468"}],"version-history":[{"count":14,"href":"https:\/\/www.pedagogie.ac-nice.fr\/plplh\/wp-json\/wp\/v2\/posts\/10468\/revisions"}],"predecessor-version":[{"id":10485,"href":"https:\/\/www.pedagogie.ac-nice.fr\/plplh\/wp-json\/wp\/v2\/posts\/10468\/revisions\/10485"}],"wp:featuredmedia":[{"embeddable":true,"href":"https:\/\/www.pedagogie.ac-nice.fr\/plplh\/wp-json\/wp\/v2\/media\/10472"}],"wp:attachment":[{"href":"https:\/\/www.pedagogie.ac-nice.fr\/plplh\/wp-json\/wp\/v2\/media?parent=10468"}],"wp:term":[{"taxonomy":"category","embeddable":true,"href":"https:\/\/www.pedagogie.ac-nice.fr\/plplh\/wp-json\/wp\/v2\/categories?post=10468"},{"taxonomy":"post_tag","embeddable":true,"href":"https:\/\/www.pedagogie.ac-nice.fr\/plplh\/wp-json\/wp\/v2\/tags?post=10468"}],"curies":[{"name":"wp","href":"https:\/\/api.w.org\/{rel}","templated":true}]}}