{"id":10986,"date":"2026-04-08T15:55:53","date_gmt":"2026-04-08T13:55:53","guid":{"rendered":"https:\/\/www.pedagogie.ac-nice.fr\/plplh\/?p=10986"},"modified":"2026-04-26T15:50:40","modified_gmt":"2026-04-26T13:50:40","slug":"veille-scientifique-et-disciplinaire-en-francais-printemps-2026","status":"publish","type":"post","link":"https:\/\/www.pedagogie.ac-nice.fr\/plplh\/veille-scientifique-et-disciplinaire-en-francais-printemps-2026\/","title":{"rendered":"Veille scientifique et disciplinaire en fran\u00e7ais &#8211; Printemps 2026"},"content":{"rendered":"<p>Attentifs \u00e0 l\u2019actualisation de vos connaissances scientifiques et disciplinaires en fran\u00e7ais, nous vous proposons des axes de r\u00e9flexion, publications, ouvrages, revues qui vous seront utiles dans vos approches didactiques.<\/p>\n<table style=\"border-collapse: collapse; width: 99.2%; height: 1209px;\">\n<tbody>\n<tr style=\"height: 39px;\">\n<td style=\"width: 25.9408%; height: 39px; text-align: center;\"><strong>Objets d&rsquo;\u00e9tude<\/strong><\/td>\n<td style=\"width: 35.7527%; height: 39px; text-align: center;\"><strong>Ressources didactiques<\/strong><\/td>\n<\/tr>\n<tr style=\"height: 302px;\">\n<td style=\"width: 25.9408%; height: 302px; text-align: center;\">Tous niveaux<\/td>\n<td style=\"width: 35.7527%; height: 302px;\">\n<ul>\n<li>Ouvrages :\n<ul>\n<li>Claude Marie-Sylvie, <em><a href=\"https:\/\/pur-editions.fr\/product\/10243\/entendre-le-lecteur\" target=\"_blank\" rel=\"noopener\"><strong>Entendre le lecteur. Pour une approche socio-didactique de la lecture litt\u00e9raire au coll\u00e8ge et au lyc\u00e9e<\/strong><\/a><\/em>, PUR, 2026.<\/li>\n<li>Lemarchand St\u00e9phanie, <em><a href=\"https:\/\/pur-editions.fr\/product\/5603\/devenir-lecteur\" target=\"_blank\" rel=\"noopener\"><strong>Devenir lecteur. L&rsquo;exp\u00e9rience de l&rsquo;\u00e9l\u00e8ve de lyc\u00e9e professionnel<\/strong><\/a><\/em><strong>,<\/strong> PUR 2017.<\/li>\n<\/ul>\n<\/li>\n<li>Revue :\n<ul>\n<li>Claire Ravez, <strong><a href=\"https:\/\/www.pedagogie.ac-nice.fr\/plplh\/wp-content\/uploads\/sites\/18\/2026\/04\/ER-156-mars-2026.pdf\" target=\"_blank\" rel=\"noopener\">\u00ab\u00a0Le fran\u00e7ais, mode d&#8217;emploi d&rsquo;une discipline scolaire\u00a0\u00bb<\/a><\/strong>, <em>Edurevue<\/em>, n\u00b0156, mars 2026.<\/li>\n<\/ul>\n<\/li>\n<li>\u00c9mission <em>La Grande Librairie<\/em> :\n<ul>\n<li><strong><a href=\"https:\/\/www.youtube.com\/watch?v=9eZrBxzY9EQ\" target=\"_blank\" rel=\"noopener\">Par quel livre commencer son quart de lecture [personnel] ?<\/a><\/strong>&nbsp; (2026)<\/li>\n<li>De <strong>nombreux \u00e9pisodes \u00e0 explorer<\/strong> sur <a href=\"https:\/\/www.youtube.com\/@lagrandelibrairie\" target=\"_blank\" rel=\"noopener\"><strong>la cha\u00eene Youtube de l&rsquo;\u00e9mission<\/strong><\/a>.<\/li>\n<\/ul>\n<\/li>\n<li>Podcasts :\n<ul>\n<li>Canop\u00e9 : <strong><a href=\"https:\/\/extraclasse.reseau-canope.fr\/des-pratiques-diversifiees-pour-engager-les-eleves-dans-la-lecture-les-energies-scolaires-177\" target=\"_blank\" rel=\"noopener\">Des pratiques diversifi\u00e9es pour engager les \u00e9l\u00e8ves dans la lecture &#8211; Les \u00c9nergies scolaires #177<\/a><\/strong> (2025)<\/li>\n<li>S\u00e9rie <em>Le d\u00e9bat<\/em> : <strong><a href=\"https:\/\/www.radiofrance.fr\/franceinter\/podcasts\/le-debat\/faut-il-se-forcer-a-lire-des-classiques-8073778\" target=\"_blank\" rel=\"noopener\">Faut-il se forcer \u00e0 lire des classiques ?<\/a><\/strong> (2026)<\/li>\n<\/ul>\n<\/li>\n<\/ul>\n<\/td>\n<\/tr>\n<tr style=\"height: 95px;\">\n<td style=\"width: 25.9408%; text-align: center; height: 95px;\">Tous niveaux<\/td>\n<td style=\"width: 35.7527%; height: 95px;\">\n<ul>\n<li class=\"Text-sc-1ngluuz-0 reflex-sc-1nwxrz2-0 eMrJJX\">Podcast Canop\u00e9 : <strong><a href=\"https:\/\/extraclasse.reseau-canope.fr\/apprendre-a-ecrire-de-la-maternelle-au-lycee-parlons-pratiques-54\" target=\"_blank\" rel=\"noopener\">Apprendre \u00e0 \u00e9crire : de la maternelle&#8230; au lyc\u00e9e ! &#8211; Parlons pratiques ! #54<\/a><\/strong> (2025)<\/li>\n<\/ul>\n<\/td>\n<\/tr>\n<tr style=\"height: 95px;\">\n<td style=\"width: 25.9408%; text-align: center; height: 95px;\">Tous niveaux<\/td>\n<td style=\"width: 35.7527%; height: 95px;\">\n<ul>\n<li>Lettre <a href=\"https:\/\/www.pedagogie.ac-nice.fr\/plplh\/wp-content\/uploads\/sites\/18\/2025\/11\/lettre_edunum_lettres25-_septembre2025_.pdf\" target=\"_blank\" rel=\"noopener\"><strong>Edunum Lettres n\u00b025 consacr\u00e9e au travail des comp\u00e9tences orales <\/strong><\/a>(2025)<\/li>\n<\/ul>\n<\/td>\n<\/tr>\n<tr style=\"height: 164px;\">\n<td style=\"width: 25.9408%; height: 164px; text-align: center;\">Tous niveaux<\/td>\n<td style=\"width: 35.7527%; height: 164px;\">\n<ul>\n<li>Ouvrage : Risselin A, Vibert A. et Busch E,&nbsp; &nbsp;<a href=\"https:\/\/esf-scienceshumaines.fr\/accueil\/435-travailler-la-maitrise-de-la-langue.html\" target=\"_blank\" rel=\"noopener\"><em><strong>Travailler la maitrise de la langue, Faire progresser les \u00e9l\u00e8ves dans toutes les disciplines<\/strong>, <\/em><\/a>ESF, 2026.<\/li>\n<li>Sites :\n<ul>\n<li><strong><a href=\"https:\/\/www.cnrtl.fr\/\" target=\"_blank\" rel=\"noopener\">CNRTL<\/a><\/strong> : Il f\u00e9d\u00e8re&nbsp; un ensemble de ressources linguistiques informatis\u00e9es et d\u2019outils de traitement de la langue&nbsp;<\/li>\n<li><strong><a href=\"https:\/\/www.portail-lexical.fr\" target=\"_blank\" rel=\"noopener\">Portail lexical<\/a><\/strong> du CNRS et de l&rsquo;Universit\u00e9 de Lorraine<\/li>\n<\/ul>\n<\/li>\n<\/ul>\n<\/td>\n<\/tr>\n<tr style=\"height: 186px;\">\n<td style=\"width: 25.9408%; height: 186px;\">\n<ul>\n<li>3e Pr\u00e9pa-M\u00e9tier : Se chercher, se construire<\/li>\n<li>CAP : Se dire, s\u2019affirmer, s\u2019\u00e9manciper<\/li>\n<li>\n<p class=\"p1\">2e Bac pro : Devenir soi : \u00e9critures autobiographiques<\/p>\n<\/li>\n<\/ul>\n<\/td>\n<td style=\"width: 35.7527%; height: 186px;\">\n<ul>\n<li>Podcast <em>Livre et ch\u00e2timent :<\/em>\n<ul>\n<li><strong><a href=\"https:\/\/www.radiofrance.fr\/franceinter\/podcasts\/livre-et-chatiment\/livre-et-chatiment-du-dimanche-26-septembre-2021-1950119\" target=\"_blank\" rel=\"noopener\">\u00ab\u00a0L&rsquo;amant\u00a0\u00bb<\/a><\/strong>, Marguerite Duras (2021)<\/li>\n<li><strong><a href=\"https:\/\/www.radiofrance.fr\/franceinter\/podcasts\/livre-et-chatiment\/livre-et-chatiment-du-dimanche-14-novembre-2021-2362412\" target=\"_blank\" rel=\"noopener\">\u00ab\u00a0La vie devant soi\u00a0\u00bb,<\/a><\/strong> Romain Gary (2021)<\/li>\n<li>De <strong>nombreux autres classiques<\/strong> \u00e0 (re)d\u00e9couvrir sur la page du <strong><a href=\"https:\/\/www.radiofrance.fr\/franceinter\/podcasts\/livre-et-chatiment\" target=\"_blank\" rel=\"noopener\">podcast <em>Livre et ch\u00e2timent<\/em><\/a><\/strong><\/li>\n<\/ul>\n<\/li>\n<\/ul>\n<\/td>\n<\/tr>\n<tr style=\"height: 187px;\">\n<td style=\"width: 25.9408%; height: 187px;\">\n<ul>\n<li>CAP : S\u2019informer, informer, communiquer<\/li>\n<li>\n<p class=\"p1\">2e Bac pro : S\u2019informer, informer : les circuits de l\u2019information<\/p>\n<\/li>\n<\/ul>\n<\/td>\n<td style=\"width: 35.7527%; height: 187px;\">\n<ul>\n<li>Podcasts :\n<ul>\n<li>BNF : <strong><a href=\"https:\/\/youtu.be\/zjLXduBXtcs?si=JahqtqoKp8XSRcA0\" target=\"_blank\" rel=\"noopener\">\u00c9crire l&rsquo;information aujourd&rsquo;hui<\/a><\/strong> (2025)<\/li>\n<li>S\u00e9rie <em>Les chantiers de la recherche<\/em> : <strong><a href=\"https:\/\/www.radiofrance.fr\/franceculture\/podcasts\/les-chantiers-de-la-recherche\/reseaux-sociaux-les-jeunes-sont-ils-les-premieres-victimes-des-fake-news-6111968\" target=\"_blank\" rel=\"noopener\">R\u00e9seaux sociaux : qui diffuse les fake news<\/a><\/strong> (2026)<\/li>\n<li>S\u00e9rie <em>Le d\u00e9bat<\/em> : <strong><a href=\"https:\/\/www.radiofrance.fr\/franceinter\/podcasts\/le-debat\/le-debat-de-la-grand-matinale-du-mercredi-01-avril-2026-3375115\" target=\"_blank\" rel=\"noopener\">Faut-il dire adieu au journal papier ?<\/a><\/strong> (2026)<\/li>\n<li>S\u00e9rie <em>La fabrique de l&rsquo;information<\/em> :\n<ul>\n<li><strong><a href=\"https:\/\/www.radiofrance.fr\/franceculture\/podcasts\/la-fabrique-de-l-information\/caricaturiste-un-genre-qui-n-a-pas-bonne-mine-8461962\" target=\"_blank\" rel=\"noopener\">Caricaturiste : un genre qui n&rsquo;a pas bonne mine<\/a><\/strong> (2025)<\/li>\n<li><strong><a href=\"https:\/\/www.radiofrance.fr\/franceculture\/podcasts\/la-fabrique-de-l-information\/la-fabrique-de-l-information-du-vendredi-05-septembre-2025-7124437\" target=\"_blank\" rel=\"noopener\">Comment l&rsquo;IA bouleverse-t-elle notre mani\u00e8re de nous informer ?<\/a><\/strong> (2025)<\/li>\n<li><strong><a href=\"https:\/\/www.radiofrance.fr\/franceculture\/podcasts\/la-fabrique-de-l-information\/entretien-avec-hugo-decrypte-le-visage-incontournable-de-l-information-9905389\" target=\"_blank\" rel=\"noopener\">Entretien avec Hugo D\u00e9crypte : le visage incontournable de l\u2019information<\/a><\/strong> (2025)<\/li>\n<li><strong><a href=\"https:\/\/www.radiofrance.fr\/franceculture\/podcasts\/la-fabrique-de-l-information\/13-novembre-2015-l-emotion-peut-elle-faire-memoire-4009389\" target=\"_blank\" rel=\"noopener\">13 novembre 2015 : l\u2019\u00e9motion peut-elle faire m\u00e9moire ?<\/a><\/strong> (2025)<\/li>\n<\/ul>\n<\/li>\n<li>S\u00e9rie <em>Les Voies de l&rsquo;IA<\/em> : <strong><a href=\"https:\/\/www.radiofrance.fr\/franceinfo\/podcasts\/les-voies-de-l-ia\/deepfakes-quand-l-ia-cherche-a-nous-desinformer-8330799\" target=\"_blank\" rel=\"noopener\">Deepfakes, quand l&rsquo;IA cherche \u00e0 nous d\u00e9sinformer<\/a><\/strong>. (2026)<\/li>\n<\/ul>\n<\/li>\n<\/ul>\n<\/td>\n<\/tr>\n<tr style=\"height: 141px;\">\n<td style=\"width: 25.9408%; height: 141px;\">\n<ul>\n<li>3e Pr\u00e9pa-M\u00e9tier : Regarder le monde, inventer des mondes<\/li>\n<li class=\"p1\">CAP : R\u00eaver, imaginer, cr\u00e9er<\/li>\n<li>1er Bac Pro : Cr\u00e9er, fabriquer : l\u2019invention et l\u2019imaginaire<\/li>\n<\/ul>\n<\/td>\n<td style=\"width: 35.7527%; height: 141px;\">\n<ul>\n<li class=\"Text-sc-1ngluuz-0 reflex-sc-1nwxrz2-0 eMrJJX\">Podcasts :\n<ul>\n<li>BNF : S\u00e9rie <a href=\"https:\/\/youtube.com\/playlist?list=PLtRFEzn7EZGJEhXELYTZPnrBUdCwGfjjA&amp;si=DDKMj4OzqwIVj_ax\" target=\"_blank\" rel=\"noopener\"><strong>L&rsquo;Oulipo \u00e0 la BNF<\/strong><\/a><\/li>\n<li class=\"Text-sc-1ngluuz-0 reflex-sc-1nwxrz2-0 eMrJJX\">Canop\u00e9 : <a href=\"https:\/\/extraclasse.reseau-canope.fr\/rap-et-poesie-au-college-les-energies-scolaires-185\" target=\"_blank\" rel=\"noopener\"><strong>Rap et po\u00e9sie au coll\u00e8ge &#8211; Les \u00c9nergies scolaires #185<\/strong><\/a> (2025)<\/li>\n<li>S\u00e9rie <em>Aux livres etc.<\/em> :\n<ul>\n<li><strong><a href=\"https:\/\/www.radiofrance.fr\/franceinter\/podcasts\/aux-livres-etc\/aux-livres-etc-du-samedi-14-mars-2026-9231238\" target=\"_blank\" rel=\"noopener\">Sp\u00e9cial printemps des po\u00e8tes 2026<\/a><\/strong><\/li>\n<li>\n<p id=\"covertitle-db450ad6-9f88-47a0-baf4-13feb2dc02ac\" class=\"typo-headline-small svelte-rvrf59\"><a href=\"https:\/\/www.radiofrance.fr\/franceinter\/podcasts\/aux-livres-etc\/aux-livres-etc-du-samedi-24-janvier-2026-1591807\" target=\"_blank\" rel=\"noopener\"><strong>Florent Oiseau et Jess\u00e9 : la po\u00e9sie du quotidien <\/strong><\/a>(2026)<\/p>\n<\/li>\n<\/ul>\n<\/li>\n<\/ul>\n<\/li>\n<\/ul>\n<\/td>\n<\/tr>\n<\/tbody>\n<\/table>\n","protected":false},"excerpt":{"rendered":"<p>Attentifs \u00e0 l\u2019actualisation de vos connaissances scientifiques et disciplinaires en fran\u00e7ais, nous vous proposons des axes de r\u00e9flexion, publications, ouvrages, revues qui vous seront utiles dans vos approches didactiques. Objets d&rsquo;\u00e9tude Ressources didactiques Tous niveaux Ouvrages : Claude Marie-Sylvie, Entendre le lecteur. Pour une approche socio-didactique de la lecture litt\u00e9raire au coll\u00e8ge et au lyc\u00e9e, &hellip; <\/p>\n<p><a class=\"more-link btn\" href=\"https:\/\/www.pedagogie.ac-nice.fr\/plplh\/veille-scientifique-et-disciplinaire-en-francais-printemps-2026\/\">Lire la suite<\/a><\/p>\n","protected":false},"author":195,"featured_media":11042,"comment_status":"closed","ping_status":"closed","sticky":false,"template":"","format":"standard","meta":{"ngg_post_thumbnail":0,"footnotes":""},"categories":[2,3,118],"tags":[],"class_list":["post-10986","post","type-post","status-publish","format-standard","has-post-thumbnail","hentry","category-3eme-pep","category-bac-pro","category-cap","item-wrap"],"rttpg_featured_image_url":{"full":["https:\/\/www.pedagogie.ac-nice.fr\/plplh\/wp-content\/uploads\/sites\/18\/2026\/04\/Veille-scientifique.jpg",2240,1260,false],"landscape":["https:\/\/www.pedagogie.ac-nice.fr\/plplh\/wp-content\/uploads\/sites\/18\/2026\/04\/Veille-scientifique.jpg",2240,1260,false],"portraits":["https:\/\/www.pedagogie.ac-nice.fr\/plplh\/wp-content\/uploads\/sites\/18\/2026\/04\/Veille-scientifique.jpg",2240,1260,false],"thumbnail":["https:\/\/www.pedagogie.ac-nice.fr\/plplh\/wp-content\/uploads\/sites\/18\/2026\/04\/Veille-scientifique-150x150.jpg",150,150,true],"medium":["https:\/\/www.pedagogie.ac-nice.fr\/plplh\/wp-content\/uploads\/sites\/18\/2026\/04\/Veille-scientifique-300x169.jpg",300,169,true],"large":["https:\/\/www.pedagogie.ac-nice.fr\/plplh\/wp-content\/uploads\/sites\/18\/2026\/04\/Veille-scientifique-1024x576.jpg",750,422,true],"1536x1536":["https:\/\/www.pedagogie.ac-nice.fr\/plplh\/wp-content\/uploads\/sites\/18\/2026\/04\/Veille-scientifique-1536x864.jpg",1536,864,true],"2048x2048":["https:\/\/www.pedagogie.ac-nice.fr\/plplh\/wp-content\/uploads\/sites\/18\/2026\/04\/Veille-scientifique-2048x1152.jpg",2048,1152,true],"graphene_slider":["https:\/\/www.pedagogie.ac-nice.fr\/plplh\/wp-content\/uploads\/sites\/18\/2026\/04\/Veille-scientifique-750x400.jpg",750,400,true],"graphene_featured_image":["https:\/\/www.pedagogie.ac-nice.fr\/plplh\/wp-content\/uploads\/sites\/18\/2026\/04\/Veille-scientifique-750x422.jpg",750,422,true],"post-thumbnail":["https:\/\/www.pedagogie.ac-nice.fr\/plplh\/wp-content\/uploads\/sites\/18\/2026\/04\/Veille-scientifique-1170x250.jpg",1170,250,true],"advps-thumb-one":["https:\/\/www.pedagogie.ac-nice.fr\/plplh\/wp-content\/uploads\/sites\/18\/2026\/04\/Veille-scientifique-600x220.jpg",600,220,true]},"rttpg_author":{"display_name":"David Lamoureux","author_link":"https:\/\/www.pedagogie.ac-nice.fr\/plplh\/author\/dlamoureux\/"},"rttpg_comment":0,"rttpg_category":"<a href=\"https:\/\/www.pedagogie.ac-nice.fr\/plplh\/category\/3eme-pep\/\" rel=\"category tag\">3\u00e8me Pr\u00e9pa-m\u00e9tiers<\/a> <a href=\"https:\/\/www.pedagogie.ac-nice.fr\/plplh\/category\/bac-pro\/\" rel=\"category tag\">Bac Pro<\/a> <a href=\"https:\/\/www.pedagogie.ac-nice.fr\/plplh\/category\/cap\/\" rel=\"category tag\">CAP<\/a>","rttpg_excerpt":"Attentifs \u00e0 l\u2019actualisation de vos connaissances scientifiques et disciplinaires en fran\u00e7ais, nous vous proposons des axes de r\u00e9flexion, publications, ouvrages, revues qui vous seront utiles dans vos approches didactiques. Objets d&rsquo;\u00e9tude Ressources didactiques Tous niveaux Ouvrages : Claude Marie-Sylvie, Entendre le lecteur. Pour une approche socio-didactique de la lecture litt\u00e9raire au coll\u00e8ge et au lyc\u00e9e,\u2026","post_mailing_queue_ids":[],"_links":{"self":[{"href":"https:\/\/www.pedagogie.ac-nice.fr\/plplh\/wp-json\/wp\/v2\/posts\/10986","targetHints":{"allow":["GET"]}}],"collection":[{"href":"https:\/\/www.pedagogie.ac-nice.fr\/plplh\/wp-json\/wp\/v2\/posts"}],"about":[{"href":"https:\/\/www.pedagogie.ac-nice.fr\/plplh\/wp-json\/wp\/v2\/types\/post"}],"author":[{"embeddable":true,"href":"https:\/\/www.pedagogie.ac-nice.fr\/plplh\/wp-json\/wp\/v2\/users\/195"}],"replies":[{"embeddable":true,"href":"https:\/\/www.pedagogie.ac-nice.fr\/plplh\/wp-json\/wp\/v2\/comments?post=10986"}],"version-history":[{"count":21,"href":"https:\/\/www.pedagogie.ac-nice.fr\/plplh\/wp-json\/wp\/v2\/posts\/10986\/revisions"}],"predecessor-version":[{"id":11103,"href":"https:\/\/www.pedagogie.ac-nice.fr\/plplh\/wp-json\/wp\/v2\/posts\/10986\/revisions\/11103"}],"wp:featuredmedia":[{"embeddable":true,"href":"https:\/\/www.pedagogie.ac-nice.fr\/plplh\/wp-json\/wp\/v2\/media\/11042"}],"wp:attachment":[{"href":"https:\/\/www.pedagogie.ac-nice.fr\/plplh\/wp-json\/wp\/v2\/media?parent=10986"}],"wp:term":[{"taxonomy":"category","embeddable":true,"href":"https:\/\/www.pedagogie.ac-nice.fr\/plplh\/wp-json\/wp\/v2\/categories?post=10986"},{"taxonomy":"post_tag","embeddable":true,"href":"https:\/\/www.pedagogie.ac-nice.fr\/plplh\/wp-json\/wp\/v2\/tags?post=10986"}],"curies":[{"name":"wp","href":"https:\/\/api.w.org\/{rel}","templated":true}]}}