{"id":1847,"date":"2018-01-29T23:09:56","date_gmt":"2018-01-29T22:09:56","guid":{"rendered":"http:\/\/www.ac-nice.fr\/plplh\/?p=1847"},"modified":"2018-01-29T23:09:56","modified_gmt":"2018-01-29T22:09:56","slug":"epreuves-en-ccf-dans-le-cadre-du-diplome-intermediaire-cap-pour-les-candidats-de-1ere-bac-pro-fiches-de-synthese","status":"publish","type":"post","link":"https:\/\/www.pedagogie.ac-nice.fr\/plplh\/epreuves-en-ccf-dans-le-cadre-du-diplome-intermediaire-cap-pour-les-candidats-de-1ere-bac-pro-fiches-de-synthese\/","title":{"rendered":"\u00c9preuves en CCF dans le cadre du dipl\u00f4me interm\u00e9diaire CAP pour les candidats de 1\u00e8re Bac Pro fiches de synth\u00e8se"},"content":{"rendered":"<p>Vous trouverez ici les fiches de synth\u00e8se concernant les \u00e9preuves en CCF dans le cadre du dipl\u00f4me interm\u00e9diaire CAP pour les candidats de 1\u00e8re Bac Pro suivant une formation conduisant au baccalaur\u00e9at professionnel:<\/p>\n<ul>\n<li>La <strong><a href=\"http:\/\/www.ac-nice.fr\/plplh\/wp-content\/uploads\/2018\/01\/AC-NICE-FICHE_CCF_HGEMC-Diplome-Interm\u00e9diaire-2018.pdf\">fiche d&rsquo;\u00e9valuation en histoire g\u00e9ographie <\/a><\/strong><\/li>\n<li>La <strong><a href=\"http:\/\/www.ac-nice.fr\/plplh\/wp-content\/uploads\/2018\/01\/AC-NICE-FICHE-SYNTHESE-CCF-FR-HGEMC-Diplome-Interm\u00e9diaire.pdf\">Fiche de synth\u00e8se des deux \u00e9valuations en CCF<\/a><\/strong> (fran\u00e7ais et Histoire-G\u00e9ographie)<\/li>\n<\/ul>\n<p><em>Ces documents concernent le dipl\u00f4me interm\u00e9diaire de CAP pour les candidats de 1\u00e8re Bac Pro suivant une formation conduisant au baccalaur\u00e9at professionnel et sont en vigueur d\u00e8s cette session 2018.<\/em><\/p>\n","protected":false},"excerpt":{"rendered":"<p>Vous trouverez ici les fiches de synth\u00e8se concernant les \u00e9preuves en CCF dans le cadre du dipl\u00f4me interm\u00e9diaire CAP pour les candidats de 1\u00e8re Bac Pro suivant une formation conduisant au baccalaur\u00e9at professionnel: La fiche d&rsquo;\u00e9valuation en histoire g\u00e9ographie La Fiche de synth\u00e8se des deux \u00e9valuations en CCF (fran\u00e7ais et Histoire-G\u00e9ographie) Ces documents concernent le &hellip; <\/p>\n<p><a class=\"more-link btn\" href=\"https:\/\/www.pedagogie.ac-nice.fr\/plplh\/epreuves-en-ccf-dans-le-cadre-du-diplome-intermediaire-cap-pour-les-candidats-de-1ere-bac-pro-fiches-de-synthese\/\">Lire la suite<\/a><\/p>\n","protected":false},"author":125,"featured_media":0,"comment_status":"closed","ping_status":"closed","sticky":false,"template":"","format":"standard","meta":{"ngg_post_thumbnail":0,"footnotes":""},"categories":[1],"tags":[],"class_list":["post-1847","post","type-post","status-publish","format-standard","hentry","category-non-classe","item-wrap"],"rttpg_featured_image_url":null,"rttpg_author":{"display_name":"St\u00e9phane Cipriani","author_link":"https:\/\/www.pedagogie.ac-nice.fr\/plplh\/author\/fferrare\/"},"rttpg_comment":0,"rttpg_category":"<a href=\"https:\/\/www.pedagogie.ac-nice.fr\/plplh\/category\/non-classe\/\" rel=\"category tag\">Non class\u00e9<\/a>","rttpg_excerpt":"Vous trouverez ici les fiches de synth\u00e8se concernant les \u00e9preuves en CCF dans le cadre du dipl\u00f4me interm\u00e9diaire CAP pour les candidats de 1\u00e8re Bac Pro suivant une formation conduisant au baccalaur\u00e9at professionnel: La fiche d&rsquo;\u00e9valuation en histoire g\u00e9ographie La Fiche de synth\u00e8se des deux \u00e9valuations en CCF (fran\u00e7ais et Histoire-G\u00e9ographie) Ces documents concernent le\u2026","post_mailing_queue_ids":[],"_links":{"self":[{"href":"https:\/\/www.pedagogie.ac-nice.fr\/plplh\/wp-json\/wp\/v2\/posts\/1847","targetHints":{"allow":["GET"]}}],"collection":[{"href":"https:\/\/www.pedagogie.ac-nice.fr\/plplh\/wp-json\/wp\/v2\/posts"}],"about":[{"href":"https:\/\/www.pedagogie.ac-nice.fr\/plplh\/wp-json\/wp\/v2\/types\/post"}],"author":[{"embeddable":true,"href":"https:\/\/www.pedagogie.ac-nice.fr\/plplh\/wp-json\/wp\/v2\/users\/125"}],"replies":[{"embeddable":true,"href":"https:\/\/www.pedagogie.ac-nice.fr\/plplh\/wp-json\/wp\/v2\/comments?post=1847"}],"version-history":[{"count":0,"href":"https:\/\/www.pedagogie.ac-nice.fr\/plplh\/wp-json\/wp\/v2\/posts\/1847\/revisions"}],"wp:attachment":[{"href":"https:\/\/www.pedagogie.ac-nice.fr\/plplh\/wp-json\/wp\/v2\/media?parent=1847"}],"wp:term":[{"taxonomy":"category","embeddable":true,"href":"https:\/\/www.pedagogie.ac-nice.fr\/plplh\/wp-json\/wp\/v2\/categories?post=1847"},{"taxonomy":"post_tag","embeddable":true,"href":"https:\/\/www.pedagogie.ac-nice.fr\/plplh\/wp-json\/wp\/v2\/tags?post=1847"}],"curies":[{"name":"wp","href":"https:\/\/api.w.org\/{rel}","templated":true}]}}