{"id":1907,"date":"2018-04-06T19:06:28","date_gmt":"2018-04-06T18:06:28","guid":{"rendered":"http:\/\/www.ac-nice.fr\/plplh\/?p=1907"},"modified":"2018-04-06T19:06:28","modified_gmt":"2018-04-06T18:06:28","slug":"brevet-professionnel-expression-et-connaissance-du-monde-sujets-dexamen","status":"publish","type":"post","link":"https:\/\/www.pedagogie.ac-nice.fr\/plplh\/brevet-professionnel-expression-et-connaissance-du-monde-sujets-dexamen\/","title":{"rendered":"Brevet Professionnel, expression et connaissance du monde  sujets d&rsquo;examen"},"content":{"rendered":"<p>Les sujets suivants prennent appui sur le programme d&rsquo;enseignement d&rsquo;expression et connaissance du monde (fran\u00e7ais &#8211; histoire-g\u00e9ographie) <a href=\"http:\/\/www.education.gouv.fr\/pid285\/bulletin_officiel.html?cid_bo=100573\">BO n\u00b011 du 17 mars 2016<\/a>. Ils ont \u00e9t\u00e9 propos\u00e9s aux candidates et candidats au Brevet Professionnel \u00ab\u00a0m\u00e9tiers de la piscine\u00a0\u00bb, le 29 mars 2018.<\/p>\n<ul>\n<li><a href=\"http:\/\/www.ac-nice.fr\/plplh\/wp-content\/uploads\/2018\/04\/Sujet-ECM-Fran\u00e7ais.pdf\"><strong>partie fran\u00e7ais de l&rsquo;\u00e9preuve d&rsquo;Expression et connaissance du monde du BP<\/strong><\/a><\/li>\n<li><a href=\"http:\/\/www.ac-nice.fr\/plplh\/wp-content\/uploads\/2018\/04\/SUJ-Histgeo-Pisc-MRM18.pdf\"><strong>partie histoire g\u00e9ographie de l&rsquo;\u00e9preuve d&rsquo;Expression et connaissance du monde du BP<\/strong><\/a><\/li>\n<\/ul>\n","protected":false},"excerpt":{"rendered":"<p>Les sujets suivants prennent appui sur le programme d&rsquo;enseignement d&rsquo;expression et connaissance du monde (fran\u00e7ais &#8211; histoire-g\u00e9ographie) BO n\u00b011 du 17 mars 2016. Ils ont \u00e9t\u00e9 propos\u00e9s aux candidates et candidats au Brevet Professionnel \u00ab\u00a0m\u00e9tiers de la piscine\u00a0\u00bb, le 29 mars 2018. partie fran\u00e7ais de l&rsquo;\u00e9preuve d&rsquo;Expression et connaissance du monde du BP partie histoire &hellip; <\/p>\n<p><a class=\"more-link btn\" href=\"https:\/\/www.pedagogie.ac-nice.fr\/plplh\/brevet-professionnel-expression-et-connaissance-du-monde-sujets-dexamen\/\">Lire la suite<\/a><\/p>\n","protected":false},"author":125,"featured_media":0,"comment_status":"closed","ping_status":"closed","sticky":false,"template":"","format":"standard","meta":{"ngg_post_thumbnail":0,"footnotes":""},"categories":[1],"tags":[],"class_list":["post-1907","post","type-post","status-publish","format-standard","hentry","category-non-classe","item-wrap"],"rttpg_featured_image_url":null,"rttpg_author":{"display_name":"St\u00e9phane Cipriani","author_link":"https:\/\/www.pedagogie.ac-nice.fr\/plplh\/author\/fferrare\/"},"rttpg_comment":0,"rttpg_category":"<a href=\"https:\/\/www.pedagogie.ac-nice.fr\/plplh\/category\/non-classe\/\" rel=\"category tag\">Non class\u00e9<\/a>","rttpg_excerpt":"Les sujets suivants prennent appui sur le programme d&rsquo;enseignement d&rsquo;expression et connaissance du monde (fran\u00e7ais &#8211; histoire-g\u00e9ographie) BO n\u00b011 du 17 mars 2016. Ils ont \u00e9t\u00e9 propos\u00e9s aux candidates et candidats au Brevet Professionnel \u00ab\u00a0m\u00e9tiers de la piscine\u00a0\u00bb, le 29 mars 2018. partie fran\u00e7ais de l&rsquo;\u00e9preuve d&rsquo;Expression et connaissance du monde du BP partie histoire\u2026","post_mailing_queue_ids":[],"_links":{"self":[{"href":"https:\/\/www.pedagogie.ac-nice.fr\/plplh\/wp-json\/wp\/v2\/posts\/1907","targetHints":{"allow":["GET"]}}],"collection":[{"href":"https:\/\/www.pedagogie.ac-nice.fr\/plplh\/wp-json\/wp\/v2\/posts"}],"about":[{"href":"https:\/\/www.pedagogie.ac-nice.fr\/plplh\/wp-json\/wp\/v2\/types\/post"}],"author":[{"embeddable":true,"href":"https:\/\/www.pedagogie.ac-nice.fr\/plplh\/wp-json\/wp\/v2\/users\/125"}],"replies":[{"embeddable":true,"href":"https:\/\/www.pedagogie.ac-nice.fr\/plplh\/wp-json\/wp\/v2\/comments?post=1907"}],"version-history":[{"count":0,"href":"https:\/\/www.pedagogie.ac-nice.fr\/plplh\/wp-json\/wp\/v2\/posts\/1907\/revisions"}],"wp:attachment":[{"href":"https:\/\/www.pedagogie.ac-nice.fr\/plplh\/wp-json\/wp\/v2\/media?parent=1907"}],"wp:term":[{"taxonomy":"category","embeddable":true,"href":"https:\/\/www.pedagogie.ac-nice.fr\/plplh\/wp-json\/wp\/v2\/categories?post=1907"},{"taxonomy":"post_tag","embeddable":true,"href":"https:\/\/www.pedagogie.ac-nice.fr\/plplh\/wp-json\/wp\/v2\/tags?post=1907"}],"curies":[{"name":"wp","href":"https:\/\/api.w.org\/{rel}","templated":true}]}}