{"id":2160,"date":"2018-07-13T16:10:55","date_gmt":"2018-07-13T14:10:55","guid":{"rendered":"https:\/\/www.pedagogie.ac-nice.fr\/plplh\/?p=2160"},"modified":"2019-06-23T18:47:48","modified_gmt":"2019-06-23T16:47:48","slug":"paf-lettres-histoire-2018-2019-inscrivez-vous","status":"publish","type":"post","link":"https:\/\/www.pedagogie.ac-nice.fr\/plplh\/paf-lettres-histoire-2018-2019-inscrivez-vous\/","title":{"rendered":"PAF Lettres-Histoire 2018-2019, INSCRIVEZ-VOUS!!!"},"content":{"rendered":"<p>Inscrivez vous au <strong>Plan Acad\u00e9mique de Formation sur GAIA jusqu&rsquo;au 21 septembre 2018.<\/strong><\/p>\n<p>Pour rappel vous acc\u00e9dez \u00e0 GAIA par\u00a0<a href=\"https:\/\/esterel.ac-nice.fr\/plog\/public\/login\" target=\"_blank\" rel=\"noopener noreferrer\">ESTEREL<\/a>\u00a0&gt;&gt;&gt; Mes Applications &gt;&gt;&gt; Formations &gt;&gt;&gt; GAIA Acc\u00e8s individuel &gt;&gt;&gt; s\u00e9lectionnez Inscription individuelle &gt;&gt;&gt; puis \u00ab\u00a0CANDIDATURES INDIV. HORS PREPA CONCOURS EEO 141\u00a0\u00bb &gt;&gt;&gt; entrez le num\u00e9ro de DISPOSITIF tel qu&rsquo;il vous est propos\u00e9 en annexe ci-dessous &gt;&gt;&gt; <strong>inscrivez vous<\/strong>\u00a0!<\/p>\n<p>Vous trouverez ici:<\/p>\n<ul>\n<li>Le\u00a0<span style=\"font-size: 14pt\"><strong><a href=\"https:\/\/www.pedagogie.ac-nice.fr\/plplh\/wp-content\/uploads\/sites\/18\/2018\/07\/PAF-EEO-2018_Lettres-Histoire.pdf\">PAF Lettres-Histoire 2018-2019<\/a><\/strong><\/span><\/li>\n<li>Le\u00a0<span style=\"font-size: 14pt\"><strong><a href=\"https:\/\/www.pedagogie.ac-nice.fr\/plplh\/wp-content\/uploads\/sites\/18\/2018\/07\/PAF-EEO-2018_Approche-transversale-1.pdf\">PAF transversal 2018-2018<\/a><\/strong>\u00a0<\/span>(les mots-cl\u00e9s \u00ab\u00a0la\u00efcit\u00e9\u00a0\u00bb, \u00ab\u00a0citoyennet\u00e9\u00a0\u00bb, \u00ab\u00a0DAAC\u00a0\u00bb, \u00ab\u00a0accompagnement\u00a0\u00bb, \u00ab\u00a0ASH\u00a0\u00bb&#8230; peuvent vous guider dans vos recherches).<\/li>\n<\/ul>\n<p>&nbsp;<\/p>\n","protected":false},"excerpt":{"rendered":"<p>Inscrivez vous au Plan Acad\u00e9mique de Formation sur GAIA jusqu&rsquo;au 21 septembre 2018. Pour rappel vous acc\u00e9dez \u00e0 GAIA par\u00a0ESTEREL\u00a0&gt;&gt;&gt; Mes Applications &gt;&gt;&gt; Formations &gt;&gt;&gt; GAIA Acc\u00e8s individuel &gt;&gt;&gt; s\u00e9lectionnez Inscription individuelle &gt;&gt;&gt; puis \u00ab\u00a0CANDIDATURES INDIV. HORS PREPA CONCOURS EEO 141\u00a0\u00bb &gt;&gt;&gt; entrez le num\u00e9ro de DISPOSITIF tel qu&rsquo;il vous est propos\u00e9 en annexe ci-dessous &hellip; <\/p>\n<p><a class=\"more-link btn\" href=\"https:\/\/www.pedagogie.ac-nice.fr\/plplh\/paf-lettres-histoire-2018-2019-inscrivez-vous\/\">Lire la suite<\/a><\/p>\n","protected":false},"author":125,"featured_media":0,"comment_status":"closed","ping_status":"closed","sticky":false,"template":"","format":"standard","meta":{"ngg_post_thumbnail":0,"footnotes":""},"categories":[120],"tags":[74],"class_list":["post-2160","post","type-post","status-publish","format-standard","hentry","category-formations","tag-paf","item-wrap"],"rttpg_featured_image_url":null,"rttpg_author":{"display_name":"St\u00e9phane Cipriani","author_link":"https:\/\/www.pedagogie.ac-nice.fr\/plplh\/author\/fferrare\/"},"rttpg_comment":0,"rttpg_category":"<a href=\"https:\/\/www.pedagogie.ac-nice.fr\/plplh\/category\/formations\/\" rel=\"category tag\">Formations<\/a>","rttpg_excerpt":"Inscrivez vous au Plan Acad\u00e9mique de Formation sur GAIA jusqu&rsquo;au 21 septembre 2018. Pour rappel vous acc\u00e9dez \u00e0 GAIA par\u00a0ESTEREL\u00a0&gt;&gt;&gt; Mes Applications &gt;&gt;&gt; Formations &gt;&gt;&gt; GAIA Acc\u00e8s individuel &gt;&gt;&gt; s\u00e9lectionnez Inscription individuelle &gt;&gt;&gt; puis \u00ab\u00a0CANDIDATURES INDIV. HORS PREPA CONCOURS EEO 141\u00a0\u00bb &gt;&gt;&gt; entrez le num\u00e9ro de DISPOSITIF tel qu&rsquo;il vous est propos\u00e9 en annexe ci-dessous\u2026","post_mailing_queue_ids":[],"_links":{"self":[{"href":"https:\/\/www.pedagogie.ac-nice.fr\/plplh\/wp-json\/wp\/v2\/posts\/2160","targetHints":{"allow":["GET"]}}],"collection":[{"href":"https:\/\/www.pedagogie.ac-nice.fr\/plplh\/wp-json\/wp\/v2\/posts"}],"about":[{"href":"https:\/\/www.pedagogie.ac-nice.fr\/plplh\/wp-json\/wp\/v2\/types\/post"}],"author":[{"embeddable":true,"href":"https:\/\/www.pedagogie.ac-nice.fr\/plplh\/wp-json\/wp\/v2\/users\/125"}],"replies":[{"embeddable":true,"href":"https:\/\/www.pedagogie.ac-nice.fr\/plplh\/wp-json\/wp\/v2\/comments?post=2160"}],"version-history":[{"count":6,"href":"https:\/\/www.pedagogie.ac-nice.fr\/plplh\/wp-json\/wp\/v2\/posts\/2160\/revisions"}],"predecessor-version":[{"id":3098,"href":"https:\/\/www.pedagogie.ac-nice.fr\/plplh\/wp-json\/wp\/v2\/posts\/2160\/revisions\/3098"}],"wp:attachment":[{"href":"https:\/\/www.pedagogie.ac-nice.fr\/plplh\/wp-json\/wp\/v2\/media?parent=2160"}],"wp:term":[{"taxonomy":"category","embeddable":true,"href":"https:\/\/www.pedagogie.ac-nice.fr\/plplh\/wp-json\/wp\/v2\/categories?post=2160"},{"taxonomy":"post_tag","embeddable":true,"href":"https:\/\/www.pedagogie.ac-nice.fr\/plplh\/wp-json\/wp\/v2\/tags?post=2160"}],"curies":[{"name":"wp","href":"https:\/\/api.w.org\/{rel}","templated":true}]}}