{"id":2200,"date":"2018-09-12T19:46:11","date_gmt":"2018-09-12T17:46:11","guid":{"rendered":"https:\/\/www.pedagogie.ac-nice.fr\/plplh\/?p=2200"},"modified":"2020-08-24T18:12:48","modified_gmt":"2020-08-24T16:12:48","slug":"rappel-inscriptions-paf-2018-2018-jusquau-21-septembre","status":"publish","type":"post","link":"https:\/\/www.pedagogie.ac-nice.fr\/plplh\/rappel-inscriptions-paf-2018-2018-jusquau-21-septembre\/","title":{"rendered":"RAPPEL: inscriptions PAF 2018-2019, jusqu&rsquo;au 21 septembre!"},"content":{"rendered":"<p>Les inscriptions au\u00a0<strong>Plan Acad\u00e9mique de Formation sur GAIA\u00a0sont ouvertes \u00a0jusqu&rsquo;au 21 septembre 2018.<\/strong><\/p>\n<p>Pour rappel vous acc\u00e9dez \u00e0 GAIA par\u00a0<a href=\"https:\/\/esterel.ac-nice.fr\/plog\/public\/login\" target=\"_blank\" rel=\"noopener noreferrer\">ESTEREL<\/a>\u00a0&gt;&gt;&gt; Mes Applications &gt;&gt;&gt; Formations &gt;&gt;&gt; GAIA Acc\u00e8s individuel &gt;&gt;&gt; s\u00e9lectionnez Inscription individuelle &gt;&gt;&gt; puis \u00ab\u00a0CANDIDATURES INDIV. HORS PREPA CONCOURS EEO 141\u00a0\u00bb &gt;&gt;&gt; entrez le num\u00e9ro de DISPOSITIF tel qu&rsquo;il vous est propos\u00e9 dans les documents ci-dessous &gt;&gt;&gt; <strong>inscrivez vous<\/strong>\u00a0!<\/p>\n<p>Nous vous proposons ici un panel des stages qui pourront vous int\u00e9resser:<\/p>\n<ul>\n<li>En\u00a0<strong><a href=\"https:\/\/www.pedagogie.ac-nice.fr\/plplh\/wp-content\/uploads\/sites\/18\/2018\/09\/18-19PAF-LHG.pdf\">Lettres &#8211; Histoire-G\u00e9ographie<\/a><\/strong><\/li>\n<li>Sur l&rsquo;enseignement de la <strong><a href=\"https:\/\/www.pedagogie.ac-nice.fr\/plplh\/wp-content\/uploads\/sites\/18\/2018\/09\/18-19PAF-laicit\u00e9-citoyennet\u00e9.pdf\">citoyennet\u00e9, la la\u00efcit\u00e9, les valeurs de la R\u00e9publique<\/a>\u00a0<\/strong><\/li>\n<li>Sur des dispositifs transversaux d&rsquo;<strong><a href=\"https:\/\/www.pedagogie.ac-nice.fr\/plplh\/wp-content\/uploads\/sites\/18\/2018\/09\/18-19PAF-dispositifs-transversaux.pdf\">accompagnement de nos \u00e9l\u00e8ves<\/a><\/strong><\/li>\n<li>Sur des dispositifs li\u00e9s \u00e0 l&rsquo;<strong><a href=\"https:\/\/www.pedagogie.ac-nice.fr\/plplh\/wp-content\/uploads\/sites\/18\/2018\/09\/18-19PAF-DAAC.pdf\">Action culturelle<\/a><\/strong><\/li>\n<\/ul>\n<p>&nbsp;<\/p>\n<p>&nbsp;<\/p>\n","protected":false},"excerpt":{"rendered":"<p>Les inscriptions au\u00a0Plan Acad\u00e9mique de Formation sur GAIA\u00a0sont ouvertes \u00a0jusqu&rsquo;au 21 septembre 2018. Pour rappel vous acc\u00e9dez \u00e0 GAIA par\u00a0ESTEREL\u00a0&gt;&gt;&gt; Mes Applications &gt;&gt;&gt; Formations &gt;&gt;&gt; GAIA Acc\u00e8s individuel &gt;&gt;&gt; s\u00e9lectionnez Inscription individuelle &gt;&gt;&gt; puis \u00ab\u00a0CANDIDATURES INDIV. HORS PREPA CONCOURS EEO 141\u00a0\u00bb &gt;&gt;&gt; entrez le num\u00e9ro de DISPOSITIF tel qu&rsquo;il vous est propos\u00e9 dans les documents &hellip; <\/p>\n<p><a class=\"more-link btn\" href=\"https:\/\/www.pedagogie.ac-nice.fr\/plplh\/rappel-inscriptions-paf-2018-2018-jusquau-21-septembre\/\">Lire la suite<\/a><\/p>\n","protected":false},"author":125,"featured_media":0,"comment_status":"closed","ping_status":"closed","sticky":false,"template":"","format":"standard","meta":{"ngg_post_thumbnail":0,"footnotes":""},"categories":[120],"tags":[],"class_list":["post-2200","post","type-post","status-publish","format-standard","hentry","category-formations","item-wrap"],"rttpg_featured_image_url":null,"rttpg_author":{"display_name":"St\u00e9phane Cipriani","author_link":"https:\/\/www.pedagogie.ac-nice.fr\/plplh\/author\/fferrare\/"},"rttpg_comment":0,"rttpg_category":"<a href=\"https:\/\/www.pedagogie.ac-nice.fr\/plplh\/category\/formations\/\" rel=\"category tag\">Formations<\/a>","rttpg_excerpt":"Les inscriptions au\u00a0Plan Acad\u00e9mique de Formation sur GAIA\u00a0sont ouvertes \u00a0jusqu&rsquo;au 21 septembre 2018. Pour rappel vous acc\u00e9dez \u00e0 GAIA par\u00a0ESTEREL\u00a0&gt;&gt;&gt; Mes Applications &gt;&gt;&gt; Formations &gt;&gt;&gt; GAIA Acc\u00e8s individuel &gt;&gt;&gt; s\u00e9lectionnez Inscription individuelle &gt;&gt;&gt; puis \u00ab\u00a0CANDIDATURES INDIV. HORS PREPA CONCOURS EEO 141\u00a0\u00bb &gt;&gt;&gt; entrez le num\u00e9ro de DISPOSITIF tel qu&rsquo;il vous est propos\u00e9 dans les documents\u2026","post_mailing_queue_ids":[],"_links":{"self":[{"href":"https:\/\/www.pedagogie.ac-nice.fr\/plplh\/wp-json\/wp\/v2\/posts\/2200","targetHints":{"allow":["GET"]}}],"collection":[{"href":"https:\/\/www.pedagogie.ac-nice.fr\/plplh\/wp-json\/wp\/v2\/posts"}],"about":[{"href":"https:\/\/www.pedagogie.ac-nice.fr\/plplh\/wp-json\/wp\/v2\/types\/post"}],"author":[{"embeddable":true,"href":"https:\/\/www.pedagogie.ac-nice.fr\/plplh\/wp-json\/wp\/v2\/users\/125"}],"replies":[{"embeddable":true,"href":"https:\/\/www.pedagogie.ac-nice.fr\/plplh\/wp-json\/wp\/v2\/comments?post=2200"}],"version-history":[{"count":3,"href":"https:\/\/www.pedagogie.ac-nice.fr\/plplh\/wp-json\/wp\/v2\/posts\/2200\/revisions"}],"predecessor-version":[{"id":2984,"href":"https:\/\/www.pedagogie.ac-nice.fr\/plplh\/wp-json\/wp\/v2\/posts\/2200\/revisions\/2984"}],"wp:attachment":[{"href":"https:\/\/www.pedagogie.ac-nice.fr\/plplh\/wp-json\/wp\/v2\/media?parent=2200"}],"wp:term":[{"taxonomy":"category","embeddable":true,"href":"https:\/\/www.pedagogie.ac-nice.fr\/plplh\/wp-json\/wp\/v2\/categories?post=2200"},{"taxonomy":"post_tag","embeddable":true,"href":"https:\/\/www.pedagogie.ac-nice.fr\/plplh\/wp-json\/wp\/v2\/tags?post=2200"}],"curies":[{"name":"wp","href":"https:\/\/api.w.org\/{rel}","templated":true}]}}