{"id":2209,"date":"2018-09-21T15:54:31","date_gmt":"2018-09-21T13:54:31","guid":{"rendered":"https:\/\/www.pedagogie.ac-nice.fr\/plplh\/?p=2209"},"modified":"2019-06-11T17:38:06","modified_gmt":"2019-06-11T15:38:06","slug":"sujet-dexamen-dnb-histoire-geographie-emc","status":"publish","type":"post","link":"https:\/\/www.pedagogie.ac-nice.fr\/plplh\/sujet-dexamen-dnb-histoire-geographie-emc\/","title":{"rendered":"Sujet d&rsquo;examen session de septembre: DNB, Histoire-G\u00e9ographie EMC"},"content":{"rendered":"<p>Vous trouverez ici le sujet d&rsquo;examen de DNB s\u00e9rie professionnelle pour la session de septembre 2018 en\u00a0<strong><a href=\"https:\/\/www.pedagogie.ac-nice.fr\/plplh\/wp-content\/uploads\/sites\/18\/2018\/09\/18PROHGEMCME3.pdf\">Histoire-G\u00e9ographie EMC<\/a><\/strong>\u00a0et son\u00a0<strong><a href=\"https:\/\/www.pedagogie.ac-nice.fr\/plplh\/wp-content\/uploads\/sites\/18\/2018\/09\/18PROHGEMCME3C.pdf\">corrig\u00e9<\/a><\/strong>.<\/p>\n","protected":false},"excerpt":{"rendered":"<p>Vous trouverez ici le sujet d&rsquo;examen de DNB s\u00e9rie professionnelle pour la session de septembre 2018 en\u00a0Histoire-G\u00e9ographie EMC\u00a0et son\u00a0corrig\u00e9.<\/p>\n","protected":false},"author":125,"featured_media":0,"comment_status":"closed","ping_status":"closed","sticky":false,"template":"","format":"standard","meta":{"ngg_post_thumbnail":0,"footnotes":""},"categories":[2,6],"tags":[],"class_list":["post-2209","post","type-post","status-publish","format-standard","hentry","category-3eme-pep","category-examens","item-wrap"],"rttpg_featured_image_url":null,"rttpg_author":{"display_name":"St\u00e9phane Cipriani","author_link":"https:\/\/www.pedagogie.ac-nice.fr\/plplh\/author\/fferrare\/"},"rttpg_comment":0,"rttpg_category":"<a href=\"https:\/\/www.pedagogie.ac-nice.fr\/plplh\/category\/3eme-pep\/\" rel=\"category tag\">3\u00e8me Pr\u00e9pa-m\u00e9tiers<\/a> <a href=\"https:\/\/www.pedagogie.ac-nice.fr\/plplh\/category\/examens\/\" rel=\"category tag\">Examens<\/a>","rttpg_excerpt":"Vous trouverez ici le sujet d&rsquo;examen de DNB s\u00e9rie professionnelle pour la session de septembre 2018 en\u00a0Histoire-G\u00e9ographie EMC\u00a0et son\u00a0corrig\u00e9.","post_mailing_queue_ids":[],"_links":{"self":[{"href":"https:\/\/www.pedagogie.ac-nice.fr\/plplh\/wp-json\/wp\/v2\/posts\/2209","targetHints":{"allow":["GET"]}}],"collection":[{"href":"https:\/\/www.pedagogie.ac-nice.fr\/plplh\/wp-json\/wp\/v2\/posts"}],"about":[{"href":"https:\/\/www.pedagogie.ac-nice.fr\/plplh\/wp-json\/wp\/v2\/types\/post"}],"author":[{"embeddable":true,"href":"https:\/\/www.pedagogie.ac-nice.fr\/plplh\/wp-json\/wp\/v2\/users\/125"}],"replies":[{"embeddable":true,"href":"https:\/\/www.pedagogie.ac-nice.fr\/plplh\/wp-json\/wp\/v2\/comments?post=2209"}],"version-history":[{"count":2,"href":"https:\/\/www.pedagogie.ac-nice.fr\/plplh\/wp-json\/wp\/v2\/posts\/2209\/revisions"}],"predecessor-version":[{"id":2213,"href":"https:\/\/www.pedagogie.ac-nice.fr\/plplh\/wp-json\/wp\/v2\/posts\/2209\/revisions\/2213"}],"wp:attachment":[{"href":"https:\/\/www.pedagogie.ac-nice.fr\/plplh\/wp-json\/wp\/v2\/media?parent=2209"}],"wp:term":[{"taxonomy":"category","embeddable":true,"href":"https:\/\/www.pedagogie.ac-nice.fr\/plplh\/wp-json\/wp\/v2\/categories?post=2209"},{"taxonomy":"post_tag","embeddable":true,"href":"https:\/\/www.pedagogie.ac-nice.fr\/plplh\/wp-json\/wp\/v2\/tags?post=2209"}],"curies":[{"name":"wp","href":"https:\/\/api.w.org\/{rel}","templated":true}]}}