{"id":2239,"date":"2018-09-22T17:40:54","date_gmt":"2018-09-22T15:40:54","guid":{"rendered":"https:\/\/www.pedagogie.ac-nice.fr\/plplh\/?p=2239"},"modified":"2019-06-11T17:37:49","modified_gmt":"2019-06-11T15:37:49","slug":"francais-dnb-serie-professionnelle-septembre-2018","status":"publish","type":"post","link":"https:\/\/www.pedagogie.ac-nice.fr\/plplh\/francais-dnb-serie-professionnelle-septembre-2018\/","title":{"rendered":"Fran\u00e7ais, DNB, s\u00e9rie professionnelle, septembre 2018"},"content":{"rendered":"<p>Vous trouverez ici le sujet de fran\u00e7ais du DNB s\u00e9rie professionnelle pour la session de septembre 2018:<\/p>\n<ul>\n<li>L&rsquo;\u00e9preuve de\u00a0<a href=\"https:\/\/www.pedagogie.ac-nice.fr\/plplh\/wp-content\/uploads\/sites\/18\/2018\/09\/dict\u00e9e.pdf\">dict\u00e9e<\/a>\u00a0et de\u00a0<a href=\"https:\/\/www.pedagogie.ac-nice.fr\/plplh\/wp-content\/uploads\/sites\/18\/2018\/09\/dict\u00e9e-am\u00e9nag\u00e9e.pdf\">dict\u00e9e am\u00e9nag\u00e9e<\/a>.<\/li>\n<li>L&rsquo;\u00e9preuve de\u00a0<a href=\"https:\/\/www.pedagogie.ac-nice.fr\/plplh\/wp-content\/uploads\/sites\/18\/2018\/09\/grammaire-et-comp\u00e9tences-linguisitques-Compr\u00e9hension-et-comp\u00e9tences-dinterpr\u00e9tation.pdf\">grammaire et comp\u00e9tences linguistiques, compr\u00e9hension et comp\u00e9tences d&rsquo;interpr\u00e9tation<\/a><\/li>\n<li>L&rsquo;\u00e9preuve de\u00a0<a href=\"https:\/\/www.pedagogie.ac-nice.fr\/plplh\/wp-content\/uploads\/sites\/18\/2018\/09\/r\u00e9daction.pdf\">r\u00e9daction<\/a><\/li>\n<li>Les\u00a0<a href=\"https:\/\/www.pedagogie.ac-nice.fr\/plplh\/wp-content\/uploads\/sites\/18\/2018\/09\/\u00e9l\u00e9ments-de-correction.pdf\">\u00e9l\u00e9ments de correction<\/a>.<\/li>\n<\/ul>\n","protected":false},"excerpt":{"rendered":"<p>Vous trouverez ici le sujet de fran\u00e7ais du DNB s\u00e9rie professionnelle pour la session de septembre 2018: L&rsquo;\u00e9preuve de\u00a0dict\u00e9e\u00a0et de\u00a0dict\u00e9e am\u00e9nag\u00e9e. L&rsquo;\u00e9preuve de\u00a0grammaire et comp\u00e9tences linguistiques, compr\u00e9hension et comp\u00e9tences d&rsquo;interpr\u00e9tation L&rsquo;\u00e9preuve de\u00a0r\u00e9daction Les\u00a0\u00e9l\u00e9ments de correction.<\/p>\n","protected":false},"author":125,"featured_media":0,"comment_status":"closed","ping_status":"closed","sticky":false,"template":"","format":"standard","meta":{"ngg_post_thumbnail":0,"footnotes":""},"categories":[2,6],"tags":[],"class_list":["post-2239","post","type-post","status-publish","format-standard","hentry","category-3eme-pep","category-examens","item-wrap"],"rttpg_featured_image_url":null,"rttpg_author":{"display_name":"St\u00e9phane Cipriani","author_link":"https:\/\/www.pedagogie.ac-nice.fr\/plplh\/author\/fferrare\/"},"rttpg_comment":0,"rttpg_category":"<a href=\"https:\/\/www.pedagogie.ac-nice.fr\/plplh\/category\/3eme-pep\/\" rel=\"category tag\">3\u00e8me Pr\u00e9pa-m\u00e9tiers<\/a> <a href=\"https:\/\/www.pedagogie.ac-nice.fr\/plplh\/category\/examens\/\" rel=\"category tag\">Examens<\/a>","rttpg_excerpt":"Vous trouverez ici le sujet de fran\u00e7ais du DNB s\u00e9rie professionnelle pour la session de septembre 2018: L&rsquo;\u00e9preuve de\u00a0dict\u00e9e\u00a0et de\u00a0dict\u00e9e am\u00e9nag\u00e9e. L&rsquo;\u00e9preuve de\u00a0grammaire et comp\u00e9tences linguistiques, compr\u00e9hension et comp\u00e9tences d&rsquo;interpr\u00e9tation L&rsquo;\u00e9preuve de\u00a0r\u00e9daction Les\u00a0\u00e9l\u00e9ments de correction.","post_mailing_queue_ids":[],"_links":{"self":[{"href":"https:\/\/www.pedagogie.ac-nice.fr\/plplh\/wp-json\/wp\/v2\/posts\/2239","targetHints":{"allow":["GET"]}}],"collection":[{"href":"https:\/\/www.pedagogie.ac-nice.fr\/plplh\/wp-json\/wp\/v2\/posts"}],"about":[{"href":"https:\/\/www.pedagogie.ac-nice.fr\/plplh\/wp-json\/wp\/v2\/types\/post"}],"author":[{"embeddable":true,"href":"https:\/\/www.pedagogie.ac-nice.fr\/plplh\/wp-json\/wp\/v2\/users\/125"}],"replies":[{"embeddable":true,"href":"https:\/\/www.pedagogie.ac-nice.fr\/plplh\/wp-json\/wp\/v2\/comments?post=2239"}],"version-history":[{"count":1,"href":"https:\/\/www.pedagogie.ac-nice.fr\/plplh\/wp-json\/wp\/v2\/posts\/2239\/revisions"}],"predecessor-version":[{"id":2245,"href":"https:\/\/www.pedagogie.ac-nice.fr\/plplh\/wp-json\/wp\/v2\/posts\/2239\/revisions\/2245"}],"wp:attachment":[{"href":"https:\/\/www.pedagogie.ac-nice.fr\/plplh\/wp-json\/wp\/v2\/media?parent=2239"}],"wp:term":[{"taxonomy":"category","embeddable":true,"href":"https:\/\/www.pedagogie.ac-nice.fr\/plplh\/wp-json\/wp\/v2\/categories?post=2239"},{"taxonomy":"post_tag","embeddable":true,"href":"https:\/\/www.pedagogie.ac-nice.fr\/plplh\/wp-json\/wp\/v2\/tags?post=2239"}],"curies":[{"name":"wp","href":"https:\/\/api.w.org\/{rel}","templated":true}]}}