{"id":2255,"date":"2018-09-25T14:48:05","date_gmt":"2018-09-25T12:48:05","guid":{"rendered":"https:\/\/www.pedagogie.ac-nice.fr\/plplh\/?p=2255"},"modified":"2019-06-11T17:37:40","modified_gmt":"2019-06-11T15:37:40","slug":"actions-et-projets-prix-de-la-laicite","status":"publish","type":"post","link":"https:\/\/www.pedagogie.ac-nice.fr\/plplh\/actions-et-projets-prix-de-la-laicite\/","title":{"rendered":"Actions et Projets: PRIX DE LA LA\u00cfCIT\u00c9"},"content":{"rendered":"<p>Depuis 2015, le\u00a0<strong><a href=\"http:\/\/eduscol.education.fr\/cid133358\/prix-de-la-laicite-de-la-republique-francaise.html\" target=\"_blank\" rel=\"noopener noreferrer\">PRIX DE LA LA\u00cfCIT\u00c9 DE LA R\u00c9PUBLIQUE FRAN\u00c7AISE<\/a><\/strong>\u00a0est d\u00e9cern\u00e9 par\u00a0l&rsquo;Observatoire de la la\u00efcit\u00e9 chaque 9 d\u00e9cembre \u00e0 l&rsquo;occasion de la comm\u00e9moration de la Loi de s\u00e9paration des \u00c9glises et de l&rsquo;Etat de 1905.<\/p>\n<p>Il\u00a0<strong>distingue et encourage des actions de terrain et des projets portant sur la\u00a0<\/strong><strong>\u00a0<\/strong><strong>protection et la promotion effectives de la la\u00efcit\u00e9<\/strong>.<\/p>\n<p>Vous trouverez ici\u00a0<strong><a href=\"https:\/\/www.pedagogie.ac-nice.fr\/plplh\/wp-content\/uploads\/sites\/18\/2018\/09\/Prix_de_la_laicite_de_la_Republique_francaise_presentation_et_reglement_989762.pdf\">la pr\u00e9sentation et le r\u00e8glement<\/a><\/strong>\u00a0du prix et\u00a0<strong><a href=\"https:\/\/www.pedagogie.ac-nice.fr\/plplh\/wp-content\/uploads\/sites\/18\/2018\/09\/Prix_de_la_laicite_2018_-_Appel_a_candidatures_2018_989760.pdf\">l&rsquo;appel \u00e0 candidatures<\/a><\/strong>\u00a0pour l&rsquo;\u00e9dition 2018.<\/p>\n<p>Pour l&rsquo;\u00e9dition 2018, la date limite de d\u00e9p\u00f4t des candidatures est fix\u00e9e au\u00a0<strong>lundi 31 octobre 2018<\/strong>.<\/p>\n","protected":false},"excerpt":{"rendered":"<p>Depuis 2015, le\u00a0PRIX DE LA LA\u00cfCIT\u00c9 DE LA R\u00c9PUBLIQUE FRAN\u00c7AISE\u00a0est d\u00e9cern\u00e9 par\u00a0l&rsquo;Observatoire de la la\u00efcit\u00e9 chaque 9 d\u00e9cembre \u00e0 l&rsquo;occasion de la comm\u00e9moration de la Loi de s\u00e9paration des \u00c9glises et de l&rsquo;Etat de 1905. Il\u00a0distingue et encourage des actions de terrain et des projets portant sur la\u00a0\u00a0protection et la promotion effectives de la la\u00efcit\u00e9. &hellip; <\/p>\n<p><a class=\"more-link btn\" href=\"https:\/\/www.pedagogie.ac-nice.fr\/plplh\/actions-et-projets-prix-de-la-laicite\/\">Lire la suite<\/a><\/p>\n","protected":false},"author":125,"featured_media":0,"comment_status":"closed","ping_status":"closed","sticky":false,"template":"","format":"standard","meta":{"ngg_post_thumbnail":0,"footnotes":""},"categories":[100],"tags":[],"class_list":["post-2255","post","type-post","status-publish","format-standard","hentry","category-prix-et-concours","item-wrap"],"rttpg_featured_image_url":null,"rttpg_author":{"display_name":"St\u00e9phane Cipriani","author_link":"https:\/\/www.pedagogie.ac-nice.fr\/plplh\/author\/fferrare\/"},"rttpg_comment":0,"rttpg_category":"<a href=\"https:\/\/www.pedagogie.ac-nice.fr\/plplh\/category\/prix-et-concours\/\" rel=\"category tag\">Prix, Concours et Projets<\/a>","rttpg_excerpt":"Depuis 2015, le\u00a0PRIX DE LA LA\u00cfCIT\u00c9 DE LA R\u00c9PUBLIQUE FRAN\u00c7AISE\u00a0est d\u00e9cern\u00e9 par\u00a0l&rsquo;Observatoire de la la\u00efcit\u00e9 chaque 9 d\u00e9cembre \u00e0 l&rsquo;occasion de la comm\u00e9moration de la Loi de s\u00e9paration des \u00c9glises et de l&rsquo;Etat de 1905. Il\u00a0distingue et encourage des actions de terrain et des projets portant sur la\u00a0\u00a0protection et la promotion effectives de la la\u00efcit\u00e9.\u2026","post_mailing_queue_ids":[],"_links":{"self":[{"href":"https:\/\/www.pedagogie.ac-nice.fr\/plplh\/wp-json\/wp\/v2\/posts\/2255","targetHints":{"allow":["GET"]}}],"collection":[{"href":"https:\/\/www.pedagogie.ac-nice.fr\/plplh\/wp-json\/wp\/v2\/posts"}],"about":[{"href":"https:\/\/www.pedagogie.ac-nice.fr\/plplh\/wp-json\/wp\/v2\/types\/post"}],"author":[{"embeddable":true,"href":"https:\/\/www.pedagogie.ac-nice.fr\/plplh\/wp-json\/wp\/v2\/users\/125"}],"replies":[{"embeddable":true,"href":"https:\/\/www.pedagogie.ac-nice.fr\/plplh\/wp-json\/wp\/v2\/comments?post=2255"}],"version-history":[{"count":4,"href":"https:\/\/www.pedagogie.ac-nice.fr\/plplh\/wp-json\/wp\/v2\/posts\/2255\/revisions"}],"predecessor-version":[{"id":2460,"href":"https:\/\/www.pedagogie.ac-nice.fr\/plplh\/wp-json\/wp\/v2\/posts\/2255\/revisions\/2460"}],"wp:attachment":[{"href":"https:\/\/www.pedagogie.ac-nice.fr\/plplh\/wp-json\/wp\/v2\/media?parent=2255"}],"wp:term":[{"taxonomy":"category","embeddable":true,"href":"https:\/\/www.pedagogie.ac-nice.fr\/plplh\/wp-json\/wp\/v2\/categories?post=2255"},{"taxonomy":"post_tag","embeddable":true,"href":"https:\/\/www.pedagogie.ac-nice.fr\/plplh\/wp-json\/wp\/v2\/tags?post=2255"}],"curies":[{"name":"wp","href":"https:\/\/api.w.org\/{rel}","templated":true}]}}