{"id":2277,"date":"2018-12-07T18:06:33","date_gmt":"2018-12-07T17:06:33","guid":{"rendered":"https:\/\/www.pedagogie.ac-nice.fr\/plplh\/?p=2277"},"modified":"2019-06-11T17:37:07","modified_gmt":"2019-06-11T15:37:07","slug":"ressources-enseigner-la-defense","status":"publish","type":"post","link":"https:\/\/www.pedagogie.ac-nice.fr\/plplh\/ressources-enseigner-la-defense\/","title":{"rendered":"Ressources : Enseigner la D\u00e9fense"},"content":{"rendered":"<p>Le site\u00a0<a href=\"http:\/\/www.cheminsdememoire.gouv.fr\/fr\/enseigner-la-defense-et-la-securite-nationale-documents-de-travail\" target=\"_blank\" rel=\"noopener noreferrer\">chemins de m\u00e9moire<\/a>\u00a0propose un cadre de r\u00e9flexion sur les transformations de la d\u00e9fense de la France et la notion de puissance.<\/p>\n<p>Dans le cadre du parcours de citoyennet\u00e9 de chaque \u00e9l\u00e8ve nous vous proposons ces ressources utiles en Histoire, G\u00e9ographie et EMC.<\/p>\n<p>Un \u00e9clairage est apport\u00e9 sur des th\u00e8mes d\u2019actualit\u00e9 comme les op\u00e9rations ext\u00e9rieures, la cyberd\u00e9fense, la lutte contre le terrorisme ou les interventions contre les catastrophes naturelles et \u00e9pid\u00e9miques.<\/p>\n","protected":false},"excerpt":{"rendered":"<p>Le site\u00a0chemins de m\u00e9moire\u00a0propose un cadre de r\u00e9flexion sur les transformations de la d\u00e9fense de la France et la notion de puissance. Dans le cadre du parcours de citoyennet\u00e9 de chaque \u00e9l\u00e8ve nous vous proposons ces ressources utiles en Histoire, G\u00e9ographie et EMC. Un \u00e9clairage est apport\u00e9 sur des th\u00e8mes d\u2019actualit\u00e9 comme les op\u00e9rations ext\u00e9rieures, &hellip; <\/p>\n<p><a class=\"more-link btn\" href=\"https:\/\/www.pedagogie.ac-nice.fr\/plplh\/ressources-enseigner-la-defense\/\">Lire la suite<\/a><\/p>\n","protected":false},"author":125,"featured_media":0,"comment_status":"closed","ping_status":"closed","sticky":false,"template":"","format":"standard","meta":{"ngg_post_thumbnail":0,"footnotes":""},"categories":[101],"tags":[],"class_list":["post-2277","post","type-post","status-publish","format-standard","hentry","category-ressources","item-wrap"],"rttpg_featured_image_url":null,"rttpg_author":{"display_name":"St\u00e9phane Cipriani","author_link":"https:\/\/www.pedagogie.ac-nice.fr\/plplh\/author\/fferrare\/"},"rttpg_comment":0,"rttpg_category":"<a href=\"https:\/\/www.pedagogie.ac-nice.fr\/plplh\/category\/ressources\/\" rel=\"category tag\">Ressources p\u00e9dagogiques<\/a>","rttpg_excerpt":"Le site\u00a0chemins de m\u00e9moire\u00a0propose un cadre de r\u00e9flexion sur les transformations de la d\u00e9fense de la France et la notion de puissance. Dans le cadre du parcours de citoyennet\u00e9 de chaque \u00e9l\u00e8ve nous vous proposons ces ressources utiles en Histoire, G\u00e9ographie et EMC. Un \u00e9clairage est apport\u00e9 sur des th\u00e8mes d\u2019actualit\u00e9 comme les op\u00e9rations ext\u00e9rieures,\u2026","post_mailing_queue_ids":[],"_links":{"self":[{"href":"https:\/\/www.pedagogie.ac-nice.fr\/plplh\/wp-json\/wp\/v2\/posts\/2277","targetHints":{"allow":["GET"]}}],"collection":[{"href":"https:\/\/www.pedagogie.ac-nice.fr\/plplh\/wp-json\/wp\/v2\/posts"}],"about":[{"href":"https:\/\/www.pedagogie.ac-nice.fr\/plplh\/wp-json\/wp\/v2\/types\/post"}],"author":[{"embeddable":true,"href":"https:\/\/www.pedagogie.ac-nice.fr\/plplh\/wp-json\/wp\/v2\/users\/125"}],"replies":[{"embeddable":true,"href":"https:\/\/www.pedagogie.ac-nice.fr\/plplh\/wp-json\/wp\/v2\/comments?post=2277"}],"version-history":[{"count":3,"href":"https:\/\/www.pedagogie.ac-nice.fr\/plplh\/wp-json\/wp\/v2\/posts\/2277\/revisions"}],"predecessor-version":[{"id":2889,"href":"https:\/\/www.pedagogie.ac-nice.fr\/plplh\/wp-json\/wp\/v2\/posts\/2277\/revisions\/2889"}],"wp:attachment":[{"href":"https:\/\/www.pedagogie.ac-nice.fr\/plplh\/wp-json\/wp\/v2\/media?parent=2277"}],"wp:term":[{"taxonomy":"category","embeddable":true,"href":"https:\/\/www.pedagogie.ac-nice.fr\/plplh\/wp-json\/wp\/v2\/categories?post=2277"},{"taxonomy":"post_tag","embeddable":true,"href":"https:\/\/www.pedagogie.ac-nice.fr\/plplh\/wp-json\/wp\/v2\/tags?post=2277"}],"curies":[{"name":"wp","href":"https:\/\/api.w.org\/{rel}","templated":true}]}}