{"id":2374,"date":"2019-04-25T15:06:31","date_gmt":"2019-04-25T13:06:31","guid":{"rendered":"https:\/\/www.pedagogie.ac-nice.fr\/plplh\/?p=2374"},"modified":"2019-04-26T09:15:08","modified_gmt":"2019-04-26T07:15:08","slug":"prix-litteraire-rentree-en-images-2019-2020","status":"publish","type":"post","link":"https:\/\/www.pedagogie.ac-nice.fr\/plplh\/prix-litteraire-rentree-en-images-2019-2020\/","title":{"rendered":"Prix Litt\u00e9raire \/ Rentr\u00e9e en images 2019-2020"},"content":{"rendered":"<p>La r\u00e9gion vient de lancer les<a href=\"https:\/\/www.pedagogie.ac-nice.fr\/plplh\/wp-content\/uploads\/sites\/18\/2019\/04\/index.jpg\"><img loading=\"lazy\" decoding=\"async\" class=\" wp-image-2376 alignleft\" src=\"https:\/\/www.pedagogie.ac-nice.fr\/plplh\/wp-content\/uploads\/sites\/18\/2019\/04\/index.jpg\" alt=\"\" width=\"170\" height=\"169\" \/><\/a> dispositifs \u00ab <strong>Prix litt\u00e9raire<\/strong> \u00bb et \u00ab <strong>Rentr\u00e9e en images<\/strong> \u00bb pour l\u2019ann\u00e9e scolaire 2019-2020.<\/p>\n<p>Si vous souhaitez en faire b\u00e9n\u00e9ficier votre \u00e9tablissement et afin de proc\u00e9der aux inscriptions via l\u2019application Viladeduc, du 16 avril au 6 juin 2019 inclus, nous vous invitons \u00e0 consulter les appels \u00e0 projet, via le site de la R\u00e9gion Provence-Alpes-C\u00f4te d&rsquo;Azur aux adresses suivantes :<\/p>\n<p>&nbsp;<\/p>\n<p><strong>Prix litt\u00e9raire<\/strong> : <a href=\"https:\/\/www.maregionsud.fr\/aides-et-appels-a-projets\/detail\/prix-litteraire-des-lyceens-et-des-apprentis\">https:\/\/www.maregionsud.fr\/aides-et-appels-a-projets\/detail\/prix-litteraire-des-lyceens-et-des-apprentis<\/a><\/p>\n<p><strong>Rentr\u00e9e en images<\/strong> : <a href=\"https:\/\/www.maregionsud.fr\/aides-et-appels-a-projets\/detail\/une-rentree-en-images\">https:\/\/www.maregionsud.fr\/aides-et-appels-a-projets\/detail\/une-rentree-en-images<\/a><\/p>\n<p>&nbsp;<\/p>\n","protected":false},"excerpt":{"rendered":"<p>La r\u00e9gion vient de lancer les dispositifs \u00ab Prix litt\u00e9raire \u00bb et \u00ab Rentr\u00e9e en images \u00bb pour l\u2019ann\u00e9e scolaire 2019-2020. Si vous souhaitez en faire b\u00e9n\u00e9ficier votre \u00e9tablissement et afin de proc\u00e9der aux inscriptions via l\u2019application Viladeduc, du 16 avril au 6 juin 2019 inclus, nous vous invitons \u00e0 consulter les appels \u00e0 projet, &hellip; <\/p>\n<p><a class=\"more-link btn\" href=\"https:\/\/www.pedagogie.ac-nice.fr\/plplh\/prix-litteraire-rentree-en-images-2019-2020\/\">Lire la suite<\/a><\/p>\n","protected":false},"author":195,"featured_media":0,"comment_status":"closed","ping_status":"closed","sticky":false,"template":"","format":"standard","meta":{"ngg_post_thumbnail":0,"footnotes":""},"categories":[100],"tags":[],"class_list":["post-2374","post","type-post","status-publish","format-standard","hentry","category-prix-et-concours","item-wrap"],"rttpg_featured_image_url":null,"rttpg_author":{"display_name":"David Lamoureux","author_link":"https:\/\/www.pedagogie.ac-nice.fr\/plplh\/author\/dlamoureux\/"},"rttpg_comment":0,"rttpg_category":"<a href=\"https:\/\/www.pedagogie.ac-nice.fr\/plplh\/category\/prix-et-concours\/\" rel=\"category tag\">Prix, Concours et Projets<\/a>","rttpg_excerpt":"La r\u00e9gion vient de lancer les dispositifs \u00ab Prix litt\u00e9raire \u00bb et \u00ab Rentr\u00e9e en images \u00bb pour l\u2019ann\u00e9e scolaire 2019-2020. Si vous souhaitez en faire b\u00e9n\u00e9ficier votre \u00e9tablissement et afin de proc\u00e9der aux inscriptions via l\u2019application Viladeduc, du 16 avril au 6 juin 2019 inclus, nous vous invitons \u00e0 consulter les appels \u00e0 projet,\u2026","post_mailing_queue_ids":[],"_links":{"self":[{"href":"https:\/\/www.pedagogie.ac-nice.fr\/plplh\/wp-json\/wp\/v2\/posts\/2374","targetHints":{"allow":["GET"]}}],"collection":[{"href":"https:\/\/www.pedagogie.ac-nice.fr\/plplh\/wp-json\/wp\/v2\/posts"}],"about":[{"href":"https:\/\/www.pedagogie.ac-nice.fr\/plplh\/wp-json\/wp\/v2\/types\/post"}],"author":[{"embeddable":true,"href":"https:\/\/www.pedagogie.ac-nice.fr\/plplh\/wp-json\/wp\/v2\/users\/195"}],"replies":[{"embeddable":true,"href":"https:\/\/www.pedagogie.ac-nice.fr\/plplh\/wp-json\/wp\/v2\/comments?post=2374"}],"version-history":[{"count":10,"href":"https:\/\/www.pedagogie.ac-nice.fr\/plplh\/wp-json\/wp\/v2\/posts\/2374\/revisions"}],"predecessor-version":[{"id":2391,"href":"https:\/\/www.pedagogie.ac-nice.fr\/plplh\/wp-json\/wp\/v2\/posts\/2374\/revisions\/2391"}],"wp:attachment":[{"href":"https:\/\/www.pedagogie.ac-nice.fr\/plplh\/wp-json\/wp\/v2\/media?parent=2374"}],"wp:term":[{"taxonomy":"category","embeddable":true,"href":"https:\/\/www.pedagogie.ac-nice.fr\/plplh\/wp-json\/wp\/v2\/categories?post=2374"},{"taxonomy":"post_tag","embeddable":true,"href":"https:\/\/www.pedagogie.ac-nice.fr\/plplh\/wp-json\/wp\/v2\/tags?post=2374"}],"curies":[{"name":"wp","href":"https:\/\/api.w.org\/{rel}","templated":true}]}}