{"id":3838,"date":"2020-04-06T10:43:58","date_gmt":"2020-04-06T08:43:58","guid":{"rendered":"https:\/\/www.pedagogie.ac-nice.fr\/plplh\/?p=3838"},"modified":"2020-04-08T19:21:43","modified_gmt":"2020-04-08T17:21:43","slug":"continuite-pedagogique-5-ressources-et-outils","status":"publish","type":"post","link":"https:\/\/www.pedagogie.ac-nice.fr\/plplh\/continuite-pedagogique-5-ressources-et-outils\/","title":{"rendered":"Continuit\u00e9 p\u00e9dagogique #5 &#8211; Nouvelles ressources"},"content":{"rendered":"<p>Vous trouverez de nouvelles ressources pour prolonger la continuit\u00e9 p\u00e9dagogique dans nos disciplines.<\/p>\n<ul>\n<li>Le <a href=\"https:\/\/www.pedagogie.ac-nice.fr\/plplh\/wp-content\/uploads\/sites\/18\/2020\/04\/coronavirus-covid-19-vademecum-continuit-p-dagogique-mise-jour-au-1er-avril-2020-66201.pdf\"><strong>vad\u00e9m\u00e9cum sur la Continuit\u00e9 p\u00e9dagogique <\/strong><\/a>mis \u00e0 jour le\u00a0 01\/04\/2020.<\/li>\n<li>Un diaporama qui recense des ressources en fran\u00e7ais, histoire-g\u00e9ographie et EMC pour la <strong><a href=\"https:\/\/www.pedagogie.ac-nice.fr\/plplh\/wp-content\/uploads\/sites\/18\/2020\/04\/continuit\u00e9-p\u00e9da-3\u00e8-pr\u00e9pa-m\u00e9tiers.pdf\">classe de 3\u00e8 Pr\u00e9pa-m\u00e9tiers<\/a><\/strong>. Vous pouvez aussi consulter ceux <a href=\"https:\/\/www.pedagogie.ac-nice.fr\/plplh\/continuite-pedagogique\/\">pour la Terminale CAP, la 1er Bac pro et la Terminale Bac pro<\/a>.<\/li>\n<li>Des <a href=\"https:\/\/www.pedagogie.ac-nice.fr\/plplh\/wp-content\/uploads\/sites\/18\/2020\/04\/VademecumOutils-PC-MAJ042020.pdf\"><strong>applications \u00e0 utiliser en ligne<\/strong> <\/a>\u00e0 partir d&rsquo;un navigateur Internet pour enseigner et pour faire travailler vos \u00e9l\u00e8ves \u00e0 distance.<\/li>\n<li>Des <a href=\"https:\/\/www.pedagogie.ac-nice.fr\/plplh\/wp-content\/uploads\/sites\/18\/2020\/04\/Applications-tablette-MAJ-avril2020.pdf\"><strong>applications pour la tablette<\/strong><\/a> pour enseigner et pour faire travailler vos \u00e9l\u00e8ves \u00e0 distance.<\/li>\n<\/ul>\n<p>Vous retrouvez ces ressources et bien d&rsquo;autres sur <strong>l&rsquo;<a href=\"https:\/\/tribu.phm.education.gouv.fr\/portal\/share\/bbOm6v\">espace collaboratif Tribu<\/a>. <\/strong>Des liens, des ressources et des propositions p\u00e9dagogiques l&rsquo;enrichissent r\u00e9guli\u00e8rement. N&rsquo;h\u00e9sitez pas \u00e0 le consulter.<\/p>\n<p>Bon courage et bonnes vacances.<\/p>\n","protected":false},"excerpt":{"rendered":"<p>Vous trouverez de nouvelles ressources pour prolonger la continuit\u00e9 p\u00e9dagogique dans nos disciplines. Le vad\u00e9m\u00e9cum sur la Continuit\u00e9 p\u00e9dagogique mis \u00e0 jour le\u00a0 01\/04\/2020. Un diaporama qui recense des ressources en fran\u00e7ais, histoire-g\u00e9ographie et EMC pour la classe de 3\u00e8 Pr\u00e9pa-m\u00e9tiers. Vous pouvez aussi consulter ceux pour la Terminale CAP, la 1er Bac pro et &hellip; <\/p>\n<p><a class=\"more-link btn\" href=\"https:\/\/www.pedagogie.ac-nice.fr\/plplh\/continuite-pedagogique-5-ressources-et-outils\/\">Lire la suite<\/a><\/p>\n","protected":false},"author":195,"featured_media":3857,"comment_status":"closed","ping_status":"closed","sticky":false,"template":"","format":"standard","meta":{"ngg_post_thumbnail":0,"footnotes":""},"categories":[2,3,4,118,101],"tags":[],"class_list":["post-3838","post","type-post","status-publish","format-standard","has-post-thumbnail","hentry","category-3eme-pep","category-bac-pro","category-bep","category-cap","category-ressources","item-wrap"],"rttpg_featured_image_url":{"full":["https:\/\/www.pedagogie.ac-nice.fr\/plplh\/wp-content\/uploads\/sites\/18\/2020\/04\/CP5visuel-1.jpeg",1982,971,false],"landscape":["https:\/\/www.pedagogie.ac-nice.fr\/plplh\/wp-content\/uploads\/sites\/18\/2020\/04\/CP5visuel-1.jpeg",1982,971,false],"portraits":["https:\/\/www.pedagogie.ac-nice.fr\/plplh\/wp-content\/uploads\/sites\/18\/2020\/04\/CP5visuel-1.jpeg",1982,971,false],"thumbnail":["https:\/\/www.pedagogie.ac-nice.fr\/plplh\/wp-content\/uploads\/sites\/18\/2020\/04\/CP5visuel-1-150x150.jpeg",150,150,true],"medium":["https:\/\/www.pedagogie.ac-nice.fr\/plplh\/wp-content\/uploads\/sites\/18\/2020\/04\/CP5visuel-1-300x147.jpeg",300,147,true],"large":["https:\/\/www.pedagogie.ac-nice.fr\/plplh\/wp-content\/uploads\/sites\/18\/2020\/04\/CP5visuel-1-1024x502.jpeg",750,368,true],"1536x1536":["https:\/\/www.pedagogie.ac-nice.fr\/plplh\/wp-content\/uploads\/sites\/18\/2020\/04\/CP5visuel-1-1536x753.jpeg",1536,753,true],"2048x2048":["https:\/\/www.pedagogie.ac-nice.fr\/plplh\/wp-content\/uploads\/sites\/18\/2020\/04\/CP5visuel-1.jpeg",1982,971,false],"graphene_slider":["https:\/\/www.pedagogie.ac-nice.fr\/plplh\/wp-content\/uploads\/sites\/18\/2020\/04\/CP5visuel-1-750x400.jpeg",750,400,true],"graphene_featured_image":["https:\/\/www.pedagogie.ac-nice.fr\/plplh\/wp-content\/uploads\/sites\/18\/2020\/04\/CP5visuel-1.jpeg",750,367,false],"post-thumbnail":["https:\/\/www.pedagogie.ac-nice.fr\/plplh\/wp-content\/uploads\/sites\/18\/2020\/04\/CP5visuel-1-1170x250.jpeg",1170,250,true],"advps-thumb-one":["https:\/\/www.pedagogie.ac-nice.fr\/plplh\/wp-content\/uploads\/sites\/18\/2020\/04\/CP5visuel-1.jpeg",449,220,false]},"rttpg_author":{"display_name":"David Lamoureux","author_link":"https:\/\/www.pedagogie.ac-nice.fr\/plplh\/author\/dlamoureux\/"},"rttpg_comment":0,"rttpg_category":"<a href=\"https:\/\/www.pedagogie.ac-nice.fr\/plplh\/category\/3eme-pep\/\" rel=\"category tag\">3\u00e8me Pr\u00e9pa-m\u00e9tiers<\/a> <a href=\"https:\/\/www.pedagogie.ac-nice.fr\/plplh\/category\/bac-pro\/\" rel=\"category tag\">Bac Pro<\/a> <a href=\"https:\/\/www.pedagogie.ac-nice.fr\/plplh\/category\/bep\/\" rel=\"category tag\">BEP<\/a> <a href=\"https:\/\/www.pedagogie.ac-nice.fr\/plplh\/category\/cap\/\" rel=\"category tag\">CAP<\/a> <a href=\"https:\/\/www.pedagogie.ac-nice.fr\/plplh\/category\/ressources\/\" rel=\"category tag\">Ressources p\u00e9dagogiques<\/a>","rttpg_excerpt":"Vous trouverez de nouvelles ressources pour prolonger la continuit\u00e9 p\u00e9dagogique dans nos disciplines. Le vad\u00e9m\u00e9cum sur la Continuit\u00e9 p\u00e9dagogique mis \u00e0 jour le\u00a0 01\/04\/2020. Un diaporama qui recense des ressources en fran\u00e7ais, histoire-g\u00e9ographie et EMC pour la classe de 3\u00e8 Pr\u00e9pa-m\u00e9tiers. Vous pouvez aussi consulter ceux pour la Terminale CAP, la 1er Bac pro et\u2026","post_mailing_queue_ids":[],"_links":{"self":[{"href":"https:\/\/www.pedagogie.ac-nice.fr\/plplh\/wp-json\/wp\/v2\/posts\/3838","targetHints":{"allow":["GET"]}}],"collection":[{"href":"https:\/\/www.pedagogie.ac-nice.fr\/plplh\/wp-json\/wp\/v2\/posts"}],"about":[{"href":"https:\/\/www.pedagogie.ac-nice.fr\/plplh\/wp-json\/wp\/v2\/types\/post"}],"author":[{"embeddable":true,"href":"https:\/\/www.pedagogie.ac-nice.fr\/plplh\/wp-json\/wp\/v2\/users\/195"}],"replies":[{"embeddable":true,"href":"https:\/\/www.pedagogie.ac-nice.fr\/plplh\/wp-json\/wp\/v2\/comments?post=3838"}],"version-history":[{"count":8,"href":"https:\/\/www.pedagogie.ac-nice.fr\/plplh\/wp-json\/wp\/v2\/posts\/3838\/revisions"}],"predecessor-version":[{"id":3861,"href":"https:\/\/www.pedagogie.ac-nice.fr\/plplh\/wp-json\/wp\/v2\/posts\/3838\/revisions\/3861"}],"wp:featuredmedia":[{"embeddable":true,"href":"https:\/\/www.pedagogie.ac-nice.fr\/plplh\/wp-json\/wp\/v2\/media\/3857"}],"wp:attachment":[{"href":"https:\/\/www.pedagogie.ac-nice.fr\/plplh\/wp-json\/wp\/v2\/media?parent=3838"}],"wp:term":[{"taxonomy":"category","embeddable":true,"href":"https:\/\/www.pedagogie.ac-nice.fr\/plplh\/wp-json\/wp\/v2\/categories?post=3838"},{"taxonomy":"post_tag","embeddable":true,"href":"https:\/\/www.pedagogie.ac-nice.fr\/plplh\/wp-json\/wp\/v2\/tags?post=3838"}],"curies":[{"name":"wp","href":"https:\/\/api.w.org\/{rel}","templated":true}]}}