{"id":4822,"date":"2020-12-14T07:47:50","date_gmt":"2020-12-14T06:47:50","guid":{"rendered":"https:\/\/www.pedagogie.ac-nice.fr\/plplh\/?p=4822"},"modified":"2021-06-25T14:51:47","modified_gmt":"2021-06-25T12:51:47","slug":"ressources-en-francais-1-lecture-et-grammaire","status":"publish","type":"post","link":"https:\/\/www.pedagogie.ac-nice.fr\/plplh\/ressources-en-francais-1-lecture-et-grammaire\/","title":{"rendered":"Ressources en fran\u00e7ais #1 : lecture et grammaire"},"content":{"rendered":"<p>Voici quelques propositions de ressources pour enseigner le fran\u00e7ais.<\/p>\n<ul>\n<li>Le minist\u00e8re de l\u2019\u00c9ducation nationale propose un dispositif linguistique \u00e0 destination des enseignants de&nbsp; lettres. Intitul\u00e9 <strong><a href=\"https:\/\/eduscol.education.fr\/248\/francais-cycles-2-et-3-etude-de-la-langue\"> \u00ab&nbsp;Terminologie grammaticale&nbsp;\u00bb<\/a><\/strong> et destin\u00e9 aux \u00e9l\u00e8ves \u00e0 tous niveaux, il permet de d\u00e9velopper et de consolider ses connaissances en grammaire.<\/li>\n<li><a href=\"https:\/\/lettres.ac-versailles.fr\/spip.php?article1675\"><strong>L\u2019Ab\u00e9c\u00e9daire pour enseigner les Lettres<\/strong><\/a> sous une forme num\u00e9rique et multim\u00e9dia. Il a \u00e9t\u00e9 \u00e9labor\u00e9 par l\u2019inspection de Lettres de l\u2019acad\u00e9mie de Versailles \u00e0 destination des enseignants.<\/li>\n<li>La <a href=\"https:\/\/lepetitnicois.net\/category\/culture\/livres\/talukoi\/\"><strong>rubrique TaLuKoi du Petit Ni\u00e7ois<\/strong><\/a> offre un regard d\u00e9cal\u00e9 sur un livre. Yves Rosati pr\u00e9sente l&rsquo;ouvrage au travers l&rsquo;interview d&rsquo;un auteur local ou r\u00e9gional.&nbsp;<\/li>\n<li>La <a href=\"https:\/\/www.fnac.com\/livre-numerique\/s351242\/Petit-prix-et-bons-plans-ebooks\/Ebooks-gratuits-par-genre#bl=ACTous-les-Ebooks-gratuitsARBO\"><strong>FNAC vous offre 500 ebooks gratuits<\/strong><\/a> (roman, polar, po\u00e9sie&#8230;). La seule condition est de vous cr\u00e9er un compte sur le site fnac.com.<\/li>\n<\/ul>\n","protected":false},"excerpt":{"rendered":"<p>Voici quelques propositions de ressources pour enseigner le fran\u00e7ais. Le minist\u00e8re de l\u2019\u00c9ducation nationale propose un dispositif linguistique \u00e0 destination des enseignants de&nbsp; lettres. Intitul\u00e9 \u00ab&nbsp;Terminologie grammaticale&nbsp;\u00bb et destin\u00e9 aux \u00e9l\u00e8ves \u00e0 tous niveaux, il permet de d\u00e9velopper et de consolider ses connaissances en grammaire. L\u2019Ab\u00e9c\u00e9daire pour enseigner les Lettres sous une forme num\u00e9rique et &hellip; <\/p>\n<p><a class=\"more-link btn\" href=\"https:\/\/www.pedagogie.ac-nice.fr\/plplh\/ressources-en-francais-1-lecture-et-grammaire\/\">Lire la suite<\/a><\/p>\n","protected":false},"author":195,"featured_media":0,"comment_status":"closed","ping_status":"closed","sticky":false,"template":"","format":"standard","meta":{"ngg_post_thumbnail":0,"footnotes":""},"categories":[3,118,101],"tags":[124,84],"class_list":["post-4822","post","type-post","status-publish","format-standard","hentry","category-bac-pro","category-cap","category-ressources","tag-francais","tag-ressources","item-wrap"],"rttpg_featured_image_url":null,"rttpg_author":{"display_name":"David Lamoureux","author_link":"https:\/\/www.pedagogie.ac-nice.fr\/plplh\/author\/dlamoureux\/"},"rttpg_comment":0,"rttpg_category":"<a href=\"https:\/\/www.pedagogie.ac-nice.fr\/plplh\/category\/bac-pro\/\" rel=\"category tag\">Bac Pro<\/a> <a href=\"https:\/\/www.pedagogie.ac-nice.fr\/plplh\/category\/cap\/\" rel=\"category tag\">CAP<\/a> <a href=\"https:\/\/www.pedagogie.ac-nice.fr\/plplh\/category\/ressources\/\" rel=\"category tag\">Ressources p\u00e9dagogiques<\/a>","rttpg_excerpt":"Voici quelques propositions de ressources pour enseigner le fran\u00e7ais. Le minist\u00e8re de l\u2019\u00c9ducation nationale propose un dispositif linguistique \u00e0 destination des enseignants de&nbsp; lettres. Intitul\u00e9 \u00ab&nbsp;Terminologie grammaticale&nbsp;\u00bb et destin\u00e9 aux \u00e9l\u00e8ves \u00e0 tous niveaux, il permet de d\u00e9velopper et de consolider ses connaissances en grammaire. L\u2019Ab\u00e9c\u00e9daire pour enseigner les Lettres sous une forme num\u00e9rique et\u2026","post_mailing_queue_ids":[],"_links":{"self":[{"href":"https:\/\/www.pedagogie.ac-nice.fr\/plplh\/wp-json\/wp\/v2\/posts\/4822","targetHints":{"allow":["GET"]}}],"collection":[{"href":"https:\/\/www.pedagogie.ac-nice.fr\/plplh\/wp-json\/wp\/v2\/posts"}],"about":[{"href":"https:\/\/www.pedagogie.ac-nice.fr\/plplh\/wp-json\/wp\/v2\/types\/post"}],"author":[{"embeddable":true,"href":"https:\/\/www.pedagogie.ac-nice.fr\/plplh\/wp-json\/wp\/v2\/users\/195"}],"replies":[{"embeddable":true,"href":"https:\/\/www.pedagogie.ac-nice.fr\/plplh\/wp-json\/wp\/v2\/comments?post=4822"}],"version-history":[{"count":7,"href":"https:\/\/www.pedagogie.ac-nice.fr\/plplh\/wp-json\/wp\/v2\/posts\/4822\/revisions"}],"predecessor-version":[{"id":4980,"href":"https:\/\/www.pedagogie.ac-nice.fr\/plplh\/wp-json\/wp\/v2\/posts\/4822\/revisions\/4980"}],"wp:attachment":[{"href":"https:\/\/www.pedagogie.ac-nice.fr\/plplh\/wp-json\/wp\/v2\/media?parent=4822"}],"wp:term":[{"taxonomy":"category","embeddable":true,"href":"https:\/\/www.pedagogie.ac-nice.fr\/plplh\/wp-json\/wp\/v2\/categories?post=4822"},{"taxonomy":"post_tag","embeddable":true,"href":"https:\/\/www.pedagogie.ac-nice.fr\/plplh\/wp-json\/wp\/v2\/tags?post=4822"}],"curies":[{"name":"wp","href":"https:\/\/api.w.org\/{rel}","templated":true}]}}