{"id":5043,"date":"2021-01-13T16:21:17","date_gmt":"2021-01-13T15:21:17","guid":{"rendered":"https:\/\/www.pedagogie.ac-nice.fr\/plplh\/?p=5043"},"modified":"2021-06-25T14:50:31","modified_gmt":"2021-06-25T12:50:31","slug":"attestation-de-reussite-en-1er-bac-pro-1-parution-au-journal-officiel","status":"publish","type":"post","link":"https:\/\/www.pedagogie.ac-nice.fr\/plplh\/attestation-de-reussite-en-1er-bac-pro-1-parution-au-journal-officiel\/","title":{"rendered":"Attestation de r\u00e9ussite en 1re Bac Pro #1 &#8211; Parution au journal officiel"},"content":{"rendered":"<p><img loading=\"lazy\" decoding=\"async\" class=\"wp-image-4585 alignleft\" src=\"https:\/\/www.pedagogie.ac-nice.fr\/plplh\/wp-content\/uploads\/sites\/18\/2020\/10\/DP_BEP_713450.png\" alt=\"\" width=\"203\" height=\"138\">Vous trouverez l&rsquo;arre\u0302te\u0301 du 16 de\u0301cembre 2020 relatif<a href=\"https:\/\/www.pedagogie.ac-nice.fr\/plplh\/wp-content\/uploads\/sites\/18\/2021\/01\/JO-7012021-attestation-interme\u0301diaire-BCP.pdf\"> aux conditions de de\u0301livrance de l\u2019attestation de re\u0301ussite interme\u0301diaire en baccalaure\u0301at professionnel et a\u0300 son mode\u0300le<\/a>. Il est paru au Journal Officiel, le 7 janvier 2021. Le mod\u00e8le d&rsquo;attestation de r\u00e9ussite interm\u00e9diaire figure en annexe de cet arr\u00eat\u00e9.<\/p>\n<p>Pour rappel, cette attestation de r\u00e9ussite interm\u00e9diaire remplace le BEP en classe de Premi\u00e8re Bac Pro, <strong>\u00e0 compter du 1er juin 2021<\/strong>.<\/p>\n<p>Vous retrouverez cet arr\u00eat\u00e9 dans le menu S\u2019INFORMER &gt; <a href=\"https:\/\/www.pedagogie.ac-nice.fr\/plplh\/sinformer\/page-d-exemple-2\/textes-officiels\/\">Textes officiels<\/a><\/p>\n","protected":false},"excerpt":{"rendered":"<p>Vous trouverez l&rsquo;arre\u0302te\u0301 du 16 de\u0301cembre 2020 relatif aux conditions de de\u0301livrance de l\u2019attestation de re\u0301ussite interme\u0301diaire en baccalaure\u0301at professionnel et a\u0300 son mode\u0300le. Il est paru au Journal Officiel, le 7 janvier 2021. Le mod\u00e8le d&rsquo;attestation de r\u00e9ussite interm\u00e9diaire figure en annexe de cet arr\u00eat\u00e9. Pour rappel, cette attestation de r\u00e9ussite interm\u00e9diaire remplace le &hellip; <\/p>\n<p><a class=\"more-link btn\" href=\"https:\/\/www.pedagogie.ac-nice.fr\/plplh\/attestation-de-reussite-en-1er-bac-pro-1-parution-au-journal-officiel\/\">Lire la suite<\/a><\/p>\n","protected":false},"author":195,"featured_media":4585,"comment_status":"closed","ping_status":"closed","sticky":false,"template":"","format":"standard","meta":{"ngg_post_thumbnail":0,"footnotes":""},"categories":[3,4,6],"tags":[18,42,138],"class_list":["post-5043","post","type-post","status-publish","format-standard","has-post-thumbnail","hentry","category-bac-pro","category-bep","category-examens","tag-bac-pro","tag-examen","tag-premiere","item-wrap"],"rttpg_featured_image_url":{"full":["https:\/\/www.pedagogie.ac-nice.fr\/plplh\/wp-content\/uploads\/sites\/18\/2020\/10\/DP_BEP_713450.png",290,196,false],"landscape":["https:\/\/www.pedagogie.ac-nice.fr\/plplh\/wp-content\/uploads\/sites\/18\/2020\/10\/DP_BEP_713450.png",290,196,false],"portraits":["https:\/\/www.pedagogie.ac-nice.fr\/plplh\/wp-content\/uploads\/sites\/18\/2020\/10\/DP_BEP_713450.png",290,196,false],"thumbnail":["https:\/\/www.pedagogie.ac-nice.fr\/plplh\/wp-content\/uploads\/sites\/18\/2020\/10\/DP_BEP_713450-150x150.png",150,150,true],"medium":["https:\/\/www.pedagogie.ac-nice.fr\/plplh\/wp-content\/uploads\/sites\/18\/2020\/10\/DP_BEP_713450.png",290,196,false],"large":["https:\/\/www.pedagogie.ac-nice.fr\/plplh\/wp-content\/uploads\/sites\/18\/2020\/10\/DP_BEP_713450.png",290,196,false],"1536x1536":["https:\/\/www.pedagogie.ac-nice.fr\/plplh\/wp-content\/uploads\/sites\/18\/2020\/10\/DP_BEP_713450.png",290,196,false],"2048x2048":["https:\/\/www.pedagogie.ac-nice.fr\/plplh\/wp-content\/uploads\/sites\/18\/2020\/10\/DP_BEP_713450.png",290,196,false],"graphene_slider":["https:\/\/www.pedagogie.ac-nice.fr\/plplh\/wp-content\/uploads\/sites\/18\/2020\/10\/DP_BEP_713450.png",290,196,false],"graphene_featured_image":["https:\/\/www.pedagogie.ac-nice.fr\/plplh\/wp-content\/uploads\/sites\/18\/2020\/10\/DP_BEP_713450.png",290,196,false],"post-thumbnail":["https:\/\/www.pedagogie.ac-nice.fr\/plplh\/wp-content\/uploads\/sites\/18\/2020\/10\/DP_BEP_713450.png",290,196,false],"advps-thumb-one":["https:\/\/www.pedagogie.ac-nice.fr\/plplh\/wp-content\/uploads\/sites\/18\/2020\/10\/DP_BEP_713450.png",290,196,false]},"rttpg_author":{"display_name":"David Lamoureux","author_link":"https:\/\/www.pedagogie.ac-nice.fr\/plplh\/author\/dlamoureux\/"},"rttpg_comment":0,"rttpg_category":"<a href=\"https:\/\/www.pedagogie.ac-nice.fr\/plplh\/category\/bac-pro\/\" rel=\"category tag\">Bac Pro<\/a> <a href=\"https:\/\/www.pedagogie.ac-nice.fr\/plplh\/category\/bep\/\" rel=\"category tag\">BEP<\/a> <a href=\"https:\/\/www.pedagogie.ac-nice.fr\/plplh\/category\/examens\/\" rel=\"category tag\">Examens<\/a>","rttpg_excerpt":"Vous trouverez l&rsquo;arre\u0302te\u0301 du 16 de\u0301cembre 2020 relatif aux conditions de de\u0301livrance de l\u2019attestation de re\u0301ussite interme\u0301diaire en baccalaure\u0301at professionnel et a\u0300 son mode\u0300le. Il est paru au Journal Officiel, le 7 janvier 2021. Le mod\u00e8le d&rsquo;attestation de r\u00e9ussite interm\u00e9diaire figure en annexe de cet arr\u00eat\u00e9. Pour rappel, cette attestation de r\u00e9ussite interm\u00e9diaire remplace le\u2026","post_mailing_queue_ids":[],"_links":{"self":[{"href":"https:\/\/www.pedagogie.ac-nice.fr\/plplh\/wp-json\/wp\/v2\/posts\/5043","targetHints":{"allow":["GET"]}}],"collection":[{"href":"https:\/\/www.pedagogie.ac-nice.fr\/plplh\/wp-json\/wp\/v2\/posts"}],"about":[{"href":"https:\/\/www.pedagogie.ac-nice.fr\/plplh\/wp-json\/wp\/v2\/types\/post"}],"author":[{"embeddable":true,"href":"https:\/\/www.pedagogie.ac-nice.fr\/plplh\/wp-json\/wp\/v2\/users\/195"}],"replies":[{"embeddable":true,"href":"https:\/\/www.pedagogie.ac-nice.fr\/plplh\/wp-json\/wp\/v2\/comments?post=5043"}],"version-history":[{"count":4,"href":"https:\/\/www.pedagogie.ac-nice.fr\/plplh\/wp-json\/wp\/v2\/posts\/5043\/revisions"}],"predecessor-version":[{"id":5048,"href":"https:\/\/www.pedagogie.ac-nice.fr\/plplh\/wp-json\/wp\/v2\/posts\/5043\/revisions\/5048"}],"wp:featuredmedia":[{"embeddable":true,"href":"https:\/\/www.pedagogie.ac-nice.fr\/plplh\/wp-json\/wp\/v2\/media\/4585"}],"wp:attachment":[{"href":"https:\/\/www.pedagogie.ac-nice.fr\/plplh\/wp-json\/wp\/v2\/media?parent=5043"}],"wp:term":[{"taxonomy":"category","embeddable":true,"href":"https:\/\/www.pedagogie.ac-nice.fr\/plplh\/wp-json\/wp\/v2\/categories?post=5043"},{"taxonomy":"post_tag","embeddable":true,"href":"https:\/\/www.pedagogie.ac-nice.fr\/plplh\/wp-json\/wp\/v2\/tags?post=5043"}],"curies":[{"name":"wp","href":"https:\/\/api.w.org\/{rel}","templated":true}]}}