{"id":5089,"date":"2021-01-28T10:15:44","date_gmt":"2021-01-28T09:15:44","guid":{"rendered":"https:\/\/www.pedagogie.ac-nice.fr\/plplh\/?p=5089"},"modified":"2021-06-25T14:49:25","modified_gmt":"2021-06-25T12:49:25","slug":"epreuves-ponctuelles-de-cap-centres-de-formation-lycees-hors-contrat-candidats-libres","status":"publish","type":"post","link":"https:\/\/www.pedagogie.ac-nice.fr\/plplh\/epreuves-ponctuelles-de-cap-centres-de-formation-lycees-hors-contrat-candidats-libres\/","title":{"rendered":"\u00c9preuves ponctuelles de CAP &#8211; Centres de formation, lyc\u00e9es hors contrat, candidats libres"},"content":{"rendered":"<p>Pour les candidats en<strong> centre de formation non habilit\u00e9 aux CCF, en lyc\u00e9e priv\u00e9 hors contrat ou en candidat libre,<\/strong> pr\u00e9sentant un CAP \u00e0 la session 2021, vous trouverez des documents li\u00e9s aux nouvelles \u00e9preuves en fran\u00e7ais et histoire-g\u00e9ographie EMC.<\/p>\n<p>Pour rappel, il y a d\u00e9sormais <strong>trois \u00e9preuves<\/strong> : une \u00e9preuve \u00e9crite de fran\u00e7ais, une \u00e9preuve orale de fran\u00e7ais et une \u00e9preuve orale d&rsquo;histoire-g\u00e9ographie-EMC, en relation avec les <strong>nouveaux programmes<\/strong> applicables depuis septembre 2019.<\/p>\n<ul>\n<li>L&rsquo;<a href=\"https:\/\/www.pedagogie.ac-nice.fr\/plplh\/wp-content\/uploads\/sites\/18\/2019\/09\/BO-CAP-e\u0301preuves-FR-HG-EMC.pdf\"><strong>annexe 1 du BO n\u00b035 du 26 septembre 2019 <\/strong><\/a>d\u00e9finissant l\u2019\u00e9preuve de fran\u00e7ais, histoire-g\u00e9ographie-EMC en CAP <strong>(\u00e0 partir de la session 2021<\/strong>).<\/li>\n<li>Une <a href=\"https:\/\/www.pedagogie.ac-nice.fr\/plplh\/wp-content\/uploads\/sites\/18\/2020\/12\/Note-relative-aux-e\u0301preuves-dhistoire-ge\u0301ographie-EMC-du-CAP-CCF-et-e\u0301preuve-ponctuelle.pdf\"><strong>note de cadrage de l\u2019Inspection G\u00e9n\u00e9rale d\u2019Histoire-G\u00e9ographie<\/strong><\/a> (page 4 \u00e0 7)<\/li>\n<li><strong><a href=\"https:\/\/www.pedagogie.ac-nice.fr\/plplh\/wp-content\/uploads\/sites\/18\/2019\/09\/CAP-EPREUVES-Session-2021.pdf\">Un document de synth\u00e8se<\/a><\/strong> r\u00e9alis\u00e9 par Nadine Mansard (IEN Lettres-Histoire) qui pr\u00e9sente ces nouvelles \u00e9preuves en fran\u00e7ais et histoire-g\u00e9ographie-EMC<\/li>\n<li>La grille d&rsquo;\u00e9valuation de l&rsquo;\u00e9preuve <strong><a href=\"https:\/\/www.pedagogie.ac-nice.fr\/plplh\/wp-content\/uploads\/sites\/18\/2021\/01\/1A-GRILLE-EVALUATION-ORAL-FR-CAP-PONCTUEL.pdf\">ponctuelle orale en fran\u00e7ais (Annexe IA)<\/a><\/strong><\/li>\n<li>La grille d&rsquo;\u00e9valuation de l&rsquo;\u00e9preuve <a href=\"https:\/\/www.pedagogie.ac-nice.fr\/plplh\/wp-content\/uploads\/sites\/18\/2021\/01\/1B-GRILLE-EVALUATION-CAP-ORAL-HG-EMC-PONCTUEL-.pdf\"><strong>ponctuelle orale en histoire-g\u00e9ographie-EMC (Annexe IB)<\/strong><\/a><\/li>\n<li>Une infographie de synth\u00e8se sur <a href=\"https:\/\/www.pedagogie.ac-nice.fr\/plplh\/wp-content\/uploads\/sites\/18\/2021\/01\/EPREUVE-CAP-HISTOIRE-GEOGRAPHIE-EMC-PONCTUELLE-ORAL-2021.pdf\"><strong>la nouvelles \u00e9preuve ponctuelle orale d&rsquo;histoire-g\u00e9ographie-EMC<\/strong><\/a><\/li>\n<\/ul>\n<p>&nbsp;<\/p>\n<p>Retrouvez toutes les informations n\u00e9cessaires sur <a href=\"https:\/\/www.pedagogie.ac-nice.fr\/plplh\/sinformer\/page-d-exemple-2\/textes-officiels\/?preview_id=57&amp;preview_nonce=1e643bee2b&amp;_thumbnail_id=-1&amp;preview=true&amp;aiEnableCheckShortcode=true\">cette page <\/a>et les<a href=\"https:\/\/www.pedagogie.ac-nice.fr\/plplh\/cap\/\"> programmes sont ici<\/a>.<\/p>\n","protected":false},"excerpt":{"rendered":"<p>Pour les candidats en centre de formation non habilit\u00e9 aux CCF, en lyc\u00e9e priv\u00e9 hors contrat ou en candidat libre, pr\u00e9sentant un CAP \u00e0 la session 2021, vous trouverez des documents li\u00e9s aux nouvelles \u00e9preuves en fran\u00e7ais et histoire-g\u00e9ographie EMC. Pour rappel, il y a d\u00e9sormais trois \u00e9preuves : une \u00e9preuve \u00e9crite de fran\u00e7ais, une &hellip; <\/p>\n<p><a class=\"more-link btn\" href=\"https:\/\/www.pedagogie.ac-nice.fr\/plplh\/epreuves-ponctuelles-de-cap-centres-de-formation-lycees-hors-contrat-candidats-libres\/\">Lire la suite<\/a><\/p>\n","protected":false},"author":195,"featured_media":5096,"comment_status":"closed","ping_status":"closed","sticky":false,"template":"","format":"standard","meta":{"ngg_post_thumbnail":0,"footnotes":""},"categories":[118,6],"tags":[22,42],"class_list":["post-5089","post","type-post","status-publish","format-standard","has-post-thumbnail","hentry","category-cap","category-examens","tag-cap","tag-examen","item-wrap"],"rttpg_featured_image_url":{"full":["https:\/\/www.pedagogie.ac-nice.fr\/plplh\/wp-content\/uploads\/sites\/18\/2021\/01\/logo-oral-e1611824357337.jpg",500,500,false],"landscape":["https:\/\/www.pedagogie.ac-nice.fr\/plplh\/wp-content\/uploads\/sites\/18\/2021\/01\/logo-oral-e1611824357337.jpg",500,500,false],"portraits":["https:\/\/www.pedagogie.ac-nice.fr\/plplh\/wp-content\/uploads\/sites\/18\/2021\/01\/logo-oral-e1611824357337.jpg",500,500,false],"thumbnail":["https:\/\/www.pedagogie.ac-nice.fr\/plplh\/wp-content\/uploads\/sites\/18\/2021\/01\/logo-oral-150x150.jpg",150,150,true],"medium":["https:\/\/www.pedagogie.ac-nice.fr\/plplh\/wp-content\/uploads\/sites\/18\/2021\/01\/logo-oral-300x300.jpg",300,300,true],"large":["https:\/\/www.pedagogie.ac-nice.fr\/plplh\/wp-content\/uploads\/sites\/18\/2021\/01\/logo-oral-e1611824357337.jpg",500,500,false],"1536x1536":["https:\/\/www.pedagogie.ac-nice.fr\/plplh\/wp-content\/uploads\/sites\/18\/2021\/01\/logo-oral-e1611824357337.jpg",500,500,false],"2048x2048":["https:\/\/www.pedagogie.ac-nice.fr\/plplh\/wp-content\/uploads\/sites\/18\/2021\/01\/logo-oral-e1611824357337.jpg",500,500,false],"graphene_slider":["https:\/\/www.pedagogie.ac-nice.fr\/plplh\/wp-content\/uploads\/sites\/18\/2021\/01\/logo-oral-500x400.jpg",500,400,true],"graphene_featured_image":["https:\/\/www.pedagogie.ac-nice.fr\/plplh\/wp-content\/uploads\/sites\/18\/2021\/01\/logo-oral-e1611824357337.jpg",500,500,false],"post-thumbnail":["https:\/\/www.pedagogie.ac-nice.fr\/plplh\/wp-content\/uploads\/sites\/18\/2021\/01\/logo-oral-500x250.jpg",500,250,true],"advps-thumb-one":["https:\/\/www.pedagogie.ac-nice.fr\/plplh\/wp-content\/uploads\/sites\/18\/2021\/01\/logo-oral-e1611824357337.jpg",220,220,false]},"rttpg_author":{"display_name":"David Lamoureux","author_link":"https:\/\/www.pedagogie.ac-nice.fr\/plplh\/author\/dlamoureux\/"},"rttpg_comment":0,"rttpg_category":"<a href=\"https:\/\/www.pedagogie.ac-nice.fr\/plplh\/category\/cap\/\" rel=\"category tag\">CAP<\/a> <a href=\"https:\/\/www.pedagogie.ac-nice.fr\/plplh\/category\/examens\/\" rel=\"category tag\">Examens<\/a>","rttpg_excerpt":"Pour les candidats en centre de formation non habilit\u00e9 aux CCF, en lyc\u00e9e priv\u00e9 hors contrat ou en candidat libre, pr\u00e9sentant un CAP \u00e0 la session 2021, vous trouverez des documents li\u00e9s aux nouvelles \u00e9preuves en fran\u00e7ais et histoire-g\u00e9ographie EMC. Pour rappel, il y a d\u00e9sormais trois \u00e9preuves : une \u00e9preuve \u00e9crite de fran\u00e7ais, une\u2026","post_mailing_queue_ids":[],"_links":{"self":[{"href":"https:\/\/www.pedagogie.ac-nice.fr\/plplh\/wp-json\/wp\/v2\/posts\/5089","targetHints":{"allow":["GET"]}}],"collection":[{"href":"https:\/\/www.pedagogie.ac-nice.fr\/plplh\/wp-json\/wp\/v2\/posts"}],"about":[{"href":"https:\/\/www.pedagogie.ac-nice.fr\/plplh\/wp-json\/wp\/v2\/types\/post"}],"author":[{"embeddable":true,"href":"https:\/\/www.pedagogie.ac-nice.fr\/plplh\/wp-json\/wp\/v2\/users\/195"}],"replies":[{"embeddable":true,"href":"https:\/\/www.pedagogie.ac-nice.fr\/plplh\/wp-json\/wp\/v2\/comments?post=5089"}],"version-history":[{"count":6,"href":"https:\/\/www.pedagogie.ac-nice.fr\/plplh\/wp-json\/wp\/v2\/posts\/5089\/revisions"}],"predecessor-version":[{"id":5106,"href":"https:\/\/www.pedagogie.ac-nice.fr\/plplh\/wp-json\/wp\/v2\/posts\/5089\/revisions\/5106"}],"wp:featuredmedia":[{"embeddable":true,"href":"https:\/\/www.pedagogie.ac-nice.fr\/plplh\/wp-json\/wp\/v2\/media\/5096"}],"wp:attachment":[{"href":"https:\/\/www.pedagogie.ac-nice.fr\/plplh\/wp-json\/wp\/v2\/media?parent=5089"}],"wp:term":[{"taxonomy":"category","embeddable":true,"href":"https:\/\/www.pedagogie.ac-nice.fr\/plplh\/wp-json\/wp\/v2\/categories?post=5089"},{"taxonomy":"post_tag","embeddable":true,"href":"https:\/\/www.pedagogie.ac-nice.fr\/plplh\/wp-json\/wp\/v2\/tags?post=5089"}],"curies":[{"name":"wp","href":"https:\/\/api.w.org\/{rel}","templated":true}]}}