{"id":6885,"date":"2023-09-15T08:00:44","date_gmt":"2023-09-15T06:00:44","guid":{"rendered":"https:\/\/www.pedagogie.ac-nice.fr\/plplh\/?p=6885"},"modified":"2023-09-17T15:26:38","modified_gmt":"2023-09-17T13:26:38","slug":"formation-inscrivez-vous-au-paf","status":"publish","type":"post","link":"https:\/\/www.pedagogie.ac-nice.fr\/plplh\/formation-inscrivez-vous-au-paf\/","title":{"rendered":"FORMATION : Inscrivez-vous au PAF !"},"content":{"rendered":"<h4><strong><span style=\"color: #ff6600;\">UN PARCOURS PERSONNALIS\u00c9<br \/>\n<\/span><\/strong><\/h4>\n<p>Avec l\u2019\u00c9cole Acad\u00e9mique de la Formation Continue (EAFC), nous vous accompagnons selon des principes de proximit\u00e9 et de personnalisation de votre parcours de formation.<\/p>\n<ul>\n<li>Le parcours de formation que vous constituez se d\u00e9veloppe sur trois ann\u00e9es.<\/li>\n<li>Vous pouvez vous <strong>inscrire tout au long de l\u2019ann\u00e9e<\/strong>.<\/li>\n<li>La proc\u00e9dure d&rsquo;inscription se fait en <strong>deux \u00e9tapes<\/strong>.<\/li>\n<\/ul>\n<h4><strong><span style=\"color: #ff6600;\">\u00c9TAPE n\u00b01 : VOUS PR\u00c9INSCRIRE<br \/>\n<\/span><\/strong><\/h4>\n<ol>\n<li>Rendez-vous sur la page de<strong><a href=\"https:\/\/www.ac-nice.fr\/cycle-enseignement-education-orientation-second-degre-122502\" target=\"_blank\" rel=\"noopener\"> l\u2019EAFC-cycle enseignement second degr\u00e9s <\/a><\/strong>pour acc\u00e9der \u00e0 l\u2019ensemble des offres de formations par disciplines.<\/li>\n<li>Consultez :\n<ul>\n<li>l\u2019offre de la discipline qui vous int\u00e9resse.<\/li>\n<li>l&rsquo;offre de formation en <a href=\"https:\/\/www.ac-nice.fr\/cycle-enseignement-second-degre-lettres-histoire-lp-122857\" target=\"_blank\" rel=\"noopener\"><strong>Lettres-Histoire <\/strong><\/a>(15 modules au total).<br \/>\n<table style=\"border-collapse: collapse; width: 87.8576%; height: 81px;\">\n<tbody>\n<tr style=\"height: 63px;\">\n<td style=\"width: 100%; height: 63px; background-color: #a2c3f5; text-align: left;\">Attention : Sur l&rsquo;infographie d&rsquo;accueil, seuls les modules transversaux sont interactifs ; pour les modules disciplinaires il faut faire d\u00e9rouler la page pour acc\u00e9der \u00e0 l&rsquo;ensemble de l&rsquo;offre).<\/td>\n<\/tr>\n<\/tbody>\n<\/table>\n<\/li>\n<\/ul>\n<\/li>\n<li>Pour vous inscrire \u00e0 un module qui vous int\u00e9resse, cliquez sur \u00ab\u00a0<strong>abonnement<\/strong>\u00ab\u00a0.<\/li>\n<li>Vous \u00eates alors redirig\u00e9(e)s vers <a href=\"https:\/\/id.ac-nice.fr\/plog\/public\/login\">l<\/a>e portail <strong>ESTEREL<\/strong>.<\/li>\n<li>Connectez-vous et vous arrivez directement sur la page du module s\u00e9lectionn\u00e9.<\/li>\n<li>Descendez en bas de cette page et cliquez sur \u00ab\u00a0<strong>s&rsquo;abonner \u00e0 ce module<\/strong>\u00ab\u00a0.&nbsp;<\/li>\n<\/ol>\n<h5><img loading=\"lazy\" decoding=\"async\" class=\"wp-image-6913 alignleft\" src=\"https:\/\/www.pedagogie.ac-nice.fr\/plplh\/wp-content\/uploads\/sites\/18\/2022\/09\/sabonner-300x247.jpg\" alt=\"\" width=\"362\" height=\"298\" srcset=\"https:\/\/www.pedagogie.ac-nice.fr\/plplh\/wp-content\/uploads\/sites\/18\/2022\/09\/sabonner-300x247.jpg 300w, https:\/\/www.pedagogie.ac-nice.fr\/plplh\/wp-content\/uploads\/sites\/18\/2022\/09\/sabonner-768x632.jpg 768w, https:\/\/www.pedagogie.ac-nice.fr\/plplh\/wp-content\/uploads\/sites\/18\/2022\/09\/sabonner-750x617.jpg 750w, https:\/\/www.pedagogie.ac-nice.fr\/plplh\/wp-content\/uploads\/sites\/18\/2022\/09\/sabonner.jpg 777w\" sizes=\"auto, (max-width: 362px) 100vw, 362px\" \/><\/h5>\n<p>&nbsp;<\/p>\n<p>Votre demande d\u2019abonnement est enregistr\u00e9e : quand le nombre d\u2019inscrits permet l\u2019ouverture vous recevrez une sollicitation pr\u00e9cisant le lieu et la date de la formation : <strong>vous pourrez alors confirmer votre pr\u00e9inscription<\/strong>.<\/p>\n<p><span style=\"color: #ff6600;\">Besoin d&rsquo;aide<\/span> : Consultez ce<a href=\"https:\/\/www.ac-nice.fr\/cycle-enseignement-education-orientation-second-degre-122502\" target=\"_blank\" rel=\"noopener\"><strong> tutoriel vid\u00e9o.<\/strong><\/a><\/p>\n<h5>&nbsp;<\/h5>\n<h5>&nbsp;<\/h5>\n<h5>&nbsp;<\/h5>\n<h5>&nbsp;<\/h5>\n<h4><span style=\"color: #ff6600;\"><strong>\u00c9TAPE n\u00b02 : <\/strong><strong>CONFIRMER VOTRE PR\u00c9INSCRIPTION<br \/>\n<\/strong><\/span><\/h4>\n<ol>\n<li>Quand la formation est programm\u00e9e, vous recevez un message sur <strong>votre bo\u00eete acad\u00e9mique (@ac-nice.fr) <img loading=\"lazy\" decoding=\"async\" class=\" wp-image-7963 alignright\" src=\"https:\/\/www.pedagogie.ac-nice.fr\/plplh\/wp-content\/uploads\/sites\/18\/2023\/09\/Icone-Sofia.jpg\" alt=\"\" width=\"160\" height=\"161\" srcset=\"https:\/\/www.pedagogie.ac-nice.fr\/plplh\/wp-content\/uploads\/sites\/18\/2023\/09\/Icone-Sofia.jpg 232w, https:\/\/www.pedagogie.ac-nice.fr\/plplh\/wp-content\/uploads\/sites\/18\/2023\/09\/Icone-Sofia-150x150.jpg 150w\" sizes=\"auto, (max-width: 160px) 100vw, 160px\" \/><\/strong>vous demandant de confirmer votre pr\u00e9inscription.<\/li>\n<li>Connectez-vous au <strong><a href=\"https:\/\/id.ac-nice.fr\/plog\/public\/login\" target=\"_blank\" rel=\"noopener\">portail ESTEREL des applications acad\u00e9miques<\/a><\/strong>.<\/li>\n<li>S\u00e9lectionnez l&rsquo;application <strong>SOFIA-FMO &#8211; 2ND DEGR\u00c9\/ADM<\/strong> (voir ic\u00f4ne -&gt;).<\/li>\n<li>Choisissez \u00ab\u00a0<strong>Mon plan individuel de formation<\/strong>\u00ab\u00a0.<\/li>\n<li>Choisissez le module de formation.<\/li>\n<li>Cliquez sur \u00ab\u00a0<strong>Confirmer mon abonnement<\/strong>.\u00a0\u00bb<\/li>\n<\/ol>\n<p><span style=\"color: #ff6600;\">Besoin d&rsquo;aide<\/span> : Consultez <strong><a href=\"https:\/\/www.pedagogie.ac-nice.fr\/plplh\/wp-content\/uploads\/sites\/18\/2022\/09\/Confirmer-un-abonnement-a\u0300-un-module-de-formation.pdf\">ce tutoriel<\/a><\/strong>.<\/p>\n","protected":false},"excerpt":{"rendered":"<p>UN PARCOURS PERSONNALIS\u00c9 Avec l\u2019\u00c9cole Acad\u00e9mique de la Formation Continue (EAFC), nous vous accompagnons selon des principes de proximit\u00e9 et de personnalisation de votre parcours de formation. Le parcours de formation que vous constituez se d\u00e9veloppe sur trois ann\u00e9es. Vous pouvez vous inscrire tout au long de l\u2019ann\u00e9e. La proc\u00e9dure d&rsquo;inscription se fait en deux &hellip; <\/p>\n<p><a class=\"more-link btn\" href=\"https:\/\/www.pedagogie.ac-nice.fr\/plplh\/formation-inscrivez-vous-au-paf\/\">Lire la suite<\/a><\/p>\n","protected":false},"author":195,"featured_media":7970,"comment_status":"closed","ping_status":"closed","sticky":false,"template":"","format":"standard","meta":{"ngg_post_thumbnail":0,"footnotes":""},"categories":[120,7],"tags":[],"class_list":["post-6885","post","type-post","status-publish","format-standard","has-post-thumbnail","hentry","category-formations","category-le-mot-de-linspection","item-wrap"],"rttpg_featured_image_url":{"full":["https:\/\/www.pedagogie.ac-nice.fr\/plplh\/wp-content\/uploads\/sites\/18\/2023\/09\/EAFC.jpg",1591,896,false],"landscape":["https:\/\/www.pedagogie.ac-nice.fr\/plplh\/wp-content\/uploads\/sites\/18\/2023\/09\/EAFC.jpg",1591,896,false],"portraits":["https:\/\/www.pedagogie.ac-nice.fr\/plplh\/wp-content\/uploads\/sites\/18\/2023\/09\/EAFC.jpg",1591,896,false],"thumbnail":["https:\/\/www.pedagogie.ac-nice.fr\/plplh\/wp-content\/uploads\/sites\/18\/2023\/09\/EAFC-150x150.jpg",150,150,true],"medium":["https:\/\/www.pedagogie.ac-nice.fr\/plplh\/wp-content\/uploads\/sites\/18\/2023\/09\/EAFC-300x169.jpg",300,169,true],"large":["https:\/\/www.pedagogie.ac-nice.fr\/plplh\/wp-content\/uploads\/sites\/18\/2023\/09\/EAFC-1024x577.jpg",750,423,true],"1536x1536":["https:\/\/www.pedagogie.ac-nice.fr\/plplh\/wp-content\/uploads\/sites\/18\/2023\/09\/EAFC-1536x865.jpg",1536,865,true],"2048x2048":["https:\/\/www.pedagogie.ac-nice.fr\/plplh\/wp-content\/uploads\/sites\/18\/2023\/09\/EAFC.jpg",1591,896,false],"graphene_slider":["https:\/\/www.pedagogie.ac-nice.fr\/plplh\/wp-content\/uploads\/sites\/18\/2023\/09\/EAFC-750x400.jpg",750,400,true],"graphene_featured_image":["https:\/\/www.pedagogie.ac-nice.fr\/plplh\/wp-content\/uploads\/sites\/18\/2023\/09\/EAFC-750x422.jpg",750,422,true],"post-thumbnail":["https:\/\/www.pedagogie.ac-nice.fr\/plplh\/wp-content\/uploads\/sites\/18\/2023\/09\/EAFC-1170x250.jpg",1170,250,true],"advps-thumb-one":["https:\/\/www.pedagogie.ac-nice.fr\/plplh\/wp-content\/uploads\/sites\/18\/2023\/09\/EAFC-600x220.jpg",600,220,true]},"rttpg_author":{"display_name":"David Lamoureux","author_link":"https:\/\/www.pedagogie.ac-nice.fr\/plplh\/author\/dlamoureux\/"},"rttpg_comment":0,"rttpg_category":"<a href=\"https:\/\/www.pedagogie.ac-nice.fr\/plplh\/category\/formations\/\" rel=\"category tag\">Formations<\/a> <a href=\"https:\/\/www.pedagogie.ac-nice.fr\/plplh\/category\/le-mot-de-linspection\/\" rel=\"category tag\">Le mot de l'inspection<\/a>","rttpg_excerpt":"UN PARCOURS PERSONNALIS\u00c9 Avec l\u2019\u00c9cole Acad\u00e9mique de la Formation Continue (EAFC), nous vous accompagnons selon des principes de proximit\u00e9 et de personnalisation de votre parcours de formation. Le parcours de formation que vous constituez se d\u00e9veloppe sur trois ann\u00e9es. Vous pouvez vous inscrire tout au long de l\u2019ann\u00e9e. La proc\u00e9dure d&rsquo;inscription se fait en deux\u2026","post_mailing_queue_ids":[],"_links":{"self":[{"href":"https:\/\/www.pedagogie.ac-nice.fr\/plplh\/wp-json\/wp\/v2\/posts\/6885","targetHints":{"allow":["GET"]}}],"collection":[{"href":"https:\/\/www.pedagogie.ac-nice.fr\/plplh\/wp-json\/wp\/v2\/posts"}],"about":[{"href":"https:\/\/www.pedagogie.ac-nice.fr\/plplh\/wp-json\/wp\/v2\/types\/post"}],"author":[{"embeddable":true,"href":"https:\/\/www.pedagogie.ac-nice.fr\/plplh\/wp-json\/wp\/v2\/users\/195"}],"replies":[{"embeddable":true,"href":"https:\/\/www.pedagogie.ac-nice.fr\/plplh\/wp-json\/wp\/v2\/comments?post=6885"}],"version-history":[{"count":35,"href":"https:\/\/www.pedagogie.ac-nice.fr\/plplh\/wp-json\/wp\/v2\/posts\/6885\/revisions"}],"predecessor-version":[{"id":7972,"href":"https:\/\/www.pedagogie.ac-nice.fr\/plplh\/wp-json\/wp\/v2\/posts\/6885\/revisions\/7972"}],"wp:featuredmedia":[{"embeddable":true,"href":"https:\/\/www.pedagogie.ac-nice.fr\/plplh\/wp-json\/wp\/v2\/media\/7970"}],"wp:attachment":[{"href":"https:\/\/www.pedagogie.ac-nice.fr\/plplh\/wp-json\/wp\/v2\/media?parent=6885"}],"wp:term":[{"taxonomy":"category","embeddable":true,"href":"https:\/\/www.pedagogie.ac-nice.fr\/plplh\/wp-json\/wp\/v2\/categories?post=6885"},{"taxonomy":"post_tag","embeddable":true,"href":"https:\/\/www.pedagogie.ac-nice.fr\/plplh\/wp-json\/wp\/v2\/tags?post=6885"}],"curies":[{"name":"wp","href":"https:\/\/api.w.org\/{rel}","templated":true}]}}