{"id":7147,"date":"2022-12-11T18:22:30","date_gmt":"2022-12-11T17:22:30","guid":{"rendered":"https:\/\/www.pedagogie.ac-nice.fr\/plplh\/?p=7147"},"modified":"2022-12-11T18:22:30","modified_gmt":"2022-12-11T17:22:30","slug":"participez-au-florilege-litteraire-des-ecrivains-en-herbe","status":"publish","type":"post","link":"https:\/\/www.pedagogie.ac-nice.fr\/plplh\/participez-au-florilege-litteraire-des-ecrivains-en-herbe\/","title":{"rendered":"Participez au Floril\u00e8ge litt\u00e9raire des \u00e9crivains en herbe"},"content":{"rendered":"<p><img loading=\"lazy\" decoding=\"async\" class=\"size-full wp-image-7150 alignright\" src=\"https:\/\/www.pedagogie.ac-nice.fr\/plplh\/wp-content\/uploads\/sites\/18\/2022\/12\/Florilege-13.jpg\" alt=\"\" width=\"182\" height=\"277\">Le dispositif <a href=\"https:\/\/pedagogie.ac-montpellier.fr\/ecrire\"><strong>Le Floril\u00e8ge des \u00e9crivains en herbe <\/strong><\/a>de l&rsquo;acad\u00e9mie de Montpellier valorise toute l&rsquo;ann\u00e9e, les textes litt\u00e9raires compos\u00e9s par des coll\u00e9giens, lyc\u00e9ens et \u00e9tudiants de France et du monde entier en <strong>les publiant par voie num\u00e9rique et papier<\/strong>.<\/p>\n<p>Ce projet est soutenu par le Minist\u00e8re de l\u2019\u00c9ducation nationale, l\u2019Organisation Internationale de la Francophonie et la F\u00e9d\u00e9ration Internationale des Professeurs de Fran\u00e7ais. D\u00e9couvrez <a href=\"https:\/\/www.youtube.com\/watch?v=RFkAya9LJ3\"><strong>la capsule vid\u00e9o de pr\u00e9sentation du Floril\u00e8ge <\/strong><\/a>et <strong><a href=\"https:\/\/fr.calameo.com\/books\/00503963394e06351e3f9\">la version num\u00e9rique du num\u00e9ro XIII du Floril\u00e8ge litt\u00e9raire. <\/a><\/strong><\/p>\n<p>Participez avec vos \u00e9l\u00e8ves au <a href=\"http:\/\/www.afef.org\/babel-concours-florilege-fipf-2023\"><strong>8e concours mondial d&rsquo;\u00e9criture cr\u00e9ative et collaborative Floril\u00e8ge-FIPF 2023<\/strong><\/a>. Le th\u00e8me retenu est&nbsp; : <strong>Babel<\/strong>. Vous retrouverez sur cette <a href=\"http:\/\/www.afef.org\/babel-concours-florilege-fipf-2023\"><strong>page,<\/strong><\/a> toutes les informations n\u00e9cessaires (descriptif, r\u00e8glement&#8230;) ainsi que deux liens pour vous inscrire \u00e0 des webinaires d&rsquo;accompagnement (janvier 2023) propos\u00e9s par l&rsquo;Association fran\u00e7aise pour l\u2019enseignement du fran\u00e7ais (AFEF). Retrouvez <strong><a href=\"http:\/\/www.afef.org\/palmares-florilege-fipf-2022\">ici les laur\u00e9ats de l&rsquo;ann\u00e9e 2021-2022<\/a><\/strong>.<\/p>\n","protected":false},"excerpt":{"rendered":"<p>Le dispositif Le Floril\u00e8ge des \u00e9crivains en herbe de l&rsquo;acad\u00e9mie de Montpellier valorise toute l&rsquo;ann\u00e9e, les textes litt\u00e9raires compos\u00e9s par des coll\u00e9giens, lyc\u00e9ens et \u00e9tudiants de France et du monde entier en les publiant par voie num\u00e9rique et papier. Ce projet est soutenu par le Minist\u00e8re de l\u2019\u00c9ducation nationale, l\u2019Organisation Internationale de la Francophonie et &hellip; <\/p>\n<p><a class=\"more-link btn\" href=\"https:\/\/www.pedagogie.ac-nice.fr\/plplh\/participez-au-florilege-litteraire-des-ecrivains-en-herbe\/\">Lire la suite<\/a><\/p>\n","protected":false},"author":195,"featured_media":0,"comment_status":"closed","ping_status":"closed","sticky":false,"template":"","format":"standard","meta":{"ngg_post_thumbnail":0,"footnotes":""},"categories":[100],"tags":[],"class_list":["post-7147","post","type-post","status-publish","format-standard","hentry","category-prix-et-concours","item-wrap"],"rttpg_featured_image_url":null,"rttpg_author":{"display_name":"David Lamoureux","author_link":"https:\/\/www.pedagogie.ac-nice.fr\/plplh\/author\/dlamoureux\/"},"rttpg_comment":0,"rttpg_category":"<a href=\"https:\/\/www.pedagogie.ac-nice.fr\/plplh\/category\/prix-et-concours\/\" rel=\"category tag\">Prix, Concours et Projets<\/a>","rttpg_excerpt":"Le dispositif Le Floril\u00e8ge des \u00e9crivains en herbe de l&rsquo;acad\u00e9mie de Montpellier valorise toute l&rsquo;ann\u00e9e, les textes litt\u00e9raires compos\u00e9s par des coll\u00e9giens, lyc\u00e9ens et \u00e9tudiants de France et du monde entier en les publiant par voie num\u00e9rique et papier. Ce projet est soutenu par le Minist\u00e8re de l\u2019\u00c9ducation nationale, l\u2019Organisation Internationale de la Francophonie et\u2026","post_mailing_queue_ids":[],"_links":{"self":[{"href":"https:\/\/www.pedagogie.ac-nice.fr\/plplh\/wp-json\/wp\/v2\/posts\/7147","targetHints":{"allow":["GET"]}}],"collection":[{"href":"https:\/\/www.pedagogie.ac-nice.fr\/plplh\/wp-json\/wp\/v2\/posts"}],"about":[{"href":"https:\/\/www.pedagogie.ac-nice.fr\/plplh\/wp-json\/wp\/v2\/types\/post"}],"author":[{"embeddable":true,"href":"https:\/\/www.pedagogie.ac-nice.fr\/plplh\/wp-json\/wp\/v2\/users\/195"}],"replies":[{"embeddable":true,"href":"https:\/\/www.pedagogie.ac-nice.fr\/plplh\/wp-json\/wp\/v2\/comments?post=7147"}],"version-history":[{"count":8,"href":"https:\/\/www.pedagogie.ac-nice.fr\/plplh\/wp-json\/wp\/v2\/posts\/7147\/revisions"}],"predecessor-version":[{"id":7156,"href":"https:\/\/www.pedagogie.ac-nice.fr\/plplh\/wp-json\/wp\/v2\/posts\/7147\/revisions\/7156"}],"wp:attachment":[{"href":"https:\/\/www.pedagogie.ac-nice.fr\/plplh\/wp-json\/wp\/v2\/media?parent=7147"}],"wp:term":[{"taxonomy":"category","embeddable":true,"href":"https:\/\/www.pedagogie.ac-nice.fr\/plplh\/wp-json\/wp\/v2\/categories?post=7147"},{"taxonomy":"post_tag","embeddable":true,"href":"https:\/\/www.pedagogie.ac-nice.fr\/plplh\/wp-json\/wp\/v2\/tags?post=7147"}],"curies":[{"name":"wp","href":"https:\/\/api.w.org\/{rel}","templated":true}]}}