{"id":7358,"date":"2023-03-14T18:29:52","date_gmt":"2023-03-14T17:29:52","guid":{"rendered":"https:\/\/www.pedagogie.ac-nice.fr\/plplh\/?p=7358"},"modified":"2023-03-18T18:46:36","modified_gmt":"2023-03-18T17:46:36","slug":"printemps-des-poetes-2023","status":"publish","type":"post","link":"https:\/\/www.pedagogie.ac-nice.fr\/plplh\/printemps-des-poetes-2023\/","title":{"rendered":"Printemps des po\u00e8tes 2023"},"content":{"rendered":"<p><img loading=\"lazy\" decoding=\"async\" class=\"size-medium wp-image-7359 alignright\" src=\"https:\/\/www.pedagogie.ac-nice.fr\/plplh\/wp-content\/uploads\/sites\/18\/2023\/03\/recommandations_affiche_frontieres_jr_pdp_2023_pour_organisateurs-2-1-683x1024-1-200x300.png\" alt=\"\" width=\"200\" height=\"300\" srcset=\"https:\/\/www.pedagogie.ac-nice.fr\/plplh\/wp-content\/uploads\/sites\/18\/2023\/03\/recommandations_affiche_frontieres_jr_pdp_2023_pour_organisateurs-2-1-683x1024-1-200x300.png 200w, https:\/\/www.pedagogie.ac-nice.fr\/plplh\/wp-content\/uploads\/sites\/18\/2023\/03\/recommandations_affiche_frontieres_jr_pdp_2023_pour_organisateurs-2-1-683x1024-1.png 683w\" sizes=\"auto, (max-width: 200px) 100vw, 200px\" \/>La 25e \u00e9dition du <a href=\"https:\/\/www.printempsdespoetes.com\/Edition2023\"><strong>Printemps des po\u00e8tes<\/strong><\/a> porte sur le th\u00e8me <strong>des Fronti\u00e8res, <\/strong>qui int\u00e9resse particuli\u00e8rement notre bivalence. Elle se d\u00e9roule du 11 au 27 mars 2023.<\/p>\n<p>Dans ce cadre, l&rsquo;op\u00e9ration Coudrier consiste cette ann\u00e9e \u00e0 cr\u00e9er un <strong>Visa Po\u00e8me<\/strong>. Elle est ouverte \u00e0 <strong class=\"caractencadre-spip spip\">tous les \u00e9l\u00e8ves<\/strong> de la maternelle jusqu\u2019aux lyc\u00e9es g\u00e9n\u00e9ralistes ou professionnels.<\/p>\n<p><b><strong class=\"caractencadre-spip spip\">Seule consigne<\/strong>\u202f&nbsp;: <\/b>que ce po\u00e8me \u00e9crit pour franchir les fronti\u00e8res tienne<strong> sur la page d\u2019un passeport (125 x 88 mm)<\/strong>, qu\u2019il soit en <strong>fran\u00e7ais<\/strong> et suffisamment singulier pour servir de laisser-passer face \u00e0 tous les douaniers du monde.<\/p>\n<p>Les po\u00e8mes pourront \u00eatre envoy\u00e9s \u00e0 l\u2019adresse suivante :&nbsp; <b><strong class=\"caractencadre-spip spip\"><a href=\"mailto:coudrier@printempsdespoetes.com\">coudrier@printempsdespoetes.com<\/a><\/strong><\/b>, dans la limite d\u2019un po\u00e8me par \u00e9l\u00e8ve maximum, jusqu&rsquo;au<strong> 27 mars 2023<\/strong>.<\/p>\n<p>Pour les Maralpins, cette grande f\u00eate de la po\u00e9sie est aussi l&rsquo;occasion de d\u00e9couvrir avec vos \u00e9l\u00e8ves <a href=\"https:\/\/www.printempsdespoetes.com\/Exposition-en-Gare-de-Nice\">une exposition consacr\u00e9e \u00e0 20 po\u00e8tes, en langue originale<\/a> en <strong>gare de Nice<\/strong>, du <strong>6 mars au 28 avril<\/strong>.<\/p>\n","protected":false},"excerpt":{"rendered":"<p>La 25e \u00e9dition du Printemps des po\u00e8tes porte sur le th\u00e8me des Fronti\u00e8res, qui int\u00e9resse particuli\u00e8rement notre bivalence. Elle se d\u00e9roule du 11 au 27 mars 2023. Dans ce cadre, l&rsquo;op\u00e9ration Coudrier consiste cette ann\u00e9e \u00e0 cr\u00e9er un Visa Po\u00e8me. Elle est ouverte \u00e0 tous les \u00e9l\u00e8ves de la maternelle jusqu\u2019aux lyc\u00e9es g\u00e9n\u00e9ralistes ou professionnels. &hellip; <\/p>\n<p><a class=\"more-link btn\" href=\"https:\/\/www.pedagogie.ac-nice.fr\/plplh\/printemps-des-poetes-2023\/\">Lire la suite<\/a><\/p>\n","protected":false},"author":195,"featured_media":7359,"comment_status":"closed","ping_status":"closed","sticky":false,"template":"","format":"standard","meta":{"ngg_post_thumbnail":0,"footnotes":""},"categories":[100],"tags":[124,166],"class_list":["post-7358","post","type-post","status-publish","format-standard","has-post-thumbnail","hentry","category-prix-et-concours","tag-francais","tag-poesie","item-wrap"],"rttpg_featured_image_url":{"full":["https:\/\/www.pedagogie.ac-nice.fr\/plplh\/wp-content\/uploads\/sites\/18\/2023\/03\/recommandations_affiche_frontieres_jr_pdp_2023_pour_organisateurs-2-1-683x1024-1.png",683,1024,false],"landscape":["https:\/\/www.pedagogie.ac-nice.fr\/plplh\/wp-content\/uploads\/sites\/18\/2023\/03\/recommandations_affiche_frontieres_jr_pdp_2023_pour_organisateurs-2-1-683x1024-1.png",683,1024,false],"portraits":["https:\/\/www.pedagogie.ac-nice.fr\/plplh\/wp-content\/uploads\/sites\/18\/2023\/03\/recommandations_affiche_frontieres_jr_pdp_2023_pour_organisateurs-2-1-683x1024-1.png",683,1024,false],"thumbnail":["https:\/\/www.pedagogie.ac-nice.fr\/plplh\/wp-content\/uploads\/sites\/18\/2023\/03\/recommandations_affiche_frontieres_jr_pdp_2023_pour_organisateurs-2-1-683x1024-1-150x150.png",150,150,true],"medium":["https:\/\/www.pedagogie.ac-nice.fr\/plplh\/wp-content\/uploads\/sites\/18\/2023\/03\/recommandations_affiche_frontieres_jr_pdp_2023_pour_organisateurs-2-1-683x1024-1-200x300.png",200,300,true],"large":["https:\/\/www.pedagogie.ac-nice.fr\/plplh\/wp-content\/uploads\/sites\/18\/2023\/03\/recommandations_affiche_frontieres_jr_pdp_2023_pour_organisateurs-2-1-683x1024-1.png",683,1024,false],"1536x1536":["https:\/\/www.pedagogie.ac-nice.fr\/plplh\/wp-content\/uploads\/sites\/18\/2023\/03\/recommandations_affiche_frontieres_jr_pdp_2023_pour_organisateurs-2-1-683x1024-1.png",683,1024,false],"2048x2048":["https:\/\/www.pedagogie.ac-nice.fr\/plplh\/wp-content\/uploads\/sites\/18\/2023\/03\/recommandations_affiche_frontieres_jr_pdp_2023_pour_organisateurs-2-1-683x1024-1.png",683,1024,false],"graphene_slider":["https:\/\/www.pedagogie.ac-nice.fr\/plplh\/wp-content\/uploads\/sites\/18\/2023\/03\/recommandations_affiche_frontieres_jr_pdp_2023_pour_organisateurs-2-1-683x1024-1-683x400.png",683,400,true],"graphene_featured_image":["https:\/\/www.pedagogie.ac-nice.fr\/plplh\/wp-content\/uploads\/sites\/18\/2023\/03\/recommandations_affiche_frontieres_jr_pdp_2023_pour_organisateurs-2-1-683x1024-1.png",683,1024,false],"post-thumbnail":["https:\/\/www.pedagogie.ac-nice.fr\/plplh\/wp-content\/uploads\/sites\/18\/2023\/03\/recommandations_affiche_frontieres_jr_pdp_2023_pour_organisateurs-2-1-683x1024-1-683x250.png",683,250,true],"advps-thumb-one":["https:\/\/www.pedagogie.ac-nice.fr\/plplh\/wp-content\/uploads\/sites\/18\/2023\/03\/recommandations_affiche_frontieres_jr_pdp_2023_pour_organisateurs-2-1-683x1024-1-600x220.png",600,220,true]},"rttpg_author":{"display_name":"David Lamoureux","author_link":"https:\/\/www.pedagogie.ac-nice.fr\/plplh\/author\/dlamoureux\/"},"rttpg_comment":0,"rttpg_category":"<a href=\"https:\/\/www.pedagogie.ac-nice.fr\/plplh\/category\/prix-et-concours\/\" rel=\"category tag\">Prix, Concours et Projets<\/a>","rttpg_excerpt":"La 25e \u00e9dition du Printemps des po\u00e8tes porte sur le th\u00e8me des Fronti\u00e8res, qui int\u00e9resse particuli\u00e8rement notre bivalence. Elle se d\u00e9roule du 11 au 27 mars 2023. Dans ce cadre, l&rsquo;op\u00e9ration Coudrier consiste cette ann\u00e9e \u00e0 cr\u00e9er un Visa Po\u00e8me. Elle est ouverte \u00e0 tous les \u00e9l\u00e8ves de la maternelle jusqu\u2019aux lyc\u00e9es g\u00e9n\u00e9ralistes ou professionnels.\u2026","post_mailing_queue_ids":[],"_links":{"self":[{"href":"https:\/\/www.pedagogie.ac-nice.fr\/plplh\/wp-json\/wp\/v2\/posts\/7358","targetHints":{"allow":["GET"]}}],"collection":[{"href":"https:\/\/www.pedagogie.ac-nice.fr\/plplh\/wp-json\/wp\/v2\/posts"}],"about":[{"href":"https:\/\/www.pedagogie.ac-nice.fr\/plplh\/wp-json\/wp\/v2\/types\/post"}],"author":[{"embeddable":true,"href":"https:\/\/www.pedagogie.ac-nice.fr\/plplh\/wp-json\/wp\/v2\/users\/195"}],"replies":[{"embeddable":true,"href":"https:\/\/www.pedagogie.ac-nice.fr\/plplh\/wp-json\/wp\/v2\/comments?post=7358"}],"version-history":[{"count":9,"href":"https:\/\/www.pedagogie.ac-nice.fr\/plplh\/wp-json\/wp\/v2\/posts\/7358\/revisions"}],"predecessor-version":[{"id":7419,"href":"https:\/\/www.pedagogie.ac-nice.fr\/plplh\/wp-json\/wp\/v2\/posts\/7358\/revisions\/7419"}],"wp:featuredmedia":[{"embeddable":true,"href":"https:\/\/www.pedagogie.ac-nice.fr\/plplh\/wp-json\/wp\/v2\/media\/7359"}],"wp:attachment":[{"href":"https:\/\/www.pedagogie.ac-nice.fr\/plplh\/wp-json\/wp\/v2\/media?parent=7358"}],"wp:term":[{"taxonomy":"category","embeddable":true,"href":"https:\/\/www.pedagogie.ac-nice.fr\/plplh\/wp-json\/wp\/v2\/categories?post=7358"},{"taxonomy":"post_tag","embeddable":true,"href":"https:\/\/www.pedagogie.ac-nice.fr\/plplh\/wp-json\/wp\/v2\/tags?post=7358"}],"curies":[{"name":"wp","href":"https:\/\/api.w.org\/{rel}","templated":true}]}}