{"id":7466,"date":"2023-03-29T15:12:30","date_gmt":"2023-03-29T13:12:30","guid":{"rendered":"https:\/\/www.pedagogie.ac-nice.fr\/plplh\/?p=7466"},"modified":"2023-03-30T18:57:32","modified_gmt":"2023-03-30T16:57:32","slug":"semaine-de-la-presse-et-des-medias-a-lecole-des-expositions-pedagogiques-en-ligne","status":"publish","type":"post","link":"https:\/\/www.pedagogie.ac-nice.fr\/plplh\/semaine-de-la-presse-et-des-medias-a-lecole-des-expositions-pedagogiques-en-ligne\/","title":{"rendered":"Semaine de la presse et des m\u00e9dias \u00e0 l&rsquo;\u00c9cole : des expositions p\u00e9dagogiques en ligne"},"content":{"rendered":"<p><img loading=\"lazy\" decoding=\"async\" class=\"wp-image-7473 alignright\" src=\"https:\/\/www.pedagogie.ac-nice.fr\/plplh\/wp-content\/uploads\/sites\/18\/2023\/03\/Cartooning-for-Peace-300x300.png\" alt=\"\" width=\"255\" height=\"255\" srcset=\"https:\/\/www.pedagogie.ac-nice.fr\/plplh\/wp-content\/uploads\/sites\/18\/2023\/03\/Cartooning-for-Peace-300x300.png 300w, https:\/\/www.pedagogie.ac-nice.fr\/plplh\/wp-content\/uploads\/sites\/18\/2023\/03\/Cartooning-for-Peace-1024x1024.png 1024w, https:\/\/www.pedagogie.ac-nice.fr\/plplh\/wp-content\/uploads\/sites\/18\/2023\/03\/Cartooning-for-Peace-150x150.png 150w, https:\/\/www.pedagogie.ac-nice.fr\/plplh\/wp-content\/uploads\/sites\/18\/2023\/03\/Cartooning-for-Peace-768x768.png 768w, https:\/\/www.pedagogie.ac-nice.fr\/plplh\/wp-content\/uploads\/sites\/18\/2023\/03\/Cartooning-for-Peace-1536x1536.png 1536w, https:\/\/www.pedagogie.ac-nice.fr\/plplh\/wp-content\/uploads\/sites\/18\/2023\/03\/Cartooning-for-Peace-2048x2048.png 2048w, https:\/\/www.pedagogie.ac-nice.fr\/plplh\/wp-content\/uploads\/sites\/18\/2023\/03\/Cartooning-for-Peace-750x750.png 750w\" sizes=\"auto, (max-width: 255px) 100vw, 255px\" \/>La <a href=\"https:\/\/www.clemi.fr\/fr\/semaine-presse-medias.html\" target=\"_blank\" rel=\"noopener\"><strong>34e Semaine de la presse et des m\u00e9dias \u00e0 l&rsquo;\u00c9cole <\/strong><\/a>qui se d\u00e9roule <strong>du 27 mars au 1<sup>er<\/sup> avril 2023 ,<\/strong> peut \u00eatre l&rsquo;occasion de proposer \u00e0 vos \u00e9l\u00e8ves des activit\u00e9s p\u00e9dagogiques \u00e0 partir d&rsquo;expositions en ligne, en exploitant par exemple la tablette num\u00e9rique de la r\u00e9gion Sud.<\/p>\n<h4><span style=\"color: #0000ff;\">1. Cartooning for Peace<\/span><\/h4>\n<p>Gr\u00e2ce au soutien du minist\u00e8re de l\u2019\u00c9ducation nationale et de la jeunesse et de la MGEN, l&rsquo;association <strong><a href=\"https:\/\/www.cartooningforpeace.org\/\" target=\"_blank\" rel=\"noopener\">Cartooning for Peace<\/a><\/strong> propose huit kits p\u00e9dagogiques (des expositions itin\u00e9rantes accompagn\u00e9es de livrets p\u00e9dagogiques) \u00e0 destination des \u00e9l\u00e8ves de coll\u00e8ges et de lyc\u00e9es<strong>.<\/strong><\/p>\n<p>Ces expositions proposent <strong>via le dessin de presse<\/strong>, des cl\u00e9s pour lire et comprendre <strong>les grandes probl\u00e9matiques actuelles : conflits, libert\u00e9 d\u2019expression, fronti\u00e8res, migrations, l\u2019environnement, les d\u00e9fis de la jeunesse\u2026 <\/strong>Elles permettent le croisement entre nos diff\u00e9rentes disciplines au travers de th\u00e9matiques transversales.<\/p>\n<p>Chaque ann\u00e9e, ces expositions sont gratuitement mises \u00e0 disposition des \u00e9tablissements scolaires, mais elles sont aussi <strong>disponibles en ligne, au format Calam\u00e9o<\/strong>.&nbsp; Le lien est disponible en bas de chaque page consacr\u00e9e \u00e0 une exposition ci-dessous :<\/p>\n<ul>\n<li><a href=\"https:\/\/www.cartooningforpeace.org\/projetsfr\/exposition-itinerante-dessine-moi-lafrique\/\" target=\"_blank\" rel=\"noopener\"><strong>Dessine-moi l&rsquo;Afrique (2020)<\/strong><\/a><\/li>\n<li><strong><a href=\"https:\/\/www.cartooningforpeace.org\/projetsfr\/exposition-itinerante-dessine-moi-le-droit\/\" target=\"_blank\" rel=\"noopener\">Dessine-moi le droit (2017)<\/a><\/strong><\/li>\n<li><strong><a href=\"https:\/\/www.cartooningforpeace.org\/projetsfr\/exposition-itinerante-dessine-moi-lecologie\/\" target=\"_blank\" rel=\"noopener\">Dessine-moi l&rsquo;\u00e9cologie (2020)<\/a><\/strong><\/li>\n<li><strong><a href=\"https:\/\/www.cartooningforpeace.org\/projetsfr\/exposition-itinerante-dessine-moi-legalite-des-genres\/\" target=\"_blank\" rel=\"noopener\">Dessine-moi l\u2019\u00e9galit\u00e9 des genres (2022)<\/a><\/strong><\/li>\n<li class=\"titre-page\"><strong><a href=\"https:\/\/www.cartooningforpeace.org\/projetsfr\/exposition-itinerante-dessine-moi-la-guerre-1914-2014\/\" target=\"_blank\" rel=\"noopener\">Dessine-moi la guerre : de 14-18 \u00e0 aujourd\u2019hui (2014)<\/a><\/strong><\/li>\n<li><strong><a href=\"https:\/\/www.cartooningforpeace.org\/projetsfr\/exposition-itinerante-dessine-moi-la-mediterranee\/\" target=\"_blank\" rel=\"noopener\">Dessine-moi la M\u00e9diterran\u00e9e (2015)<\/a><\/strong><\/li>\n<li><strong><a href=\"http:\/\/www.cartooningforpeace.org\/projetsfr\/exposition-itinerante-dessins-pour-la-paix\/\" target=\"_blank\" rel=\"noopener\">Dessins pour la paix&nbsp; (2020)<\/a><\/strong><\/li>\n<li class=\"titre-page\"><strong><a href=\"https:\/\/www.cartooningforpeace.org\/projetsfr\/exposition-itinerante-tous-migrants\/\" target=\"_blank\" rel=\"noopener\">Tous migrants (2017)<\/a><\/strong><\/li>\n<\/ul>\n<h4><span style=\"color: #3366ff;\">2. CLEMI<\/span><\/h4>\n<p>Des expositions li\u00e9es aux m\u00e9dias et \u00e0 la presse :<\/p>\n<ul>\n<li><strong><a href=\"https:\/\/www.clemi.fr\/fr\/evenements\/operations-speciales\/exposition-fake-news-art-fiction-mensonge.html\" target=\"_blank\" rel=\"noopener\">\u00ab Fake News : art, fiction, mensonge \u00bb<\/a><\/strong> qui comprend aussi un dossier pluridisciplinaire d\u2019accompagnement (2021)<\/li>\n<li><strong><a href=\"https:\/\/www.clemi.fr\/fileadmin\/yag\/Fausses_nouvelles_affiche_BD.pdf\" target=\"_blank\" rel=\"noopener\">\u00ab\u00a0Histoire des fausses nouvelles\u00a0\u00bb<\/a><\/strong> en partenariat avec la BNF (2018)<\/li>\n<li><a href=\"https:\/\/www.pedagogie.ac-nice.fr\/plplh\/wp-content\/uploads\/sites\/18\/2023\/03\/Presse-a-la-Une-Exposition-Presse-BnF.pdf\" target=\"_blank\" rel=\"noopener\"><strong>\u00ab\u00a0La presse \u00e0 la Une, de la gazette \u00e0 Internet\u00a0\u00bb<\/strong><\/a> en partenariat avec la BNF et l&rsquo;AFP (2012)<\/li>\n<\/ul>\n<h4><span style=\"color: #3366ff;\"><strong>3. Pour vous former<\/strong><\/span><\/h4>\n<ul>\n<li>Podcast de l&rsquo;\u00e9mission de France Culture \u00ca<em>tre et Avoir<\/em> du 27 mars 2023 : \u00ab\u00a0<strong><a href=\"https:\/\/www.radiofrance.fr\/franceculture\/podcasts\/etre-et-savoir\/comment-eduquer-aux-medias-aujourd-hui-7548028?at_medium=newsletter&amp;at_campaign=culture_quoti_edito&amp;at_chaine=france_culture&amp;at_date=2023-03-28&amp;at_position=2\" target=\"_blank\" rel=\"noopener\">Comment \u00ab\u00a0\u00e9duquer aux m\u00e9dias aujourd&rsquo;hui ?\u00a0\u00bb<\/a><\/strong><\/li>\n<li>Vad\u00e9m\u00e9cums\n<ul>\n<li><strong><a href=\"https:\/\/www.pedagogie.ac-nice.fr\/plplh\/wp-content\/uploads\/sites\/18\/2022\/02\/vademecum_webradio.pdf\">Cr\u00e9er une webradio scolaire<\/a> <\/strong>(janvier 2022)<\/li>\n<li><a href=\"https:\/\/www.pedagogie.ac-nice.fr\/plplh\/wp-content\/uploads\/sites\/18\/2022\/02\/vademecum_emi_2022.pdf\"><strong>L\u2019\u00c9ducation aux M\u00e9dias et \u00e0 l\u2019Information<\/strong><\/a> (janvier 2022)<\/li>\n<\/ul>\n<\/li>\n<li>Webinaire du CLEMI : <strong><a href=\"https:\/\/www.youtube.com\/watch?v=KY2KJtkZx5I&amp;t=1s\" target=\"_blank\" rel=\"noopener\">Pr\u00e9sentation de l&rsquo;exposition \u00ab\u00a0Fake News : art, fiction, mensonge\u00a0\u00bb<\/a><\/strong><\/li>\n<\/ul>\n","protected":false},"excerpt":{"rendered":"<p>La 34e Semaine de la presse et des m\u00e9dias \u00e0 l&rsquo;\u00c9cole qui se d\u00e9roule du 27 mars au 1er avril 2023 , peut \u00eatre l&rsquo;occasion de proposer \u00e0 vos \u00e9l\u00e8ves des activit\u00e9s p\u00e9dagogiques \u00e0 partir d&rsquo;expositions en ligne, en exploitant par exemple la tablette num\u00e9rique de la r\u00e9gion Sud. 1. Cartooning for Peace Gr\u00e2ce au &hellip; <\/p>\n<p><a class=\"more-link btn\" href=\"https:\/\/www.pedagogie.ac-nice.fr\/plplh\/semaine-de-la-presse-et-des-medias-a-lecole-des-expositions-pedagogiques-en-ligne\/\">Lire la suite<\/a><\/p>\n","protected":false},"author":195,"featured_media":7540,"comment_status":"closed","ping_status":"closed","sticky":false,"template":"","format":"standard","meta":{"ngg_post_thumbnail":0,"footnotes":""},"categories":[101,152],"tags":[],"class_list":["post-7466","post","type-post","status-publish","format-standard","has-post-thumbnail","hentry","category-ressources","category-valeurs-de-la-republique","item-wrap"],"rttpg_featured_image_url":{"full":["https:\/\/www.pedagogie.ac-nice.fr\/plplh\/wp-content\/uploads\/sites\/18\/2023\/03\/capture-decran-2023-03-29-a-08.53.46-1160x435-1.png",1160,435,false],"landscape":["https:\/\/www.pedagogie.ac-nice.fr\/plplh\/wp-content\/uploads\/sites\/18\/2023\/03\/capture-decran-2023-03-29-a-08.53.46-1160x435-1.png",1160,435,false],"portraits":["https:\/\/www.pedagogie.ac-nice.fr\/plplh\/wp-content\/uploads\/sites\/18\/2023\/03\/capture-decran-2023-03-29-a-08.53.46-1160x435-1.png",1160,435,false],"thumbnail":["https:\/\/www.pedagogie.ac-nice.fr\/plplh\/wp-content\/uploads\/sites\/18\/2023\/03\/capture-decran-2023-03-29-a-08.53.46-1160x435-1-150x150.png",150,150,true],"medium":["https:\/\/www.pedagogie.ac-nice.fr\/plplh\/wp-content\/uploads\/sites\/18\/2023\/03\/capture-decran-2023-03-29-a-08.53.46-1160x435-1-300x113.png",300,113,true],"large":["https:\/\/www.pedagogie.ac-nice.fr\/plplh\/wp-content\/uploads\/sites\/18\/2023\/03\/capture-decran-2023-03-29-a-08.53.46-1160x435-1-1024x384.png",750,281,true],"1536x1536":["https:\/\/www.pedagogie.ac-nice.fr\/plplh\/wp-content\/uploads\/sites\/18\/2023\/03\/capture-decran-2023-03-29-a-08.53.46-1160x435-1.png",1160,435,false],"2048x2048":["https:\/\/www.pedagogie.ac-nice.fr\/plplh\/wp-content\/uploads\/sites\/18\/2023\/03\/capture-decran-2023-03-29-a-08.53.46-1160x435-1.png",1160,435,false],"graphene_slider":["https:\/\/www.pedagogie.ac-nice.fr\/plplh\/wp-content\/uploads\/sites\/18\/2023\/03\/capture-decran-2023-03-29-a-08.53.46-1160x435-1-750x400.png",750,400,true],"graphene_featured_image":["https:\/\/www.pedagogie.ac-nice.fr\/plplh\/wp-content\/uploads\/sites\/18\/2023\/03\/capture-decran-2023-03-29-a-08.53.46-1160x435-1-750x281.png",750,281,true],"post-thumbnail":["https:\/\/www.pedagogie.ac-nice.fr\/plplh\/wp-content\/uploads\/sites\/18\/2023\/03\/capture-decran-2023-03-29-a-08.53.46-1160x435-1-1160x250.png",1160,250,true],"advps-thumb-one":["https:\/\/www.pedagogie.ac-nice.fr\/plplh\/wp-content\/uploads\/sites\/18\/2023\/03\/capture-decran-2023-03-29-a-08.53.46-1160x435-1-600x220.png",600,220,true]},"rttpg_author":{"display_name":"David Lamoureux","author_link":"https:\/\/www.pedagogie.ac-nice.fr\/plplh\/author\/dlamoureux\/"},"rttpg_comment":0,"rttpg_category":"<a href=\"https:\/\/www.pedagogie.ac-nice.fr\/plplh\/category\/ressources\/\" rel=\"category tag\">Ressources p\u00e9dagogiques<\/a> <a href=\"https:\/\/www.pedagogie.ac-nice.fr\/plplh\/category\/valeurs-de-la-republique\/\" rel=\"category tag\">Valeurs de la R\u00e9publique<\/a>","rttpg_excerpt":"La 34e Semaine de la presse et des m\u00e9dias \u00e0 l&rsquo;\u00c9cole qui se d\u00e9roule du 27 mars au 1er avril 2023 , peut \u00eatre l&rsquo;occasion de proposer \u00e0 vos \u00e9l\u00e8ves des activit\u00e9s p\u00e9dagogiques \u00e0 partir d&rsquo;expositions en ligne, en exploitant par exemple la tablette num\u00e9rique de la r\u00e9gion Sud. 1. Cartooning for Peace Gr\u00e2ce au\u2026","post_mailing_queue_ids":[],"_links":{"self":[{"href":"https:\/\/www.pedagogie.ac-nice.fr\/plplh\/wp-json\/wp\/v2\/posts\/7466","targetHints":{"allow":["GET"]}}],"collection":[{"href":"https:\/\/www.pedagogie.ac-nice.fr\/plplh\/wp-json\/wp\/v2\/posts"}],"about":[{"href":"https:\/\/www.pedagogie.ac-nice.fr\/plplh\/wp-json\/wp\/v2\/types\/post"}],"author":[{"embeddable":true,"href":"https:\/\/www.pedagogie.ac-nice.fr\/plplh\/wp-json\/wp\/v2\/users\/195"}],"replies":[{"embeddable":true,"href":"https:\/\/www.pedagogie.ac-nice.fr\/plplh\/wp-json\/wp\/v2\/comments?post=7466"}],"version-history":[{"count":19,"href":"https:\/\/www.pedagogie.ac-nice.fr\/plplh\/wp-json\/wp\/v2\/posts\/7466\/revisions"}],"predecessor-version":[{"id":7545,"href":"https:\/\/www.pedagogie.ac-nice.fr\/plplh\/wp-json\/wp\/v2\/posts\/7466\/revisions\/7545"}],"wp:featuredmedia":[{"embeddable":true,"href":"https:\/\/www.pedagogie.ac-nice.fr\/plplh\/wp-json\/wp\/v2\/media\/7540"}],"wp:attachment":[{"href":"https:\/\/www.pedagogie.ac-nice.fr\/plplh\/wp-json\/wp\/v2\/media?parent=7466"}],"wp:term":[{"taxonomy":"category","embeddable":true,"href":"https:\/\/www.pedagogie.ac-nice.fr\/plplh\/wp-json\/wp\/v2\/categories?post=7466"},{"taxonomy":"post_tag","embeddable":true,"href":"https:\/\/www.pedagogie.ac-nice.fr\/plplh\/wp-json\/wp\/v2\/tags?post=7466"}],"curies":[{"name":"wp","href":"https:\/\/api.w.org\/{rel}","templated":true}]}}