{"id":8176,"date":"2023-10-25T18:55:08","date_gmt":"2023-10-25T16:55:08","guid":{"rendered":"https:\/\/www.pedagogie.ac-nice.fr\/plplh\/?p=8176"},"modified":"2023-10-30T14:19:51","modified_gmt":"2023-10-30T13:19:51","slug":"inscrivez-vous-au-prix-du-livre-geographie-2024","status":"publish","type":"post","link":"https:\/\/www.pedagogie.ac-nice.fr\/plplh\/inscrivez-vous-au-prix-du-livre-geographie-2024\/","title":{"rendered":"Inscrivez-vous au Prix du livre g\u00e9ographie 2024 !"},"content":{"rendered":"<p><img loading=\"lazy\" decoding=\"async\" class=\" wp-image-8183 alignright\" src=\"https:\/\/www.pedagogie.ac-nice.fr\/plplh\/wp-content\/uploads\/sites\/18\/2023\/10\/Prix-du-Livre-de-Geographie-des-Lyceens-et-Etudiants-2023-2-300x135.png\" alt=\"\" width=\"358\" height=\"161\" srcset=\"https:\/\/www.pedagogie.ac-nice.fr\/plplh\/wp-content\/uploads\/sites\/18\/2023\/10\/Prix-du-Livre-de-Geographie-des-Lyceens-et-Etudiants-2023-2-300x135.png 300w, https:\/\/www.pedagogie.ac-nice.fr\/plplh\/wp-content\/uploads\/sites\/18\/2023\/10\/Prix-du-Livre-de-Geographie-des-Lyceens-et-Etudiants-2023-2.png 388w\" sizes=\"auto, (max-width: 358px) 100vw, 358px\" \/>Le but du <strong>Prix du livre de g\u00e9ographie<\/strong> est de faire d\u00e9couvrir et aimer la g\u00e9ographie \u00e0 des lyc\u00e9ens y compris professionnels et des \u00e9tudiants. Pour nos \u00e9l\u00e8ves, participer \u00e0 ce prix peut \u00eatre une opportunit\u00e9 pour approfondir leurs connaissances en g\u00e9ographie, s&rsquo;ouvrir \u00e0 la richesse de cette discipline et \u00e0 la diversit\u00e9 des \u00e9crits g\u00e9ographiques.<\/p>\n<p>Les \u00e9l\u00e8ves de la classe sont invit\u00e9s \u00e0 lire<strong> cinq ouvrages<\/strong>, encadr\u00e9s par leur enseignant. Le groupe choisit son ouvrage pr\u00e9f\u00e9r\u00e9 et con\u00e7oit un support (texte argument\u00e9, affiche, un podcast ou tout autre support&#8230;) pour expliquer son choix.&nbsp; Cette production sert de bulletin de vote.<\/p>\n<p>Afin d&rsquo;adapter la lecture \u00e0 nos \u00e9l\u00e8ves de LP, il est possible de ne pas lire tous les ouvrages en entier. Des caf\u00e9s virtuels seront organis\u00e9s pour \u00e9changer avec les auteurs, la participation s&rsquo;y fera sur la base du volontariat.<\/p>\n<p>Voici la liste des ouvrages s\u00e9lectionn\u00e9s :<\/p>\n<ul>\n<li>Gilles Fumey,&nbsp;<em>Alexandre de Humboldt. L\u2019eau et le feu<\/em>, Double ligne, 2022.<\/li>\n<li>Rapha\u00ebl Mathevet et Rom\u00e9o Bondon, <em>Sangliers. G\u00e9ographies d\u2019un animal politique<\/em>, Actes Sud, 2022.<\/li>\n<li>Basile Michel, <em>Les quartiers culturels et cr\u00e9atifs<\/em>, Le Manuscrit, 2022.<\/li>\n<li>Marion Tillous (dir.), <em>Espace, genre et violences conjugales, ce que r\u00e9v\u00e8le la crise de la Covid 19<\/em>, G\u00e9oTraverses, 2022.<\/li>\n<li>Nephtys Zwer (dir.), <em>Ceci n\u2019est pas un atlas<\/em>, \u00c9ditions du commun, 2023.<\/li>\n<\/ul>\n<p>&nbsp;<\/p>\n<p>Pour inscrire votre classe, il faut suffit de cliquer sur le <strong><a href=\"https:\/\/docs.google.com\/forms\/d\/e\/1FAIpQLScx8Cj1QAeGaJFV4J-bO8Ibiw9QGhVR54vC2UkVx9AD3XkEbQ\/viewform\">lien ici<\/a><\/strong>. Vous trouverez \u00e9galement sur cette page toutes les informations sur le d\u00e9roulement du prix et son calendrier.<\/p>\n<p>Date limite des inscriptions :&nbsp; <strong>31 octobre 2023<\/strong> au plus tard.<\/p>\n","protected":false},"excerpt":{"rendered":"<p>Le but du Prix du livre de g\u00e9ographie est de faire d\u00e9couvrir et aimer la g\u00e9ographie \u00e0 des lyc\u00e9ens y compris professionnels et des \u00e9tudiants. Pour nos \u00e9l\u00e8ves, participer \u00e0 ce prix peut \u00eatre une opportunit\u00e9 pour approfondir leurs connaissances en g\u00e9ographie, s&rsquo;ouvrir \u00e0 la richesse de cette discipline et \u00e0 la diversit\u00e9 des \u00e9crits &hellip; <\/p>\n<p><a class=\"more-link btn\" href=\"https:\/\/www.pedagogie.ac-nice.fr\/plplh\/inscrivez-vous-au-prix-du-livre-geographie-2024\/\">Lire la suite<\/a><\/p>\n","protected":false},"author":195,"featured_media":8183,"comment_status":"closed","ping_status":"closed","sticky":false,"template":"","format":"standard","meta":{"ngg_post_thumbnail":0,"footnotes":""},"categories":[100],"tags":[],"class_list":["post-8176","post","type-post","status-publish","format-standard","has-post-thumbnail","hentry","category-prix-et-concours","item-wrap"],"rttpg_featured_image_url":{"full":["https:\/\/www.pedagogie.ac-nice.fr\/plplh\/wp-content\/uploads\/sites\/18\/2023\/10\/Prix-du-Livre-de-Geographie-des-Lyceens-et-Etudiants-2023-2.png",388,174,false],"landscape":["https:\/\/www.pedagogie.ac-nice.fr\/plplh\/wp-content\/uploads\/sites\/18\/2023\/10\/Prix-du-Livre-de-Geographie-des-Lyceens-et-Etudiants-2023-2.png",388,174,false],"portraits":["https:\/\/www.pedagogie.ac-nice.fr\/plplh\/wp-content\/uploads\/sites\/18\/2023\/10\/Prix-du-Livre-de-Geographie-des-Lyceens-et-Etudiants-2023-2.png",388,174,false],"thumbnail":["https:\/\/www.pedagogie.ac-nice.fr\/plplh\/wp-content\/uploads\/sites\/18\/2023\/10\/Prix-du-Livre-de-Geographie-des-Lyceens-et-Etudiants-2023-2-150x150.png",150,150,true],"medium":["https:\/\/www.pedagogie.ac-nice.fr\/plplh\/wp-content\/uploads\/sites\/18\/2023\/10\/Prix-du-Livre-de-Geographie-des-Lyceens-et-Etudiants-2023-2-300x135.png",300,135,true],"large":["https:\/\/www.pedagogie.ac-nice.fr\/plplh\/wp-content\/uploads\/sites\/18\/2023\/10\/Prix-du-Livre-de-Geographie-des-Lyceens-et-Etudiants-2023-2.png",388,174,false],"1536x1536":["https:\/\/www.pedagogie.ac-nice.fr\/plplh\/wp-content\/uploads\/sites\/18\/2023\/10\/Prix-du-Livre-de-Geographie-des-Lyceens-et-Etudiants-2023-2.png",388,174,false],"2048x2048":["https:\/\/www.pedagogie.ac-nice.fr\/plplh\/wp-content\/uploads\/sites\/18\/2023\/10\/Prix-du-Livre-de-Geographie-des-Lyceens-et-Etudiants-2023-2.png",388,174,false],"graphene_slider":["https:\/\/www.pedagogie.ac-nice.fr\/plplh\/wp-content\/uploads\/sites\/18\/2023\/10\/Prix-du-Livre-de-Geographie-des-Lyceens-et-Etudiants-2023-2.png",388,174,false],"graphene_featured_image":["https:\/\/www.pedagogie.ac-nice.fr\/plplh\/wp-content\/uploads\/sites\/18\/2023\/10\/Prix-du-Livre-de-Geographie-des-Lyceens-et-Etudiants-2023-2.png",388,174,false],"post-thumbnail":["https:\/\/www.pedagogie.ac-nice.fr\/plplh\/wp-content\/uploads\/sites\/18\/2023\/10\/Prix-du-Livre-de-Geographie-des-Lyceens-et-Etudiants-2023-2.png",388,174,false],"advps-thumb-one":["https:\/\/www.pedagogie.ac-nice.fr\/plplh\/wp-content\/uploads\/sites\/18\/2023\/10\/Prix-du-Livre-de-Geographie-des-Lyceens-et-Etudiants-2023-2.png",388,174,false]},"rttpg_author":{"display_name":"David Lamoureux","author_link":"https:\/\/www.pedagogie.ac-nice.fr\/plplh\/author\/dlamoureux\/"},"rttpg_comment":0,"rttpg_category":"<a href=\"https:\/\/www.pedagogie.ac-nice.fr\/plplh\/category\/prix-et-concours\/\" rel=\"category tag\">Prix, Concours et Projets<\/a>","rttpg_excerpt":"Le but du Prix du livre de g\u00e9ographie est de faire d\u00e9couvrir et aimer la g\u00e9ographie \u00e0 des lyc\u00e9ens y compris professionnels et des \u00e9tudiants. Pour nos \u00e9l\u00e8ves, participer \u00e0 ce prix peut \u00eatre une opportunit\u00e9 pour approfondir leurs connaissances en g\u00e9ographie, s&rsquo;ouvrir \u00e0 la richesse de cette discipline et \u00e0 la diversit\u00e9 des \u00e9crits\u2026","post_mailing_queue_ids":[],"_links":{"self":[{"href":"https:\/\/www.pedagogie.ac-nice.fr\/plplh\/wp-json\/wp\/v2\/posts\/8176","targetHints":{"allow":["GET"]}}],"collection":[{"href":"https:\/\/www.pedagogie.ac-nice.fr\/plplh\/wp-json\/wp\/v2\/posts"}],"about":[{"href":"https:\/\/www.pedagogie.ac-nice.fr\/plplh\/wp-json\/wp\/v2\/types\/post"}],"author":[{"embeddable":true,"href":"https:\/\/www.pedagogie.ac-nice.fr\/plplh\/wp-json\/wp\/v2\/users\/195"}],"replies":[{"embeddable":true,"href":"https:\/\/www.pedagogie.ac-nice.fr\/plplh\/wp-json\/wp\/v2\/comments?post=8176"}],"version-history":[{"count":10,"href":"https:\/\/www.pedagogie.ac-nice.fr\/plplh\/wp-json\/wp\/v2\/posts\/8176\/revisions"}],"predecessor-version":[{"id":8196,"href":"https:\/\/www.pedagogie.ac-nice.fr\/plplh\/wp-json\/wp\/v2\/posts\/8176\/revisions\/8196"}],"wp:featuredmedia":[{"embeddable":true,"href":"https:\/\/www.pedagogie.ac-nice.fr\/plplh\/wp-json\/wp\/v2\/media\/8183"}],"wp:attachment":[{"href":"https:\/\/www.pedagogie.ac-nice.fr\/plplh\/wp-json\/wp\/v2\/media?parent=8176"}],"wp:term":[{"taxonomy":"category","embeddable":true,"href":"https:\/\/www.pedagogie.ac-nice.fr\/plplh\/wp-json\/wp\/v2\/categories?post=8176"},{"taxonomy":"post_tag","embeddable":true,"href":"https:\/\/www.pedagogie.ac-nice.fr\/plplh\/wp-json\/wp\/v2\/tags?post=8176"}],"curies":[{"name":"wp","href":"https:\/\/api.w.org\/{rel}","templated":true}]}}