{"id":8552,"date":"2024-03-30T14:51:46","date_gmt":"2024-03-30T13:51:46","guid":{"rendered":"https:\/\/www.pedagogie.ac-nice.fr\/plplh\/?p=8552"},"modified":"2024-07-07T09:52:05","modified_gmt":"2024-07-07T07:52:05","slug":"examens-2024-calendrier-des-corrections","status":"publish","type":"post","link":"https:\/\/www.pedagogie.ac-nice.fr\/plplh\/examens-2024-calendrier-des-corrections\/","title":{"rendered":"Examens 2024 : calendrier des corrections"},"content":{"rendered":"<p>Ch\u00e8res et chers coll\u00e8gues,<\/p>\n<p>La p\u00e9riode des examens approche. Vous trouverez ici&nbsp;<a href=\"https:\/\/www.pedagogie.ac-nice.fr\/plplh\/wp-content\/uploads\/sites\/18\/2024\/03\/calendrier-examens-lhg-2024.pdf\" target=\"_blank\" rel=\"noopener\"><strong>le calendrier des \u00e9preuves orales et des corrections \u00e9crites<\/strong><\/a>&nbsp;pour lesquelles vous \u00eates comme chaque ann\u00e9e susceptibles d\u2019\u00eatre convoqu\u00e9s, \u00e0 noter dans vos agendas.<\/p>\n<p>Pensez \u00e0 consulter r\u00e9guli\u00e8rement le service <strong>IMAG\u2019IN<\/strong> via le portail&nbsp;<a href=\"https:\/\/id.ac-nice.fr\/plog\/public\/login\" target=\"_blank\" rel=\"noopener\"><strong>ESTEREL<\/strong><\/a>&nbsp;car ce calendrier est susceptible de modifications.<\/p>\n<p>Nous vous demandons d&rsquo;\u00eatre<strong> vigilants quant aux lieux et dates de correction<\/strong>.<\/p>\n<p>Nous vous rappelons que les convocations ont <strong>un caract\u00e8re obligatoire<\/strong> :<\/p>\n<ul>\n<li>Chacun veillera \u00e0 ne prendre aucun engagement personnel (rendez-vous m\u00e9dical, formation, d\u00e9part anticip\u00e9 en vacances, etc.) ni professionnel (les dates de CCF doivent imp\u00e9rativement \u00eatre plac\u00e9es en dehors des dates communiqu\u00e9es ici).<\/li>\n<li>Les convocations \u00e9manant d\u2019autres services en raison de vos cumuls d\u2019activit\u00e9 (BTS ou GRETA) sont \u00e0 honorer en plus des autres convocations en Lettres \u2013 Histoire-G\u00e9ographie-EMC.<\/li>\n<\/ul>\n<p>Nous savons pouvoir compter sur votre engagement au service de la r\u00e9ussite de vos \u00e9l\u00e8ves.<\/p>\n<p style=\"text-align: right;\"><em>St\u00e9phane Cipriani et Christ\u00e8le Henriot, IEN Lettres \u2013 Histoire-G\u00e9ographie-EMC<\/em><\/p>\n<div id=\"attachment_8557\" style=\"width: 363px\" class=\"wp-caption aligncenter\"><a href=\"https:\/\/www.pedagogie.ac-nice.fr\/plplh\/wp-content\/uploads\/sites\/18\/2024\/03\/calendrier-examens-lhg-2024.pdf\" target=\"_blank\" rel=\"noopener\"><img loading=\"lazy\" decoding=\"async\" aria-describedby=\"caption-attachment-8557\" class=\"wp-image-8557\" src=\"https:\/\/www.pedagogie.ac-nice.fr\/plplh\/wp-content\/uploads\/sites\/18\/2024\/03\/calendrier-correction-examens-2024-300x187.jpg\" alt=\"\" width=\"363\" height=\"226\" srcset=\"https:\/\/www.pedagogie.ac-nice.fr\/plplh\/wp-content\/uploads\/sites\/18\/2024\/03\/calendrier-correction-examens-2024-300x187.jpg 300w, https:\/\/www.pedagogie.ac-nice.fr\/plplh\/wp-content\/uploads\/sites\/18\/2024\/03\/calendrier-correction-examens-2024-1024x639.jpg 1024w, https:\/\/www.pedagogie.ac-nice.fr\/plplh\/wp-content\/uploads\/sites\/18\/2024\/03\/calendrier-correction-examens-2024-768x480.jpg 768w, https:\/\/www.pedagogie.ac-nice.fr\/plplh\/wp-content\/uploads\/sites\/18\/2024\/03\/calendrier-correction-examens-2024-1536x959.jpg 1536w, https:\/\/www.pedagogie.ac-nice.fr\/plplh\/wp-content\/uploads\/sites\/18\/2024\/03\/calendrier-correction-examens-2024-750x468.jpg 750w, https:\/\/www.pedagogie.ac-nice.fr\/plplh\/wp-content\/uploads\/sites\/18\/2024\/03\/calendrier-correction-examens-2024.jpg 1704w\" sizes=\"auto, (max-width: 363px) 100vw, 363px\" \/><\/a><p id=\"caption-attachment-8557\" class=\"wp-caption-text\"><em><span style=\"color: #0000ff; font-size: 12pt;\">Cliquez sur l&rsquo;image pour agrandir.<\/span><\/em><\/p><\/div>\n","protected":false},"excerpt":{"rendered":"<p>Ch\u00e8res et chers coll\u00e8gues, La p\u00e9riode des examens approche. Vous trouverez ici&nbsp;le calendrier des \u00e9preuves orales et des corrections \u00e9crites&nbsp;pour lesquelles vous \u00eates comme chaque ann\u00e9e susceptibles d\u2019\u00eatre convoqu\u00e9s, \u00e0 noter dans vos agendas. Pensez \u00e0 consulter r\u00e9guli\u00e8rement le service IMAG\u2019IN via le portail&nbsp;ESTEREL&nbsp;car ce calendrier est susceptible de modifications. Nous vous demandons d&rsquo;\u00eatre vigilants &hellip; <\/p>\n<p><a class=\"more-link btn\" href=\"https:\/\/www.pedagogie.ac-nice.fr\/plplh\/examens-2024-calendrier-des-corrections\/\">Lire la suite<\/a><\/p>\n","protected":false},"author":195,"featured_media":0,"comment_status":"closed","ping_status":"closed","sticky":false,"template":"","format":"standard","meta":{"ngg_post_thumbnail":0,"footnotes":""},"categories":[6,7],"tags":[43],"class_list":["post-8552","post","type-post","status-publish","format-standard","hentry","category-examens","category-le-mot-de-linspection","tag-examens","item-wrap"],"rttpg_featured_image_url":null,"rttpg_author":{"display_name":"David Lamoureux","author_link":"https:\/\/www.pedagogie.ac-nice.fr\/plplh\/author\/dlamoureux\/"},"rttpg_comment":0,"rttpg_category":"<a href=\"https:\/\/www.pedagogie.ac-nice.fr\/plplh\/category\/examens\/\" rel=\"category tag\">Examens<\/a> <a href=\"https:\/\/www.pedagogie.ac-nice.fr\/plplh\/category\/le-mot-de-linspection\/\" rel=\"category tag\">Le mot de l'inspection<\/a>","rttpg_excerpt":"Ch\u00e8res et chers coll\u00e8gues, La p\u00e9riode des examens approche. Vous trouverez ici&nbsp;le calendrier des \u00e9preuves orales et des corrections \u00e9crites&nbsp;pour lesquelles vous \u00eates comme chaque ann\u00e9e susceptibles d\u2019\u00eatre convoqu\u00e9s, \u00e0 noter dans vos agendas. Pensez \u00e0 consulter r\u00e9guli\u00e8rement le service IMAG\u2019IN via le portail&nbsp;ESTEREL&nbsp;car ce calendrier est susceptible de modifications. Nous vous demandons d&rsquo;\u00eatre vigilants\u2026","post_mailing_queue_ids":[],"_links":{"self":[{"href":"https:\/\/www.pedagogie.ac-nice.fr\/plplh\/wp-json\/wp\/v2\/posts\/8552","targetHints":{"allow":["GET"]}}],"collection":[{"href":"https:\/\/www.pedagogie.ac-nice.fr\/plplh\/wp-json\/wp\/v2\/posts"}],"about":[{"href":"https:\/\/www.pedagogie.ac-nice.fr\/plplh\/wp-json\/wp\/v2\/types\/post"}],"author":[{"embeddable":true,"href":"https:\/\/www.pedagogie.ac-nice.fr\/plplh\/wp-json\/wp\/v2\/users\/195"}],"replies":[{"embeddable":true,"href":"https:\/\/www.pedagogie.ac-nice.fr\/plplh\/wp-json\/wp\/v2\/comments?post=8552"}],"version-history":[{"count":7,"href":"https:\/\/www.pedagogie.ac-nice.fr\/plplh\/wp-json\/wp\/v2\/posts\/8552\/revisions"}],"predecessor-version":[{"id":8561,"href":"https:\/\/www.pedagogie.ac-nice.fr\/plplh\/wp-json\/wp\/v2\/posts\/8552\/revisions\/8561"}],"wp:attachment":[{"href":"https:\/\/www.pedagogie.ac-nice.fr\/plplh\/wp-json\/wp\/v2\/media?parent=8552"}],"wp:term":[{"taxonomy":"category","embeddable":true,"href":"https:\/\/www.pedagogie.ac-nice.fr\/plplh\/wp-json\/wp\/v2\/categories?post=8552"},{"taxonomy":"post_tag","embeddable":true,"href":"https:\/\/www.pedagogie.ac-nice.fr\/plplh\/wp-json\/wp\/v2\/tags?post=8552"}],"curies":[{"name":"wp","href":"https:\/\/api.w.org\/{rel}","templated":true}]}}