{"id":8583,"date":"2024-05-13T18:28:00","date_gmt":"2024-05-13T16:28:00","guid":{"rendered":"https:\/\/www.pedagogie.ac-nice.fr\/plplh\/?p=8583"},"modified":"2024-05-13T18:53:35","modified_gmt":"2024-05-13T16:53:35","slug":"nuage-un-cloud-professionnel-de-100-go","status":"publish","type":"post","link":"https:\/\/www.pedagogie.ac-nice.fr\/plplh\/nuage-un-cloud-professionnel-de-100-go\/","title":{"rendered":"Nuage : un cloud professionnel de 100 Go"},"content":{"rendered":"<p><img loading=\"lazy\" decoding=\"async\" class=\"alignright wp-image-8588 size-medium\" src=\"https:\/\/www.pedagogie.ac-nice.fr\/plplh\/wp-content\/uploads\/sites\/18\/2024\/04\/Nuage-300x107.jpg\" alt=\"\" width=\"300\" height=\"107\" srcset=\"https:\/\/www.pedagogie.ac-nice.fr\/plplh\/wp-content\/uploads\/sites\/18\/2024\/04\/Nuage-300x107.jpg 300w, https:\/\/www.pedagogie.ac-nice.fr\/plplh\/wp-content\/uploads\/sites\/18\/2024\/04\/Nuage.jpg 726w\" sizes=\"auto, (max-width: 300px) 100vw, 300px\" \/><strong>\u00ab\u00a0Nuage\u00a0\u00bb<\/strong> est un service de cloud \u00e0 usage professionnel, propos\u00e9 par le Minist\u00e8re de l\u2019\u00c9ducation Nationale. Il est disponible sur la plateforme <strong><a href=\"https:\/\/portail.apps.education.fr\/\" target=\"_blank\" rel=\"noopener\">Apps.Education.fr&nbsp; <\/a><\/strong>et mis \u00e0 votre disposition <strong>gratuitement<\/strong>.<\/p>\n<p>Il r\u00e9pond aux conditions pr\u00e9conis\u00e9es dans le cadre du <a href=\"https:\/\/www.cnil.fr\/fr\/comprendre-le-rgpd\" target=\"_blank\" rel=\"noopener\">RGPD<\/a> (R\u00e8glement G\u00e9n\u00e9ral de la Protection des Donn\u00e9es) et aucune utilisation commerciale de vos donn\u00e9es ne peut \u00eatre envisag\u00e9e.<\/p>\n<p>En cr\u00e9ant un compte avec <strong>votre adresse acad\u00e9mique<\/strong>,&nbsp; vous disposerez de <strong>100 Go de stockage en ligne<\/strong>. Vous aurez la possibilit\u00e9 de synchroniser vos donn\u00e9es sur votre ordinateur ou votre smartphone.<\/p>\n<p>Vous pourrez acc\u00e9der de trois mani\u00e8res \u00e0 votre nuage professionnel, \u00e0 partir de :<\/p>\n<ul class=\"spip\" role=\"list\">\n<li>un navigateur web&nbsp;;<\/li>\n<li>un logiciel install\u00e9 sur son ordinateur personnel (environnement Windows, Linux, MacOS&#8230;)&nbsp;;<\/li>\n<li>une application install\u00e9e sur la tablette (iPadOS, Android).<\/li>\n<\/ul>\n<p>Consultez <a href=\"https:\/\/tube-numerique-educatif.apps.education.fr\/w\/74f62212-e6fa-48df-a0fb-29eb290fe54e\" target=\"_blank\" rel=\"noopener\"><strong>cette vid\u00e9o<\/strong><\/a> pour vous accompagner dans la cr\u00e9ation de votre compte et la prise en main de ce service.<\/p>\n","protected":false},"excerpt":{"rendered":"<p>\u00ab\u00a0Nuage\u00a0\u00bb est un service de cloud \u00e0 usage professionnel, propos\u00e9 par le Minist\u00e8re de l\u2019\u00c9ducation Nationale. Il est disponible sur la plateforme Apps.Education.fr&nbsp; et mis \u00e0 votre disposition gratuitement. Il r\u00e9pond aux conditions pr\u00e9conis\u00e9es dans le cadre du RGPD (R\u00e8glement G\u00e9n\u00e9ral de la Protection des Donn\u00e9es) et aucune utilisation commerciale de vos donn\u00e9es ne peut &hellip; <\/p>\n<p><a class=\"more-link btn\" href=\"https:\/\/www.pedagogie.ac-nice.fr\/plplh\/nuage-un-cloud-professionnel-de-100-go\/\">Lire la suite<\/a><\/p>\n","protected":false},"author":195,"featured_media":8588,"comment_status":"closed","ping_status":"closed","sticky":false,"template":"","format":"standard","meta":{"ngg_post_thumbnail":0,"footnotes":""},"categories":[101],"tags":[],"class_list":["post-8583","post","type-post","status-publish","format-standard","has-post-thumbnail","hentry","category-ressources","item-wrap"],"rttpg_featured_image_url":{"full":["https:\/\/www.pedagogie.ac-nice.fr\/plplh\/wp-content\/uploads\/sites\/18\/2024\/04\/Nuage.jpg",726,260,false],"landscape":["https:\/\/www.pedagogie.ac-nice.fr\/plplh\/wp-content\/uploads\/sites\/18\/2024\/04\/Nuage.jpg",726,260,false],"portraits":["https:\/\/www.pedagogie.ac-nice.fr\/plplh\/wp-content\/uploads\/sites\/18\/2024\/04\/Nuage.jpg",726,260,false],"thumbnail":["https:\/\/www.pedagogie.ac-nice.fr\/plplh\/wp-content\/uploads\/sites\/18\/2024\/04\/Nuage-150x150.jpg",150,150,true],"medium":["https:\/\/www.pedagogie.ac-nice.fr\/plplh\/wp-content\/uploads\/sites\/18\/2024\/04\/Nuage-300x107.jpg",300,107,true],"large":["https:\/\/www.pedagogie.ac-nice.fr\/plplh\/wp-content\/uploads\/sites\/18\/2024\/04\/Nuage.jpg",726,260,false],"1536x1536":["https:\/\/www.pedagogie.ac-nice.fr\/plplh\/wp-content\/uploads\/sites\/18\/2024\/04\/Nuage.jpg",726,260,false],"2048x2048":["https:\/\/www.pedagogie.ac-nice.fr\/plplh\/wp-content\/uploads\/sites\/18\/2024\/04\/Nuage.jpg",726,260,false],"graphene_slider":["https:\/\/www.pedagogie.ac-nice.fr\/plplh\/wp-content\/uploads\/sites\/18\/2024\/04\/Nuage.jpg",726,260,false],"graphene_featured_image":["https:\/\/www.pedagogie.ac-nice.fr\/plplh\/wp-content\/uploads\/sites\/18\/2024\/04\/Nuage.jpg",726,260,false],"post-thumbnail":["https:\/\/www.pedagogie.ac-nice.fr\/plplh\/wp-content\/uploads\/sites\/18\/2024\/04\/Nuage-726x250.jpg",726,250,true],"advps-thumb-one":["https:\/\/www.pedagogie.ac-nice.fr\/plplh\/wp-content\/uploads\/sites\/18\/2024\/04\/Nuage-600x220.jpg",600,220,true]},"rttpg_author":{"display_name":"David Lamoureux","author_link":"https:\/\/www.pedagogie.ac-nice.fr\/plplh\/author\/dlamoureux\/"},"rttpg_comment":0,"rttpg_category":"<a href=\"https:\/\/www.pedagogie.ac-nice.fr\/plplh\/category\/ressources\/\" rel=\"category tag\">Ressources p\u00e9dagogiques<\/a>","rttpg_excerpt":"\u00ab\u00a0Nuage\u00a0\u00bb est un service de cloud \u00e0 usage professionnel, propos\u00e9 par le Minist\u00e8re de l\u2019\u00c9ducation Nationale. Il est disponible sur la plateforme Apps.Education.fr&nbsp; et mis \u00e0 votre disposition gratuitement. Il r\u00e9pond aux conditions pr\u00e9conis\u00e9es dans le cadre du RGPD (R\u00e8glement G\u00e9n\u00e9ral de la Protection des Donn\u00e9es) et aucune utilisation commerciale de vos donn\u00e9es ne peut\u2026","post_mailing_queue_ids":[],"_links":{"self":[{"href":"https:\/\/www.pedagogie.ac-nice.fr\/plplh\/wp-json\/wp\/v2\/posts\/8583","targetHints":{"allow":["GET"]}}],"collection":[{"href":"https:\/\/www.pedagogie.ac-nice.fr\/plplh\/wp-json\/wp\/v2\/posts"}],"about":[{"href":"https:\/\/www.pedagogie.ac-nice.fr\/plplh\/wp-json\/wp\/v2\/types\/post"}],"author":[{"embeddable":true,"href":"https:\/\/www.pedagogie.ac-nice.fr\/plplh\/wp-json\/wp\/v2\/users\/195"}],"replies":[{"embeddable":true,"href":"https:\/\/www.pedagogie.ac-nice.fr\/plplh\/wp-json\/wp\/v2\/comments?post=8583"}],"version-history":[{"count":8,"href":"https:\/\/www.pedagogie.ac-nice.fr\/plplh\/wp-json\/wp\/v2\/posts\/8583\/revisions"}],"predecessor-version":[{"id":8739,"href":"https:\/\/www.pedagogie.ac-nice.fr\/plplh\/wp-json\/wp\/v2\/posts\/8583\/revisions\/8739"}],"wp:featuredmedia":[{"embeddable":true,"href":"https:\/\/www.pedagogie.ac-nice.fr\/plplh\/wp-json\/wp\/v2\/media\/8588"}],"wp:attachment":[{"href":"https:\/\/www.pedagogie.ac-nice.fr\/plplh\/wp-json\/wp\/v2\/media?parent=8583"}],"wp:term":[{"taxonomy":"category","embeddable":true,"href":"https:\/\/www.pedagogie.ac-nice.fr\/plplh\/wp-json\/wp\/v2\/categories?post=8583"},{"taxonomy":"post_tag","embeddable":true,"href":"https:\/\/www.pedagogie.ac-nice.fr\/plplh\/wp-json\/wp\/v2\/tags?post=8583"}],"curies":[{"name":"wp","href":"https:\/\/api.w.org\/{rel}","templated":true}]}}