{"id":8741,"date":"2024-05-15T15:50:24","date_gmt":"2024-05-15T13:50:24","guid":{"rendered":"https:\/\/www.pedagogie.ac-nice.fr\/plplh\/?p=8741"},"modified":"2024-05-15T15:50:24","modified_gmt":"2024-05-15T13:50:24","slug":"prix-litteraire-des-lyceens-et-apprentis-de-la-region-sud-2024-2025","status":"publish","type":"post","link":"https:\/\/www.pedagogie.ac-nice.fr\/plplh\/prix-litteraire-des-lyceens-et-apprentis-de-la-region-sud-2024-2025\/","title":{"rendered":"Prix litt\u00e9raire des lyc\u00e9ens et apprentis de la r\u00e9gion SUD 2024\/2025"},"content":{"rendered":"<p><img loading=\"lazy\" decoding=\"async\" class=\" wp-image-8743 alignleft\" src=\"https:\/\/www.pedagogie.ac-nice.fr\/plplh\/wp-content\/uploads\/sites\/18\/2024\/05\/prix-litt-2024-768x302-1-300x118.png\" alt=\"\" width=\"346\" height=\"136\" srcset=\"https:\/\/www.pedagogie.ac-nice.fr\/plplh\/wp-content\/uploads\/sites\/18\/2024\/05\/prix-litt-2024-768x302-1-300x118.png 300w, https:\/\/www.pedagogie.ac-nice.fr\/plplh\/wp-content\/uploads\/sites\/18\/2024\/05\/prix-litt-2024-768x302-1-750x295.png 750w, https:\/\/www.pedagogie.ac-nice.fr\/plplh\/wp-content\/uploads\/sites\/18\/2024\/05\/prix-litt-2024-768x302-1.png 768w\" sizes=\"auto, (max-width: 346px) 100vw, 346px\" \/>Cette ann\u00e9e, le \u00ab <a href=\"https:\/\/prixlitteraire-regionsud.fr\/le-prix-litteraire\/\" target=\"_blank\" rel=\"noopener\"><strong>Prix litte\u0301raire des lyce\u0301ens et apprentis de la r\u00e9gion SUD<\/strong><\/a> \u00bb f\u00eate ses vingt ans. Il a pour but de sensibiliser les lyc\u00e9ens \u00e0 la cr\u00e9ation \u00e9crite et graphique contemporaine, d\u2019\u00e9veiller leur cr\u00e9ativit\u00e9 tout en leur donnant des cl\u00e9s sur les m\u00e9tiers du livre.<\/p>\n<p>Pour cela, il propose une compe\u0301tition amicale a\u0300 caracte\u0300re litte\u0301raire permettant aux jeunes de distinguer, a\u0300 travers un prix, d\u2019une part les \u0153uvres d\u2019un romancier, et d\u2019autre part celles d\u2019un sce\u0301nariste et d\u2019un dessinateur de bande dessine\u0301e. Les lyc\u00e9es\/CFA engagent une classe enti\u00e8re ou un groupe constitu\u00e9 de 30 \u00e0 40 jeunes. Ils b\u00e9n\u00e9ficient d\u2019une subvention allou\u00e9e par la R\u00e9gion pour r\u00e9pondre aux diff\u00e9rents attendus du Prix.<\/p>\n<div>Ce dispositif est ouvert \u00e0 tous les lyc\u00e9es y compris professionnels et CFA de la R\u00e9gion SUD. Vous retrouverez les explications sur <a href=\"https:\/\/www.maregionsud.fr\/vos-aides\/detail\/prix-litteraire-des-lyceens-et-apprentis-2024-2025\" target=\"_blank\" rel=\"noopener\"><strong>les modalit\u00e9s d&rsquo;inscription ici<\/strong><\/a>.<\/div>\n<div>&nbsp;<\/div>\n<div>Date limite des inscriptions :&nbsp; <strong>6 juin 2024<\/strong>.<\/div>\n","protected":false},"excerpt":{"rendered":"<p>Cette ann\u00e9e, le \u00ab Prix litte\u0301raire des lyce\u0301ens et apprentis de la r\u00e9gion SUD \u00bb f\u00eate ses vingt ans. Il a pour but de sensibiliser les lyc\u00e9ens \u00e0 la cr\u00e9ation \u00e9crite et graphique contemporaine, d\u2019\u00e9veiller leur cr\u00e9ativit\u00e9 tout en leur donnant des cl\u00e9s sur les m\u00e9tiers du livre. Pour cela, il propose une compe\u0301tition amicale &hellip; <\/p>\n<p><a class=\"more-link btn\" href=\"https:\/\/www.pedagogie.ac-nice.fr\/plplh\/prix-litteraire-des-lyceens-et-apprentis-de-la-region-sud-2024-2025\/\">Lire la suite<\/a><\/p>\n","protected":false},"author":195,"featured_media":8743,"comment_status":"closed","ping_status":"closed","sticky":false,"template":"","format":"standard","meta":{"ngg_post_thumbnail":0,"footnotes":""},"categories":[100],"tags":[],"class_list":["post-8741","post","type-post","status-publish","format-standard","has-post-thumbnail","hentry","category-prix-et-concours","item-wrap"],"rttpg_featured_image_url":{"full":["https:\/\/www.pedagogie.ac-nice.fr\/plplh\/wp-content\/uploads\/sites\/18\/2024\/05\/prix-litt-2024-768x302-1.png",768,302,false],"landscape":["https:\/\/www.pedagogie.ac-nice.fr\/plplh\/wp-content\/uploads\/sites\/18\/2024\/05\/prix-litt-2024-768x302-1.png",768,302,false],"portraits":["https:\/\/www.pedagogie.ac-nice.fr\/plplh\/wp-content\/uploads\/sites\/18\/2024\/05\/prix-litt-2024-768x302-1.png",768,302,false],"thumbnail":["https:\/\/www.pedagogie.ac-nice.fr\/plplh\/wp-content\/uploads\/sites\/18\/2024\/05\/prix-litt-2024-768x302-1-150x150.png",150,150,true],"medium":["https:\/\/www.pedagogie.ac-nice.fr\/plplh\/wp-content\/uploads\/sites\/18\/2024\/05\/prix-litt-2024-768x302-1-300x118.png",300,118,true],"large":["https:\/\/www.pedagogie.ac-nice.fr\/plplh\/wp-content\/uploads\/sites\/18\/2024\/05\/prix-litt-2024-768x302-1.png",750,295,false],"1536x1536":["https:\/\/www.pedagogie.ac-nice.fr\/plplh\/wp-content\/uploads\/sites\/18\/2024\/05\/prix-litt-2024-768x302-1.png",768,302,false],"2048x2048":["https:\/\/www.pedagogie.ac-nice.fr\/plplh\/wp-content\/uploads\/sites\/18\/2024\/05\/prix-litt-2024-768x302-1.png",768,302,false],"graphene_slider":["https:\/\/www.pedagogie.ac-nice.fr\/plplh\/wp-content\/uploads\/sites\/18\/2024\/05\/prix-litt-2024-768x302-1-750x302.png",750,302,true],"graphene_featured_image":["https:\/\/www.pedagogie.ac-nice.fr\/plplh\/wp-content\/uploads\/sites\/18\/2024\/05\/prix-litt-2024-768x302-1-750x295.png",750,295,true],"post-thumbnail":["https:\/\/www.pedagogie.ac-nice.fr\/plplh\/wp-content\/uploads\/sites\/18\/2024\/05\/prix-litt-2024-768x302-1-768x250.png",768,250,true],"advps-thumb-one":["https:\/\/www.pedagogie.ac-nice.fr\/plplh\/wp-content\/uploads\/sites\/18\/2024\/05\/prix-litt-2024-768x302-1-600x220.png",600,220,true]},"rttpg_author":{"display_name":"David Lamoureux","author_link":"https:\/\/www.pedagogie.ac-nice.fr\/plplh\/author\/dlamoureux\/"},"rttpg_comment":0,"rttpg_category":"<a href=\"https:\/\/www.pedagogie.ac-nice.fr\/plplh\/category\/prix-et-concours\/\" rel=\"category tag\">Prix, Concours et Projets<\/a>","rttpg_excerpt":"Cette ann\u00e9e, le \u00ab Prix litte\u0301raire des lyce\u0301ens et apprentis de la r\u00e9gion SUD \u00bb f\u00eate ses vingt ans. Il a pour but de sensibiliser les lyc\u00e9ens \u00e0 la cr\u00e9ation \u00e9crite et graphique contemporaine, d\u2019\u00e9veiller leur cr\u00e9ativit\u00e9 tout en leur donnant des cl\u00e9s sur les m\u00e9tiers du livre. Pour cela, il propose une compe\u0301tition amicale\u2026","post_mailing_queue_ids":[],"_links":{"self":[{"href":"https:\/\/www.pedagogie.ac-nice.fr\/plplh\/wp-json\/wp\/v2\/posts\/8741","targetHints":{"allow":["GET"]}}],"collection":[{"href":"https:\/\/www.pedagogie.ac-nice.fr\/plplh\/wp-json\/wp\/v2\/posts"}],"about":[{"href":"https:\/\/www.pedagogie.ac-nice.fr\/plplh\/wp-json\/wp\/v2\/types\/post"}],"author":[{"embeddable":true,"href":"https:\/\/www.pedagogie.ac-nice.fr\/plplh\/wp-json\/wp\/v2\/users\/195"}],"replies":[{"embeddable":true,"href":"https:\/\/www.pedagogie.ac-nice.fr\/plplh\/wp-json\/wp\/v2\/comments?post=8741"}],"version-history":[{"count":2,"href":"https:\/\/www.pedagogie.ac-nice.fr\/plplh\/wp-json\/wp\/v2\/posts\/8741\/revisions"}],"predecessor-version":[{"id":8744,"href":"https:\/\/www.pedagogie.ac-nice.fr\/plplh\/wp-json\/wp\/v2\/posts\/8741\/revisions\/8744"}],"wp:featuredmedia":[{"embeddable":true,"href":"https:\/\/www.pedagogie.ac-nice.fr\/plplh\/wp-json\/wp\/v2\/media\/8743"}],"wp:attachment":[{"href":"https:\/\/www.pedagogie.ac-nice.fr\/plplh\/wp-json\/wp\/v2\/media?parent=8741"}],"wp:term":[{"taxonomy":"category","embeddable":true,"href":"https:\/\/www.pedagogie.ac-nice.fr\/plplh\/wp-json\/wp\/v2\/categories?post=8741"},{"taxonomy":"post_tag","embeddable":true,"href":"https:\/\/www.pedagogie.ac-nice.fr\/plplh\/wp-json\/wp\/v2\/tags?post=8741"}],"curies":[{"name":"wp","href":"https:\/\/api.w.org\/{rel}","templated":true}]}}