{"id":8746,"date":"2024-05-17T09:00:40","date_gmt":"2024-05-17T07:00:40","guid":{"rendered":"https:\/\/www.pedagogie.ac-nice.fr\/plplh\/?p=8746"},"modified":"2024-05-15T18:15:30","modified_gmt":"2024-05-15T16:15:30","slug":"rentree-en-images-region-sud-2024","status":"publish","type":"post","link":"https:\/\/www.pedagogie.ac-nice.fr\/plplh\/rentree-en-images-region-sud-2024\/","title":{"rendered":"Rencontres d&rsquo;Arles\/Rentr\u00e9e en images &#8211; R\u00e9gion Sud 2024"},"content":{"rendered":"<p><img loading=\"lazy\" decoding=\"async\" class=\"size-medium wp-image-8750 alignright\" src=\"https:\/\/www.pedagogie.ac-nice.fr\/plplh\/wp-content\/uploads\/sites\/18\/2024\/05\/Capture-decran-2024-05-15-a-17.16.59-300x132.png\" alt=\"\" width=\"300\" height=\"132\" srcset=\"https:\/\/www.pedagogie.ac-nice.fr\/plplh\/wp-content\/uploads\/sites\/18\/2024\/05\/Capture-decran-2024-05-15-a-17.16.59-300x132.png 300w, https:\/\/www.pedagogie.ac-nice.fr\/plplh\/wp-content\/uploads\/sites\/18\/2024\/05\/Capture-decran-2024-05-15-a-17.16.59-1024x450.png 1024w, https:\/\/www.pedagogie.ac-nice.fr\/plplh\/wp-content\/uploads\/sites\/18\/2024\/05\/Capture-decran-2024-05-15-a-17.16.59-768x337.png 768w, https:\/\/www.pedagogie.ac-nice.fr\/plplh\/wp-content\/uploads\/sites\/18\/2024\/05\/Capture-decran-2024-05-15-a-17.16.59-750x330.png 750w, https:\/\/www.pedagogie.ac-nice.fr\/plplh\/wp-content\/uploads\/sites\/18\/2024\/05\/Capture-decran-2024-05-15-a-17.16.59.png 1270w\" sizes=\"auto, (max-width: 300px) 100vw, 300px\" \/>Ce dispositif <a href=\"https:\/\/www.maregionsud.fr\/vos-aides\/detail\/rentree-en-images\" target=\"_blank\" rel=\"noopener\"><strong>\u00ab\u00a0Une Rentr\u00e9e en Images\u00a0\u00bb<\/strong><\/a> de la R\u00e9gion Sud permet \u00e0 nos \u00e9l\u00e8ves de d\u00e9couvrir la programmation du festival <strong><a href=\"https:\/\/www.rencontres-arles.com\/\" target=\"_blank\" rel=\"noopener\">\u00ab\u00a0Des Rencontres de la photographie d&rsquo;Arles\u00a0\u00bb, <\/a><\/strong>en septembre 2024.<\/p>\n<p>Ils b\u00e9n\u00e9ficieront d&rsquo;un itin\u00e9raire construit autour de trois activit\u00e9s sur une journ\u00e9e, anim\u00e9 par des m\u00e9diateurs culturels. Nos \u00e9l\u00e8ves pourront participer \u00e0 des visites d\u2019expositions, \u00e0 des ateliers de pratique, partir \u00e0 la d\u00e9couverte du patrimoine arl\u00e9sien ou rencontrer des sp\u00e9cialistes de l\u2019image et de la cr\u00e9ation contemporaine. D\u00e9couvrez ici <strong><a href=\"https:\/\/www.pedagogie.ac-nice.fr\/plplh\/wp-content\/uploads\/sites\/18\/2024\/05\/Rentree-en-images-2024.pdf\" target=\"_blank\" rel=\"noopener\">toute l&rsquo;offre du programme \u00ab\u00a0Une Rentr\u00e9e en images\u00a0\u00bb 2024<\/a><\/strong>.<\/p>\n<p>Les inscriptions se font dans un premier temps<a href=\"https:\/\/billetterie.rencontres-arles.com\/accueil\/rentreeEnImages.jsp\" target=\"_blank\" rel=\"noopener\"> sur le site des Rencontres de la photographie<\/a> et dans un deuxi\u00e8me temps via <a href=\"https:\/\/monlycee.maregionsud.fr\/dlycvie\/login.aspx\" target=\"_blank\" rel=\"noopener\">Viladeduc <\/a>au sein de votre \u00e9tablissement.<\/p>\n<p>Date limite des inscriptions : <strong>7 juin 2024<\/strong>.<\/p>\n","protected":false},"excerpt":{"rendered":"<p>Ce dispositif \u00ab\u00a0Une Rentr\u00e9e en Images\u00a0\u00bb de la R\u00e9gion Sud permet \u00e0 nos \u00e9l\u00e8ves de d\u00e9couvrir la programmation du festival \u00ab\u00a0Des Rencontres de la photographie d&rsquo;Arles\u00a0\u00bb, en septembre 2024. Ils b\u00e9n\u00e9ficieront d&rsquo;un itin\u00e9raire construit autour de trois activit\u00e9s sur une journ\u00e9e, anim\u00e9 par des m\u00e9diateurs culturels. Nos \u00e9l\u00e8ves pourront participer \u00e0 des visites d\u2019expositions, \u00e0 &hellip; <\/p>\n<p><a class=\"more-link btn\" href=\"https:\/\/www.pedagogie.ac-nice.fr\/plplh\/rentree-en-images-region-sud-2024\/\">Lire la suite<\/a><\/p>\n","protected":false},"author":195,"featured_media":8750,"comment_status":"closed","ping_status":"closed","sticky":false,"template":"","format":"standard","meta":{"ngg_post_thumbnail":0,"footnotes":""},"categories":[100],"tags":[],"class_list":["post-8746","post","type-post","status-publish","format-standard","has-post-thumbnail","hentry","category-prix-et-concours","item-wrap"],"rttpg_featured_image_url":{"full":["https:\/\/www.pedagogie.ac-nice.fr\/plplh\/wp-content\/uploads\/sites\/18\/2024\/05\/Capture-decran-2024-05-15-a-17.16.59.png",1270,558,false],"landscape":["https:\/\/www.pedagogie.ac-nice.fr\/plplh\/wp-content\/uploads\/sites\/18\/2024\/05\/Capture-decran-2024-05-15-a-17.16.59.png",1270,558,false],"portraits":["https:\/\/www.pedagogie.ac-nice.fr\/plplh\/wp-content\/uploads\/sites\/18\/2024\/05\/Capture-decran-2024-05-15-a-17.16.59.png",1270,558,false],"thumbnail":["https:\/\/www.pedagogie.ac-nice.fr\/plplh\/wp-content\/uploads\/sites\/18\/2024\/05\/Capture-decran-2024-05-15-a-17.16.59-150x150.png",150,150,true],"medium":["https:\/\/www.pedagogie.ac-nice.fr\/plplh\/wp-content\/uploads\/sites\/18\/2024\/05\/Capture-decran-2024-05-15-a-17.16.59-300x132.png",300,132,true],"large":["https:\/\/www.pedagogie.ac-nice.fr\/plplh\/wp-content\/uploads\/sites\/18\/2024\/05\/Capture-decran-2024-05-15-a-17.16.59-1024x450.png",750,330,true],"1536x1536":["https:\/\/www.pedagogie.ac-nice.fr\/plplh\/wp-content\/uploads\/sites\/18\/2024\/05\/Capture-decran-2024-05-15-a-17.16.59.png",1270,558,false],"2048x2048":["https:\/\/www.pedagogie.ac-nice.fr\/plplh\/wp-content\/uploads\/sites\/18\/2024\/05\/Capture-decran-2024-05-15-a-17.16.59.png",1270,558,false],"graphene_slider":["https:\/\/www.pedagogie.ac-nice.fr\/plplh\/wp-content\/uploads\/sites\/18\/2024\/05\/Capture-decran-2024-05-15-a-17.16.59-750x400.png",750,400,true],"graphene_featured_image":["https:\/\/www.pedagogie.ac-nice.fr\/plplh\/wp-content\/uploads\/sites\/18\/2024\/05\/Capture-decran-2024-05-15-a-17.16.59-750x330.png",750,330,true],"post-thumbnail":["https:\/\/www.pedagogie.ac-nice.fr\/plplh\/wp-content\/uploads\/sites\/18\/2024\/05\/Capture-decran-2024-05-15-a-17.16.59-1170x250.png",1170,250,true],"advps-thumb-one":["https:\/\/www.pedagogie.ac-nice.fr\/plplh\/wp-content\/uploads\/sites\/18\/2024\/05\/Capture-decran-2024-05-15-a-17.16.59-600x220.png",600,220,true]},"rttpg_author":{"display_name":"David Lamoureux","author_link":"https:\/\/www.pedagogie.ac-nice.fr\/plplh\/author\/dlamoureux\/"},"rttpg_comment":0,"rttpg_category":"<a href=\"https:\/\/www.pedagogie.ac-nice.fr\/plplh\/category\/prix-et-concours\/\" rel=\"category tag\">Prix, Concours et Projets<\/a>","rttpg_excerpt":"Ce dispositif \u00ab\u00a0Une Rentr\u00e9e en Images\u00a0\u00bb de la R\u00e9gion Sud permet \u00e0 nos \u00e9l\u00e8ves de d\u00e9couvrir la programmation du festival \u00ab\u00a0Des Rencontres de la photographie d&rsquo;Arles\u00a0\u00bb, en septembre 2024. Ils b\u00e9n\u00e9ficieront d&rsquo;un itin\u00e9raire construit autour de trois activit\u00e9s sur une journ\u00e9e, anim\u00e9 par des m\u00e9diateurs culturels. Nos \u00e9l\u00e8ves pourront participer \u00e0 des visites d\u2019expositions, \u00e0\u2026","post_mailing_queue_ids":[],"_links":{"self":[{"href":"https:\/\/www.pedagogie.ac-nice.fr\/plplh\/wp-json\/wp\/v2\/posts\/8746","targetHints":{"allow":["GET"]}}],"collection":[{"href":"https:\/\/www.pedagogie.ac-nice.fr\/plplh\/wp-json\/wp\/v2\/posts"}],"about":[{"href":"https:\/\/www.pedagogie.ac-nice.fr\/plplh\/wp-json\/wp\/v2\/types\/post"}],"author":[{"embeddable":true,"href":"https:\/\/www.pedagogie.ac-nice.fr\/plplh\/wp-json\/wp\/v2\/users\/195"}],"replies":[{"embeddable":true,"href":"https:\/\/www.pedagogie.ac-nice.fr\/plplh\/wp-json\/wp\/v2\/comments?post=8746"}],"version-history":[{"count":9,"href":"https:\/\/www.pedagogie.ac-nice.fr\/plplh\/wp-json\/wp\/v2\/posts\/8746\/revisions"}],"predecessor-version":[{"id":8766,"href":"https:\/\/www.pedagogie.ac-nice.fr\/plplh\/wp-json\/wp\/v2\/posts\/8746\/revisions\/8766"}],"wp:featuredmedia":[{"embeddable":true,"href":"https:\/\/www.pedagogie.ac-nice.fr\/plplh\/wp-json\/wp\/v2\/media\/8750"}],"wp:attachment":[{"href":"https:\/\/www.pedagogie.ac-nice.fr\/plplh\/wp-json\/wp\/v2\/media?parent=8746"}],"wp:term":[{"taxonomy":"category","embeddable":true,"href":"https:\/\/www.pedagogie.ac-nice.fr\/plplh\/wp-json\/wp\/v2\/categories?post=8746"},{"taxonomy":"post_tag","embeddable":true,"href":"https:\/\/www.pedagogie.ac-nice.fr\/plplh\/wp-json\/wp\/v2\/tags?post=8746"}],"curies":[{"name":"wp","href":"https:\/\/api.w.org\/{rel}","templated":true}]}}