{"id":906,"date":"2016-01-19T19:47:50","date_gmt":"2016-01-19T18:47:50","guid":{"rendered":"http:\/\/www.ac-nice.fr\/plplh\/?p=906"},"modified":"2016-01-19T19:47:50","modified_gmt":"2016-01-19T18:47:50","slug":"comment-enseigner-lhistoire-de-la-shoah-voyage-de-formation-a-auschwitz-et-cracovie-17-au-20-mars-2016","status":"publish","type":"post","link":"https:\/\/www.pedagogie.ac-nice.fr\/plplh\/comment-enseigner-lhistoire-de-la-shoah-voyage-de-formation-a-auschwitz-et-cracovie-17-au-20-mars-2016\/","title":{"rendered":"COMMENT ENSEIGNER L\u2019HISTOIRE DE LA SHOAH ? Voyage de formation \u00e0 Auschwitz et Cracovie. 17 au 20 mars 2016"},"content":{"rendered":"<p>Mesdames et messieurs, chers coll\u00e8gues<\/p>\n<p>Le M\u00e9morial de la Shoah organise cette ann\u00e9e en partenariat avec l&rsquo;acad\u00e9mie de Nice un voyage m\u00e9moriel de 3 jours dont vous trouverez le programme en document joint. Ce voyage de formation qui se d\u00e9roulera du 17 au 20 mars 2016, am\u00e8nera 40 professeurs d&rsquo;histoire-g\u00e9ographie de notre acad\u00e9mie de Paris \u00e0 Cracovie puis \u00e0 Auschwitz et sera \u00e9maill\u00e9 de conf\u00e9rences assur\u00e9es par les membres du M\u00e9morial. Nous avons pu retenir 10 places sp\u00e9cifiquement pour les PLP LHG Si vous \u00eates int\u00e9ress\u00e9s, (pour pr\u00e9parer par exemple un dossier m\u00e9moire \/citoyennet\u00e9) je vous demande de m&rsquo;adresser la fiche d&rsquo;inscription ci-jointe \u00e0 l&rsquo;adresse indiqu\u00e9e assortie d&rsquo;une lettre de motivation et d&rsquo;un ch\u00e8que de 100 euros r\u00e9dig\u00e9 \u00e0 l&rsquo;ordre du M\u00e9morial.<\/p>\n<p>Nous assurerons avec Monsieur Noaille, Mme Le Guennec IPR et moi-m\u00eame la s\u00e9lection des candidatures puis l&rsquo;envoi au M\u00e9morial. Afin de pr\u00e9parer cette commission je vous invite \u00e0 me faire parvenir la lettre de motivation par mail nadine.mansard@ac-nice.fr.<\/p>\n<p>A l&rsquo;issue du voyage, une journ\u00e9e de restitution sera organis\u00e9e le 24 mai 2016 en acad\u00e9mie.<\/p>\n<p>Afin de pouvoir g\u00e9rer au mieux les dossiers qui nous seront transmis, je vous demande de me faire parvenir au plus vite et par voie postale (adresse mentionn\u00e9e au bas de la fiche d&rsquo;inscription), votre dossier de candidature. La date limite de r\u00e9ception des dossiers est fix\u00e9e au mardi 3 f\u00e9vrier 2016.<\/p>\n<p>Une pr\u00e9cision suppl\u00e9mentaire : les frais de d\u00e9placement concernant l&rsquo;aller-retour Paris-Nice seront aussi pris en charge par le M\u00e9morial.<\/p>\n<p>J&rsquo;esp\u00e8re que vous serez nombreux \u00e0 pouvoir profiter de cette exceptionnelle offre de formation.<\/p>\n<pre><code>                                                            Nadine Mansard, IEN Lettres - Histoire-G\u00e9ographie - EMC.\n<\/code><\/pre>\n<ul>\n<li><a href=\"https:\/\/www.pedagogie.ac-nice.fr\/plplh\/wp-content\/uploads\/sites\/18\/2016\/01\/Programme-Nice-2016-9-1.pdf\">Programme: voyage de Formation \u00e0 Auschwitz et Cracovie, 2016.<\/a><\/li>\n<li><a href=\"https:\/\/www.pedagogie.ac-nice.fr\/plplh\/wp-content\/uploads\/sites\/18\/2016\/01\/Fiche-inscription-Nice-2016-7-1.docx\">Fiche d&rsquo;inscription &#8211; Nice 2016 <\/a><\/li>\n<\/ul>\n","protected":false},"excerpt":{"rendered":"<p>Mesdames et messieurs, chers coll\u00e8gues Le M\u00e9morial de la Shoah organise cette ann\u00e9e en partenariat avec l&rsquo;acad\u00e9mie de Nice un voyage m\u00e9moriel de 3 jours dont vous trouverez le programme en document joint. Ce voyage de formation qui se d\u00e9roulera du 17 au 20 mars 2016, am\u00e8nera 40 professeurs d&rsquo;histoire-g\u00e9ographie de notre acad\u00e9mie de Paris &hellip; <\/p>\n<p><a class=\"more-link btn\" href=\"https:\/\/www.pedagogie.ac-nice.fr\/plplh\/comment-enseigner-lhistoire-de-la-shoah-voyage-de-formation-a-auschwitz-et-cracovie-17-au-20-mars-2016\/\">Lire la suite<\/a><\/p>\n","protected":false},"author":125,"featured_media":0,"comment_status":"closed","ping_status":"closed","sticky":false,"template":"","format":"standard","meta":{"ngg_post_thumbnail":0,"footnotes":""},"categories":[1],"tags":[],"class_list":["post-906","post","type-post","status-publish","format-standard","hentry","category-non-classe","item-wrap"],"rttpg_featured_image_url":null,"rttpg_author":{"display_name":"St\u00e9phane Cipriani","author_link":"https:\/\/www.pedagogie.ac-nice.fr\/plplh\/author\/fferrare\/"},"rttpg_comment":0,"rttpg_category":"<a href=\"https:\/\/www.pedagogie.ac-nice.fr\/plplh\/category\/non-classe\/\" rel=\"category tag\">Non class\u00e9<\/a>","rttpg_excerpt":"Mesdames et messieurs, chers coll\u00e8gues Le M\u00e9morial de la Shoah organise cette ann\u00e9e en partenariat avec l&rsquo;acad\u00e9mie de Nice un voyage m\u00e9moriel de 3 jours dont vous trouverez le programme en document joint. Ce voyage de formation qui se d\u00e9roulera du 17 au 20 mars 2016, am\u00e8nera 40 professeurs d&rsquo;histoire-g\u00e9ographie de notre acad\u00e9mie de Paris\u2026","post_mailing_queue_ids":[],"_links":{"self":[{"href":"https:\/\/www.pedagogie.ac-nice.fr\/plplh\/wp-json\/wp\/v2\/posts\/906","targetHints":{"allow":["GET"]}}],"collection":[{"href":"https:\/\/www.pedagogie.ac-nice.fr\/plplh\/wp-json\/wp\/v2\/posts"}],"about":[{"href":"https:\/\/www.pedagogie.ac-nice.fr\/plplh\/wp-json\/wp\/v2\/types\/post"}],"author":[{"embeddable":true,"href":"https:\/\/www.pedagogie.ac-nice.fr\/plplh\/wp-json\/wp\/v2\/users\/125"}],"replies":[{"embeddable":true,"href":"https:\/\/www.pedagogie.ac-nice.fr\/plplh\/wp-json\/wp\/v2\/comments?post=906"}],"version-history":[{"count":0,"href":"https:\/\/www.pedagogie.ac-nice.fr\/plplh\/wp-json\/wp\/v2\/posts\/906\/revisions"}],"wp:attachment":[{"href":"https:\/\/www.pedagogie.ac-nice.fr\/plplh\/wp-json\/wp\/v2\/media?parent=906"}],"wp:term":[{"taxonomy":"category","embeddable":true,"href":"https:\/\/www.pedagogie.ac-nice.fr\/plplh\/wp-json\/wp\/v2\/categories?post=906"},{"taxonomy":"post_tag","embeddable":true,"href":"https:\/\/www.pedagogie.ac-nice.fr\/plplh\/wp-json\/wp\/v2\/tags?post=906"}],"curies":[{"name":"wp","href":"https:\/\/api.w.org\/{rel}","templated":true}]}}