{"id":9428,"date":"2024-12-05T18:20:33","date_gmt":"2024-12-05T17:20:33","guid":{"rendered":"https:\/\/www.pedagogie.ac-nice.fr\/plplh\/?p=9428"},"modified":"2024-12-05T18:20:33","modified_gmt":"2024-12-05T17:20:33","slug":"labellisation-des-projets-80e-anniversaire-des-debarquements-de-la-liberation-de-la-france-et-de-la-victoire","status":"publish","type":"post","link":"https:\/\/www.pedagogie.ac-nice.fr\/plplh\/labellisation-des-projets-80e-anniversaire-des-debarquements-de-la-liberation-de-la-france-et-de-la-victoire\/","title":{"rendered":"Labellisation des projets \u00ab\u00a080e anniversaire des d\u00e9barquements, de la Lib\u00e9ration de la France et de la Victoire\u00a0\u00bb"},"content":{"rendered":"<p><img loading=\"lazy\" decoding=\"async\" class=\" wp-image-9430 alignright\" src=\"https:\/\/www.pedagogie.ac-nice.fr\/plplh\/wp-content\/uploads\/sites\/18\/2024\/12\/e-Label-80-ans-de-la-Liberation_large-300x169.png\" alt=\"\" width=\"261\" height=\"147\" srcset=\"https:\/\/www.pedagogie.ac-nice.fr\/plplh\/wp-content\/uploads\/sites\/18\/2024\/12\/e-Label-80-ans-de-la-Liberation_large-300x169.png 300w, https:\/\/www.pedagogie.ac-nice.fr\/plplh\/wp-content\/uploads\/sites\/18\/2024\/12\/e-Label-80-ans-de-la-Liberation_large.png 317w\" sizes=\"auto, (max-width: 261px) 100vw, 261px\" \/>La deuxi\u00e8me campagne de labellisation des projets <em>\u00ab\u00a080<sup>e<\/sup> anniversaire des d\u00e9barquements, de la Lib\u00e9ration de la France et de la Victoire\u00a0\u00bb<\/em> est ouverte<strong> du 2 d\u00e9cembre 2024 au 9 mars 2025.<\/strong><\/p>\n<p>Elle concerne tous les projets p\u00e9dagogiques qui s\u2019inscriront dans le cadre <strong>des actions de <\/strong><strong>lib\u00e9ration du territoire depuis la lib\u00e9ration de la Corse en septembre 1943 <\/strong><strong>jusqu\u2019\u00e0 l\u2019ann\u00e9e 1945<\/strong>.<\/p>\n<p>Ces projets sont l&rsquo;occasion de transmettre aux \u00e9l\u00e8ves des connaissances sur l\u2019histoire et les m\u00e9moires de la Seconde Guerre mondiale. Vous pouvez travailler dans un cadre interdisciplinaire et d\u00e9velopper une d\u00e9marche de projet.&nbsp; La forme du projet p\u00e9dagogique est laiss\u00e9e \u00e0 l\u2019appr\u00e9ciation des<br \/>\n\u00e9quipes \u00e9ducatives (texte, planche de bande dessin\u00e9e, journal de bord, reportage photographique, etc.)<\/p>\n<p>Pour plus d&rsquo;informations, vous pouvez prendre connaissance du <strong><a href=\"https:\/\/www.pedagogie.ac-nice.fr\/plplh\/wp-content\/uploads\/sites\/18\/2024\/12\/ADAGE-Cahier-des-charges-de-lappel-a-projets-.pdf\" target=\"_blank\" rel=\"noopener\">cahier des charges<\/a><\/strong>.<\/p>\n<p>L&rsquo;inscription se fait sur l&rsquo;application <strong>ADAGE<\/strong> par la <strong><a href=\"https:\/\/id.ac-nice.fr\/plog\/public\/login\">plateforme Esterel.<\/a><\/strong><\/p>\n","protected":false},"excerpt":{"rendered":"<p>La deuxi\u00e8me campagne de labellisation des projets \u00ab\u00a080e anniversaire des d\u00e9barquements, de la Lib\u00e9ration de la France et de la Victoire\u00a0\u00bb est ouverte du 2 d\u00e9cembre 2024 au 9 mars 2025. Elle concerne tous les projets p\u00e9dagogiques qui s\u2019inscriront dans le cadre des actions de lib\u00e9ration du territoire depuis la lib\u00e9ration de la Corse en &hellip; <\/p>\n<p><a class=\"more-link btn\" href=\"https:\/\/www.pedagogie.ac-nice.fr\/plplh\/labellisation-des-projets-80e-anniversaire-des-debarquements-de-la-liberation-de-la-france-et-de-la-victoire\/\">Lire la suite<\/a><\/p>\n","protected":false},"author":195,"featured_media":9430,"comment_status":"closed","ping_status":"closed","sticky":false,"template":"","format":"standard","meta":{"ngg_post_thumbnail":0,"footnotes":""},"categories":[100],"tags":[],"class_list":["post-9428","post","type-post","status-publish","format-standard","has-post-thumbnail","hentry","category-prix-et-concours","item-wrap"],"rttpg_featured_image_url":{"full":["https:\/\/www.pedagogie.ac-nice.fr\/plplh\/wp-content\/uploads\/sites\/18\/2024\/12\/e-Label-80-ans-de-la-Liberation_large.png",317,179,false],"landscape":["https:\/\/www.pedagogie.ac-nice.fr\/plplh\/wp-content\/uploads\/sites\/18\/2024\/12\/e-Label-80-ans-de-la-Liberation_large.png",317,179,false],"portraits":["https:\/\/www.pedagogie.ac-nice.fr\/plplh\/wp-content\/uploads\/sites\/18\/2024\/12\/e-Label-80-ans-de-la-Liberation_large.png",317,179,false],"thumbnail":["https:\/\/www.pedagogie.ac-nice.fr\/plplh\/wp-content\/uploads\/sites\/18\/2024\/12\/e-Label-80-ans-de-la-Liberation_large-150x150.png",150,150,true],"medium":["https:\/\/www.pedagogie.ac-nice.fr\/plplh\/wp-content\/uploads\/sites\/18\/2024\/12\/e-Label-80-ans-de-la-Liberation_large-300x169.png",300,169,true],"large":["https:\/\/www.pedagogie.ac-nice.fr\/plplh\/wp-content\/uploads\/sites\/18\/2024\/12\/e-Label-80-ans-de-la-Liberation_large.png",317,179,false],"1536x1536":["https:\/\/www.pedagogie.ac-nice.fr\/plplh\/wp-content\/uploads\/sites\/18\/2024\/12\/e-Label-80-ans-de-la-Liberation_large.png",317,179,false],"2048x2048":["https:\/\/www.pedagogie.ac-nice.fr\/plplh\/wp-content\/uploads\/sites\/18\/2024\/12\/e-Label-80-ans-de-la-Liberation_large.png",317,179,false],"graphene_slider":["https:\/\/www.pedagogie.ac-nice.fr\/plplh\/wp-content\/uploads\/sites\/18\/2024\/12\/e-Label-80-ans-de-la-Liberation_large.png",317,179,false],"graphene_featured_image":["https:\/\/www.pedagogie.ac-nice.fr\/plplh\/wp-content\/uploads\/sites\/18\/2024\/12\/e-Label-80-ans-de-la-Liberation_large.png",317,179,false],"post-thumbnail":["https:\/\/www.pedagogie.ac-nice.fr\/plplh\/wp-content\/uploads\/sites\/18\/2024\/12\/e-Label-80-ans-de-la-Liberation_large.png",317,179,false],"advps-thumb-one":["https:\/\/www.pedagogie.ac-nice.fr\/plplh\/wp-content\/uploads\/sites\/18\/2024\/12\/e-Label-80-ans-de-la-Liberation_large.png",317,179,false]},"rttpg_author":{"display_name":"David Lamoureux","author_link":"https:\/\/www.pedagogie.ac-nice.fr\/plplh\/author\/dlamoureux\/"},"rttpg_comment":0,"rttpg_category":"<a href=\"https:\/\/www.pedagogie.ac-nice.fr\/plplh\/category\/prix-et-concours\/\" rel=\"category tag\">Prix, Concours et Projets<\/a>","rttpg_excerpt":"La deuxi\u00e8me campagne de labellisation des projets \u00ab\u00a080e anniversaire des d\u00e9barquements, de la Lib\u00e9ration de la France et de la Victoire\u00a0\u00bb est ouverte du 2 d\u00e9cembre 2024 au 9 mars 2025. Elle concerne tous les projets p\u00e9dagogiques qui s\u2019inscriront dans le cadre des actions de lib\u00e9ration du territoire depuis la lib\u00e9ration de la Corse en\u2026","post_mailing_queue_ids":[],"_links":{"self":[{"href":"https:\/\/www.pedagogie.ac-nice.fr\/plplh\/wp-json\/wp\/v2\/posts\/9428","targetHints":{"allow":["GET"]}}],"collection":[{"href":"https:\/\/www.pedagogie.ac-nice.fr\/plplh\/wp-json\/wp\/v2\/posts"}],"about":[{"href":"https:\/\/www.pedagogie.ac-nice.fr\/plplh\/wp-json\/wp\/v2\/types\/post"}],"author":[{"embeddable":true,"href":"https:\/\/www.pedagogie.ac-nice.fr\/plplh\/wp-json\/wp\/v2\/users\/195"}],"replies":[{"embeddable":true,"href":"https:\/\/www.pedagogie.ac-nice.fr\/plplh\/wp-json\/wp\/v2\/comments?post=9428"}],"version-history":[{"count":3,"href":"https:\/\/www.pedagogie.ac-nice.fr\/plplh\/wp-json\/wp\/v2\/posts\/9428\/revisions"}],"predecessor-version":[{"id":9434,"href":"https:\/\/www.pedagogie.ac-nice.fr\/plplh\/wp-json\/wp\/v2\/posts\/9428\/revisions\/9434"}],"wp:featuredmedia":[{"embeddable":true,"href":"https:\/\/www.pedagogie.ac-nice.fr\/plplh\/wp-json\/wp\/v2\/media\/9430"}],"wp:attachment":[{"href":"https:\/\/www.pedagogie.ac-nice.fr\/plplh\/wp-json\/wp\/v2\/media?parent=9428"}],"wp:term":[{"taxonomy":"category","embeddable":true,"href":"https:\/\/www.pedagogie.ac-nice.fr\/plplh\/wp-json\/wp\/v2\/categories?post=9428"},{"taxonomy":"post_tag","embeddable":true,"href":"https:\/\/www.pedagogie.ac-nice.fr\/plplh\/wp-json\/wp\/v2\/tags?post=9428"}],"curies":[{"name":"wp","href":"https:\/\/api.w.org\/{rel}","templated":true}]}}