{"id":967,"date":"2016-03-30T18:29:15","date_gmt":"2016-03-30T17:29:15","guid":{"rendered":"http:\/\/www.ac-nice.fr\/plplh\/?p=967"},"modified":"2016-03-30T18:29:15","modified_gmt":"2016-03-30T17:29:15","slug":"prix-litteraire-des-lyceens-et-apprentis-appel-a-projet","status":"publish","type":"post","link":"https:\/\/www.pedagogie.ac-nice.fr\/plplh\/prix-litteraire-des-lyceens-et-apprentis-appel-a-projet\/","title":{"rendered":"Prix litt\u00e9raire des lyc\u00e9ens et apprentis: APPEL \u00c0 PROJET"},"content":{"rendered":"<p>Nous vous informons de l&rsquo;ouverture prochaine des inscriptions au <strong>Prix Litt\u00e9raire PACA des Lyc\u00e9ens et Apprentis<\/strong>: Vous trouverez ici <a href=\"https:\/\/www.pedagogie.ac-nice.fr\/plplh\/wp-content\/uploads\/sites\/18\/2016\/03\/AAP-Pirx-Litteraire-2016-2017-1.pdf\">L&rsquo; APPEL \u00c0 PROJET, Prix Litt\u00e9raire des lyc\u00e9ens et apprentis 2016-2017<\/a> (inscriptions du 18 avril au 6 juin).<\/p>\n<p>Pour quelques compl\u00e9ments d&rsquo;informations, <a href=\"http:\/\/www.prix.livre-paca.org\/index.php\">Le site internet du Prix Litt\u00e9raire lyc\u00e9ens et apprentis 2015-2016<\/a><\/p>\n","protected":false},"excerpt":{"rendered":"<p>Nous vous informons de l&rsquo;ouverture prochaine des inscriptions au Prix Litt\u00e9raire PACA des Lyc\u00e9ens et Apprentis: Vous trouverez ici L&rsquo; APPEL \u00c0 PROJET, Prix Litt\u00e9raire des lyc\u00e9ens et apprentis 2016-2017 (inscriptions du 18 avril au 6 juin). Pour quelques compl\u00e9ments d&rsquo;informations, Le site internet du Prix Litt\u00e9raire lyc\u00e9ens et apprentis 2015-2016<\/p>\n","protected":false},"author":125,"featured_media":0,"comment_status":"closed","ping_status":"closed","sticky":false,"template":"","format":"standard","meta":{"ngg_post_thumbnail":0,"footnotes":""},"categories":[1],"tags":[],"class_list":["post-967","post","type-post","status-publish","format-standard","hentry","category-non-classe","item-wrap"],"rttpg_featured_image_url":null,"rttpg_author":{"display_name":"St\u00e9phane Cipriani","author_link":"https:\/\/www.pedagogie.ac-nice.fr\/plplh\/author\/fferrare\/"},"rttpg_comment":0,"rttpg_category":"<a href=\"https:\/\/www.pedagogie.ac-nice.fr\/plplh\/category\/non-classe\/\" rel=\"category tag\">Non class\u00e9<\/a>","rttpg_excerpt":"Nous vous informons de l&rsquo;ouverture prochaine des inscriptions au Prix Litt\u00e9raire PACA des Lyc\u00e9ens et Apprentis: Vous trouverez ici L&rsquo; APPEL \u00c0 PROJET, Prix Litt\u00e9raire des lyc\u00e9ens et apprentis 2016-2017 (inscriptions du 18 avril au 6 juin). Pour quelques compl\u00e9ments d&rsquo;informations, Le site internet du Prix Litt\u00e9raire lyc\u00e9ens et apprentis 2015-2016","post_mailing_queue_ids":[],"_links":{"self":[{"href":"https:\/\/www.pedagogie.ac-nice.fr\/plplh\/wp-json\/wp\/v2\/posts\/967","targetHints":{"allow":["GET"]}}],"collection":[{"href":"https:\/\/www.pedagogie.ac-nice.fr\/plplh\/wp-json\/wp\/v2\/posts"}],"about":[{"href":"https:\/\/www.pedagogie.ac-nice.fr\/plplh\/wp-json\/wp\/v2\/types\/post"}],"author":[{"embeddable":true,"href":"https:\/\/www.pedagogie.ac-nice.fr\/plplh\/wp-json\/wp\/v2\/users\/125"}],"replies":[{"embeddable":true,"href":"https:\/\/www.pedagogie.ac-nice.fr\/plplh\/wp-json\/wp\/v2\/comments?post=967"}],"version-history":[{"count":0,"href":"https:\/\/www.pedagogie.ac-nice.fr\/plplh\/wp-json\/wp\/v2\/posts\/967\/revisions"}],"wp:attachment":[{"href":"https:\/\/www.pedagogie.ac-nice.fr\/plplh\/wp-json\/wp\/v2\/media?parent=967"}],"wp:term":[{"taxonomy":"category","embeddable":true,"href":"https:\/\/www.pedagogie.ac-nice.fr\/plplh\/wp-json\/wp\/v2\/categories?post=967"},{"taxonomy":"post_tag","embeddable":true,"href":"https:\/\/www.pedagogie.ac-nice.fr\/plplh\/wp-json\/wp\/v2\/tags?post=967"}],"curies":[{"name":"wp","href":"https:\/\/api.w.org\/{rel}","templated":true}]}}