{"id":976,"date":"2016-04-27T17:19:49","date_gmt":"2016-04-27T16:19:49","guid":{"rendered":"http:\/\/www.ac-nice.fr\/plplh\/?p=976"},"modified":"2016-04-27T17:19:49","modified_gmt":"2016-04-27T16:19:49","slug":"sujets-dexamen-pondichery-avril-2016-sujets-nouveau","status":"publish","type":"post","link":"https:\/\/www.pedagogie.ac-nice.fr\/plplh\/sujets-dexamen-pondichery-avril-2016-sujets-nouveau\/","title":{"rendered":"Sujets d&rsquo;examen PONDICH\u00c9RY avril 2016"},"content":{"rendered":"<p>Vous trouverez en lien les <strong>sujets d&rsquo;examens de la session 2016 \u00e0 Pondich\u00e9ry<\/strong>:<\/p>\n<p>Le <strong><a href=\"https:\/\/www.pedagogie.ac-nice.fr\/plplh\/wp-content\/uploads\/sites\/18\/2016\/04\/Fran\u00e7ais-BEP-pondich\u00e9ry-2016-1.pdf\">sujet de BEP en Fran\u00e7ais<\/a><\/strong> (Les philosophes des Lumi\u00e8res et le combat contre les injustices).<br \/>\nLe <strong><a href=\"https:\/\/www.pedagogie.ac-nice.fr\/plplh\/wp-content\/uploads\/sites\/18\/2016\/04\/Hist-G\u00e9o_EMC-BEP-pondich\u00e9ry-2016-1.pdf\">sujet de BEP d&rsquo;Histoire-G\u00e9ographie-EMC<\/a><\/strong>.<\/p>\n<p>Le <strong><a href=\"https:\/\/www.pedagogie.ac-nice.fr\/plplh\/wp-content\/uploads\/sites\/18\/2016\/04\/Fran\u00e7ais_Bac_Pro-pondich\u00e9ry-2016-1.pdf\">sujet de Bac Pro en Fran\u00e7ais <\/a><\/strong> (Identit\u00e9 et diversit\u00e9).<br \/>\nLe <strong><a href=\"https:\/\/www.pedagogie.ac-nice.fr\/plplh\/wp-content\/uploads\/sites\/18\/2016\/04\/Hist-G\u00e9o_EMC_Bac-Pro-2016-Pondich\u00e9ry-1.pdf\">sujet de bac pro d&rsquo;Histoire-G\u00e9ographie-EMC <\/a><\/strong>.<\/p>\n","protected":false},"excerpt":{"rendered":"<p>Vous trouverez en lien les sujets d&rsquo;examens de la session 2016 \u00e0 Pondich\u00e9ry: Le sujet de BEP en Fran\u00e7ais (Les philosophes des Lumi\u00e8res et le combat contre les injustices). Le sujet de BEP d&rsquo;Histoire-G\u00e9ographie-EMC. Le sujet de Bac Pro en Fran\u00e7ais (Identit\u00e9 et diversit\u00e9). Le sujet de bac pro d&rsquo;Histoire-G\u00e9ographie-EMC .<\/p>\n","protected":false},"author":125,"featured_media":0,"comment_status":"closed","ping_status":"closed","sticky":false,"template":"","format":"standard","meta":{"ngg_post_thumbnail":0,"footnotes":""},"categories":[3,4,6],"tags":[54,89],"class_list":["post-976","post","type-post","status-publish","format-standard","hentry","category-bac-pro","category-bep","category-examens","tag-identite-et-diversite","tag-sujets","item-wrap"],"rttpg_featured_image_url":null,"rttpg_author":{"display_name":"St\u00e9phane Cipriani","author_link":"https:\/\/www.pedagogie.ac-nice.fr\/plplh\/author\/fferrare\/"},"rttpg_comment":0,"rttpg_category":"<a href=\"https:\/\/www.pedagogie.ac-nice.fr\/plplh\/category\/bac-pro\/\" rel=\"category tag\">Bac Pro<\/a> <a href=\"https:\/\/www.pedagogie.ac-nice.fr\/plplh\/category\/bep\/\" rel=\"category tag\">BEP<\/a> <a href=\"https:\/\/www.pedagogie.ac-nice.fr\/plplh\/category\/examens\/\" rel=\"category tag\">Examens<\/a>","rttpg_excerpt":"Vous trouverez en lien les sujets d&rsquo;examens de la session 2016 \u00e0 Pondich\u00e9ry: Le sujet de BEP en Fran\u00e7ais (Les philosophes des Lumi\u00e8res et le combat contre les injustices). Le sujet de BEP d&rsquo;Histoire-G\u00e9ographie-EMC. Le sujet de Bac Pro en Fran\u00e7ais (Identit\u00e9 et diversit\u00e9). Le sujet de bac pro d&rsquo;Histoire-G\u00e9ographie-EMC .","post_mailing_queue_ids":[],"_links":{"self":[{"href":"https:\/\/www.pedagogie.ac-nice.fr\/plplh\/wp-json\/wp\/v2\/posts\/976","targetHints":{"allow":["GET"]}}],"collection":[{"href":"https:\/\/www.pedagogie.ac-nice.fr\/plplh\/wp-json\/wp\/v2\/posts"}],"about":[{"href":"https:\/\/www.pedagogie.ac-nice.fr\/plplh\/wp-json\/wp\/v2\/types\/post"}],"author":[{"embeddable":true,"href":"https:\/\/www.pedagogie.ac-nice.fr\/plplh\/wp-json\/wp\/v2\/users\/125"}],"replies":[{"embeddable":true,"href":"https:\/\/www.pedagogie.ac-nice.fr\/plplh\/wp-json\/wp\/v2\/comments?post=976"}],"version-history":[{"count":0,"href":"https:\/\/www.pedagogie.ac-nice.fr\/plplh\/wp-json\/wp\/v2\/posts\/976\/revisions"}],"wp:attachment":[{"href":"https:\/\/www.pedagogie.ac-nice.fr\/plplh\/wp-json\/wp\/v2\/media?parent=976"}],"wp:term":[{"taxonomy":"category","embeddable":true,"href":"https:\/\/www.pedagogie.ac-nice.fr\/plplh\/wp-json\/wp\/v2\/categories?post=976"},{"taxonomy":"post_tag","embeddable":true,"href":"https:\/\/www.pedagogie.ac-nice.fr\/plplh\/wp-json\/wp\/v2\/tags?post=976"}],"curies":[{"name":"wp","href":"https:\/\/api.w.org\/{rel}","templated":true}]}}