{"id":123,"date":"2015-01-28T23:54:34","date_gmt":"2015-01-28T22:54:34","guid":{"rendered":"http:\/\/www.ac-nice.fr\/plpms\/2015\/?p=123"},"modified":"2015-01-28T23:54:34","modified_gmt":"2015-01-28T22:54:34","slug":"la-voie-professionnelle-au-lycee","status":"publish","type":"post","link":"https:\/\/www.pedagogie.ac-nice.fr\/plpms\/2015\/01\/la-voie-professionnelle-au-lycee\/","title":{"rendered":"La voie professionnelle au lyc\u00e9e"},"content":{"rendered":"<p>La voie professionnelle propose un enseignement en relation avec le monde professionnel et ses m\u00e9tiers. Apr\u00e8s la troisi\u00e8me, les \u00e9l\u00e8ves pr\u00e9parent un certificat d\u2019aptitude professionnelle (<acronym title=\"Certificat d'aptitude professionnelle\">CAP<\/acronym>) en deux ans ou un baccalaur\u00e9at professionnel en trois ans. Une seconde professionnelle est cr\u00e9\u00e9e. Les classes de seconde de certaines sp\u00e9cialit\u00e9s sont rattach\u00e9es \u00e0 des champs professionnels. Le brevet d\u2019\u00e9tudes professionnelles (<acronym title=\"Brevet d'\u00e9tudes professionnelles\">BEP<\/acronym>) devient un dipl\u00f4me\u00a0interm\u00e9diaire.<\/p>\n<p><!--more--><\/p>\n<p><a title=\"nouvelle fen\u00eatre\" href=\"http:\/\/www.education.gouv.fr\/cid2573\/la-voie-professionnelle.html\" target=\"_blank\">Consultez education.gouv.fr<\/a><\/p>\n<div style=\"width: 645px\" class=\"wp-caption aligncenter\"><a href=\"http:\/\/cache.media.education.gouv.fr\/image\/Lycee\/79\/3\/Schema_renovation_voie_pro_43793.54.jpg\" target=\"_blank\"><img loading=\"lazy\" decoding=\"async\" class=\"\" src=\"http:\/\/cache.media.education.gouv.fr\/image\/Lycee\/79\/3\/Schema_renovation_voie_pro_43793.54.jpg\" alt=\"La voie professionnelle : points \u00e0 retenir\" width=\"635\" height=\"423\" \/><\/a><p class=\"wp-caption-text\">La voie professionnelle : points \u00e0 retenir<\/p><\/div>\n","protected":false},"excerpt":{"rendered":"<p>La voie professionnelle propose un enseignement en relation avec le monde professionnel et ses m\u00e9tiers. Apr\u00e8s la troisi\u00e8me, les \u00e9l\u00e8ves pr\u00e9parent un certificat d\u2019aptitude professionnelle (CAP) en deux ans ou un baccalaur\u00e9at professionnel en trois ans. Une seconde professionnelle est cr\u00e9\u00e9e. Les classes de seconde de certaines sp\u00e9cialit\u00e9s sont rattach\u00e9es \u00e0 des champs professionnels. Le [&hellip;]<\/p>\n","protected":false},"author":1,"featured_media":0,"comment_status":"closed","ping_status":"closed","sticky":false,"template":"","format":"standard","meta":{"_et_pb_use_builder":"","_et_pb_old_content":"","_et_gb_content_width":"","ngg_post_thumbnail":0,"footnotes":""},"categories":[8],"tags":[],"class_list":["post-123","post","type-post","status-publish","format-standard","hentry","category-referentiels"],"rttpg_featured_image_url":null,"rttpg_author":{"display_name":"norco","author_link":"https:\/\/www.pedagogie.ac-nice.fr\/plpms\/author\/norco\/"},"rttpg_comment":0,"rttpg_category":"<a href=\"https:\/\/www.pedagogie.ac-nice.fr\/plpms\/category\/enseigner\/referentiels\/\" rel=\"category tag\">R\u00e9f\u00e9rentiels<\/a>","rttpg_excerpt":"La voie professionnelle propose un enseignement en relation avec le monde professionnel et ses m\u00e9tiers. Apr\u00e8s la troisi\u00e8me, les \u00e9l\u00e8ves pr\u00e9parent un certificat d\u2019aptitude professionnelle (CAP) en deux ans ou un baccalaur\u00e9at professionnel en trois ans. Une seconde professionnelle est cr\u00e9\u00e9e. Les classes de seconde de certaines sp\u00e9cialit\u00e9s sont rattach\u00e9es \u00e0 des champs professionnels. Le\u2026","post_mailing_queue_ids":[],"_links":{"self":[{"href":"https:\/\/www.pedagogie.ac-nice.fr\/plpms\/wp-json\/wp\/v2\/posts\/123","targetHints":{"allow":["GET"]}}],"collection":[{"href":"https:\/\/www.pedagogie.ac-nice.fr\/plpms\/wp-json\/wp\/v2\/posts"}],"about":[{"href":"https:\/\/www.pedagogie.ac-nice.fr\/plpms\/wp-json\/wp\/v2\/types\/post"}],"author":[{"embeddable":true,"href":"https:\/\/www.pedagogie.ac-nice.fr\/plpms\/wp-json\/wp\/v2\/users\/1"}],"replies":[{"embeddable":true,"href":"https:\/\/www.pedagogie.ac-nice.fr\/plpms\/wp-json\/wp\/v2\/comments?post=123"}],"version-history":[{"count":0,"href":"https:\/\/www.pedagogie.ac-nice.fr\/plpms\/wp-json\/wp\/v2\/posts\/123\/revisions"}],"wp:attachment":[{"href":"https:\/\/www.pedagogie.ac-nice.fr\/plpms\/wp-json\/wp\/v2\/media?parent=123"}],"wp:term":[{"taxonomy":"category","embeddable":true,"href":"https:\/\/www.pedagogie.ac-nice.fr\/plpms\/wp-json\/wp\/v2\/categories?post=123"},{"taxonomy":"post_tag","embeddable":true,"href":"https:\/\/www.pedagogie.ac-nice.fr\/plpms\/wp-json\/wp\/v2\/tags?post=123"}],"curies":[{"name":"wp","href":"https:\/\/api.w.org\/{rel}","templated":true}]}}