{"id":1457,"date":"2021-10-01T17:28:50","date_gmt":"2021-10-01T15:28:50","guid":{"rendered":"https:\/\/www.pedagogie.ac-nice.fr\/plpms\/?p=1457"},"modified":"2021-12-06T08:32:36","modified_gmt":"2021-12-06T07:32:36","slug":"modalites-du-controle-en-cours-de-formation-et-programmes-en-vigueur-en-bac-pro-et-cap","status":"publish","type":"post","link":"https:\/\/www.pedagogie.ac-nice.fr\/plpms\/2021\/10\/modalites-du-controle-en-cours-de-formation-et-programmes-en-vigueur-en-bac-pro-et-cap\/","title":{"rendered":"Modalit\u00e9s du Contr\u00f4le en Cours de Formation et programmes en vigueur en Bac. Pro et CAP"},"content":{"rendered":"<p><img loading=\"lazy\" decoding=\"async\" class=\"alignright size-thumbnail wp-image-1460\" src=\"https:\/\/www.pedagogie.ac-nice.fr\/plpms\/wp-content\/uploads\/sites\/19\/2021\/11\/examen_1637857506-150x150.jpg\" alt=\"\" width=\"150\" height=\"150\" \/>Document r\u00e9capitulatif concernant les modalit\u00e9s du Contr\u00f4le en Cours de Formation et les programmes en vigueur dans les classes de CAP et de Bac. Pro. en math\u00e9matiques \u2013 physique-chimie.<\/p>\n<div id=\"left-area\">\n<article id=\"post-1322\" class=\"et_pb_post post-1322 post type-post status-publish format-standard has-post-thumbnail hentry category-ccf tag-bac-pro tag-cap tag-ccf\">\n<div class=\"entry-content\">\n<p><a href=\"https:\/\/www.pedagogie.ac-nice.fr\/plpms\/wp-content\/uploads\/sites\/19\/2021\/11\/Re\u0301capitulatif_ccf.pdf\" target=\"_blank\" rel=\"noopener\">Le r\u00e9capitulatif.<\/a><\/p>\n<\/div>\n<\/article>\n<\/div>\n","protected":false},"excerpt":{"rendered":"<p>Document r\u00e9capitulatif concernant les modalit\u00e9s du Contr\u00f4le en Cours de Formation et les programmes en vigueur dans les classes de CAP et de Bac. Pro. en math\u00e9matiques \u2013 physique-chimie. Le r\u00e9capitulatif.<\/p>\n","protected":false},"author":184,"featured_media":1027,"comment_status":"closed","ping_status":"closed","sticky":true,"template":"","format":"standard","meta":{"_et_pb_use_builder":"off","_et_pb_old_content":"","_et_gb_content_width":"","ngg_post_thumbnail":0,"footnotes":""},"categories":[18,4],"tags":[89,90,102],"class_list":["post-1457","post","type-post","status-publish","format-standard","has-post-thumbnail","hentry","category-ccf","category-evaluer","tag-bac-pro","tag-cap","tag-ccf"],"rttpg_featured_image_url":{"full":["https:\/\/www.pedagogie.ac-nice.fr\/plpms\/wp-content\/uploads\/sites\/19\/2019\/02\/enseig-jobo-1197x389.jpg",1197,389,true],"landscape":["https:\/\/www.pedagogie.ac-nice.fr\/plpms\/wp-content\/uploads\/sites\/19\/2019\/02\/enseig-jobo.jpg",1200,390,false],"portraits":["https:\/\/www.pedagogie.ac-nice.fr\/plpms\/wp-content\/uploads\/sites\/19\/2019\/02\/enseig-jobo.jpg",1200,390,false],"thumbnail":["https:\/\/www.pedagogie.ac-nice.fr\/plpms\/wp-content\/uploads\/sites\/19\/2019\/02\/enseig-jobo-150x150.jpg",150,150,true],"medium":["https:\/\/www.pedagogie.ac-nice.fr\/plpms\/wp-content\/uploads\/sites\/19\/2019\/02\/enseig-jobo-300x98.jpg",300,98,true],"large":["https:\/\/www.pedagogie.ac-nice.fr\/plpms\/wp-content\/uploads\/sites\/19\/2019\/02\/enseig-jobo-1024x333.jpg",1024,333,true],"1536x1536":["https:\/\/www.pedagogie.ac-nice.fr\/plpms\/wp-content\/uploads\/sites\/19\/2019\/02\/enseig-jobo.jpg",1200,390,false],"2048x2048":["https:\/\/www.pedagogie.ac-nice.fr\/plpms\/wp-content\/uploads\/sites\/19\/2019\/02\/enseig-jobo.jpg",1200,390,false],"et-pb-post-main-image":["https:\/\/www.pedagogie.ac-nice.fr\/plpms\/wp-content\/uploads\/sites\/19\/2019\/02\/enseig-jobo-400x250.jpg",400,250,true],"et-pb-post-main-image-fullwidth":["https:\/\/www.pedagogie.ac-nice.fr\/plpms\/wp-content\/uploads\/sites\/19\/2019\/02\/enseig-jobo-1080x390.jpg",1080,390,true],"et-pb-portfolio-image":["https:\/\/www.pedagogie.ac-nice.fr\/plpms\/wp-content\/uploads\/sites\/19\/2019\/02\/enseig-jobo-400x284.jpg",400,284,true],"et-pb-portfolio-module-image":["https:\/\/www.pedagogie.ac-nice.fr\/plpms\/wp-content\/uploads\/sites\/19\/2019\/02\/enseig-jobo-510x382.jpg",510,382,true],"et-pb-portfolio-image-single":["https:\/\/www.pedagogie.ac-nice.fr\/plpms\/wp-content\/uploads\/sites\/19\/2019\/02\/enseig-jobo-1080x351.jpg",1080,351,true],"et-pb-gallery-module-image-portrait":["https:\/\/www.pedagogie.ac-nice.fr\/plpms\/wp-content\/uploads\/sites\/19\/2019\/02\/enseig-jobo-400x390.jpg",400,390,true],"et-pb-post-main-image-fullwidth-large":["https:\/\/www.pedagogie.ac-nice.fr\/plpms\/wp-content\/uploads\/sites\/19\/2019\/02\/enseig-jobo.jpg",1200,390,false],"et-pb-image--responsive--desktop":["https:\/\/www.pedagogie.ac-nice.fr\/plpms\/wp-content\/uploads\/sites\/19\/2019\/02\/enseig-jobo.jpg",1200,390,false],"et-pb-image--responsive--tablet":["https:\/\/www.pedagogie.ac-nice.fr\/plpms\/wp-content\/uploads\/sites\/19\/2019\/02\/enseig-jobo.jpg",980,319,false],"et-pb-image--responsive--phone":["https:\/\/www.pedagogie.ac-nice.fr\/plpms\/wp-content\/uploads\/sites\/19\/2019\/02\/enseig-jobo.jpg",480,156,false],"advps-thumb-one":["https:\/\/www.pedagogie.ac-nice.fr\/plpms\/wp-content\/uploads\/sites\/19\/2019\/02\/enseig-jobo.jpg",600,195,false]},"rttpg_author":{"display_name":"IEN","author_link":"https:\/\/www.pedagogie.ac-nice.fr\/plpms\/author\/edenise\/"},"rttpg_comment":0,"rttpg_category":"<a href=\"https:\/\/www.pedagogie.ac-nice.fr\/plpms\/category\/evaluer\/ccf\/\" rel=\"category tag\">Contr\u00f4le en Cours de Formation - CCF<\/a> <a href=\"https:\/\/www.pedagogie.ac-nice.fr\/plpms\/category\/evaluer\/\" rel=\"category tag\">Evaluer<\/a>","rttpg_excerpt":"Document r\u00e9capitulatif concernant les modalit\u00e9s du Contr\u00f4le en Cours de Formation et les programmes en vigueur dans les classes de CAP et de Bac. Pro. en math\u00e9matiques \u2013 physique-chimie. Le r\u00e9capitulatif.","post_mailing_queue_ids":[],"_links":{"self":[{"href":"https:\/\/www.pedagogie.ac-nice.fr\/plpms\/wp-json\/wp\/v2\/posts\/1457","targetHints":{"allow":["GET"]}}],"collection":[{"href":"https:\/\/www.pedagogie.ac-nice.fr\/plpms\/wp-json\/wp\/v2\/posts"}],"about":[{"href":"https:\/\/www.pedagogie.ac-nice.fr\/plpms\/wp-json\/wp\/v2\/types\/post"}],"author":[{"embeddable":true,"href":"https:\/\/www.pedagogie.ac-nice.fr\/plpms\/wp-json\/wp\/v2\/users\/184"}],"replies":[{"embeddable":true,"href":"https:\/\/www.pedagogie.ac-nice.fr\/plpms\/wp-json\/wp\/v2\/comments?post=1457"}],"version-history":[{"count":4,"href":"https:\/\/www.pedagogie.ac-nice.fr\/plpms\/wp-json\/wp\/v2\/posts\/1457\/revisions"}],"predecessor-version":[{"id":1479,"href":"https:\/\/www.pedagogie.ac-nice.fr\/plpms\/wp-json\/wp\/v2\/posts\/1457\/revisions\/1479"}],"wp:featuredmedia":[{"embeddable":true,"href":"https:\/\/www.pedagogie.ac-nice.fr\/plpms\/wp-json\/wp\/v2\/media\/1027"}],"wp:attachment":[{"href":"https:\/\/www.pedagogie.ac-nice.fr\/plpms\/wp-json\/wp\/v2\/media?parent=1457"}],"wp:term":[{"taxonomy":"category","embeddable":true,"href":"https:\/\/www.pedagogie.ac-nice.fr\/plpms\/wp-json\/wp\/v2\/categories?post=1457"},{"taxonomy":"post_tag","embeddable":true,"href":"https:\/\/www.pedagogie.ac-nice.fr\/plpms\/wp-json\/wp\/v2\/tags?post=1457"}],"curies":[{"name":"wp","href":"https:\/\/api.w.org\/{rel}","templated":true}]}}