{"id":1568,"date":"2023-08-28T15:46:11","date_gmt":"2023-08-28T13:46:11","guid":{"rendered":"https:\/\/www.pedagogie.ac-nice.fr\/plpms\/?p=1568"},"modified":"2023-08-28T15:48:39","modified_gmt":"2023-08-28T13:48:39","slug":"reforme-des-lycees-professionnels","status":"publish","type":"post","link":"https:\/\/www.pedagogie.ac-nice.fr\/plpms\/2023\/08\/reforme-des-lycees-professionnels\/","title":{"rendered":"R\u00e9forme des lyc\u00e9es professionnels"},"content":{"rendered":"<p>La r\u00e9forme des lyc\u00e9es professionnels se d\u00e9ploiera progressivement \u00e0 partir de la rentr\u00e9e scolaire 2023.<\/p>\n<p>Douze grandes mesures ont \u00e9t\u00e9 d\u00e9cid\u00e9es qui visent \u00e0\u00a0:<\/p>\n<ul>\n<li>Lutter contre le d\u00e9crochage scolaire ;<\/li>\n<li>Am\u00e9liorer la r\u00e9ussite dans les poursuites d\u2019\u00e9tudes ;<\/li>\n<li>Am\u00e9liorer l\u2019insertion professionnelle des lyc\u00e9ens.<\/li>\n<\/ul>\n<h3 id=\"summary-item-4\">Ressources autour des 12 mesures<\/h3>\n<h4>Mesure 1 : Gratifier les p\u00e9riodes de stages des \u00e9l\u00e8ves de la voie professionnelle d\u00e8s la rentr\u00e9e 2023<\/h4>\n<ul>\n<li>Consulter la page \u00e9duscol d\u00e9di\u00e9e \u00e0 l&rsquo;<a title=\"Allocation de stage au lyc\u00e9e professionnel\" href=\"https:\/\/eduscol.education.fr\/3860\/allocation-de-stage-au-lycee-professionnel\" target=\"_self\" rel=\"noopener\">allocation de stage au lyc\u00e9e professionnel<\/a>.<\/li>\n<\/ul>\n<h4>Mesure 2 : Permettre des enseignements aux savoirs fondamentaux en classes r\u00e9duites<\/h4>\n<ul>\n<li>T\u00e9l\u00e9charger la fiche descriptive \u00ab\u00a0<a class=\"media-document\" href=\"https:\/\/eduscol.education.fr\/document\/51341\/download\" data-ati=\"\" data-ati-chapter-1=\"document\" data-ati-name=\"fiche-dgesco_enseignements-petits-groupes.pdf|51341\" data-ati-type=\"download\">Permettre des enseignements aux savoirs fondamentaux en classes r\u00e9duites\u00a0: heures de math\u00e9matiques et de fran\u00e7ais en groupes \u00e0 faible effectif d\u00e8s l\u2019entr\u00e9e au lyc\u00e9e professionnel<\/a>\u00a0\u00bb.<\/li>\n<\/ul>\n<h4><strong>Mesure 3 : Permettre aux \u00e9l\u00e8ves de choisir des options<\/strong><\/h4>\n<ul>\n<li>T\u00e9l\u00e9charger la fiche descriptive \u00ab\u00a0<a class=\"media-document\" href=\"https:\/\/eduscol.education.fr\/document\/51338\/download\" data-ati=\"\" data-ati-chapter-1=\"document\" data-ati-name=\"fiche-dgesco_activites-optionnelles.pdf|51338\" data-ati-type=\"download\">Permettre aux \u00e9l\u00e8ves de choisir des activit\u00e9s optionnelles<\/a>\u00a0\u00bb.<\/li>\n<\/ul>\n<h4>Mesure 5 : Cr\u00e9er trois nouveaux dispositifs pour pr\u00e9venir les risques de d\u00e9crochage pendant et apr\u00e8s le lyc\u00e9e<\/h4>\n<h5>Ambition emploi<\/h5>\n<ul>\n<li>T\u00e9l\u00e9charger la fiche descriptive \u00ab\u00a0<a class=\"media-document\" href=\"https:\/\/eduscol.education.fr\/document\/51344\/download\" data-ati=\"\" data-ati-chapter-1=\"document\" data-ati-name=\"fiche-dgesco_parcours-ambition-emploi.pdf|51344\" data-ati-type=\"download\">Mise en \u0153uvre du parcours Ambition emploi \u00e0 la rentr\u00e9e scolaire 2023<\/a>\u00a0\u00bb<\/li>\n<li>Consulter la page education.gouv.fr d\u00e9di\u00e9e \u00e0 <a href=\"https:\/\/www.education.gouv.fr\/construire-son-projet-d-avenir-avec-le-dispositif-ambition-emploi-378605\" target=\"_blank\" rel=\"noopener\">construire son projet d&rsquo;avenir avec le dispositif Ambition Emploi<\/a>.<\/li>\n<li>Consulter la rubrique \u00e9duscol d\u00e9di\u00e9e \u00e0 <a title=\"Pr\u00e9vention et lutte contre le d\u00e9crochage\" href=\"https:\/\/eduscol.education.fr\/897\/prevention-et-lutte-contre-le-decrochage\" target=\"_self\" rel=\"noopener\">la pr\u00e9vention et la lutte contre le d\u00e9crochage scolaire<\/a>.<\/li>\n<\/ul>\n<h5>Parcours de consolidation en BTS<\/h5>\n<ul>\n<li>T\u00e9l\u00e9charger <a class=\"media-document\" href=\"https:\/\/eduscol.education.fr\/document\/51347\/download\" data-ati=\"\" data-ati-chapter-1=\"document\" data-ati-name=\"parcours-consolidation-bacheliers-professionnels-en-bts.pdf|51347\" data-ati-type=\"download\">le courrier destin\u00e9 aux recteurs sur l&rsquo;exp\u00e9rimentation au cours de l&rsquo;ann\u00e9e scolaire 2023-2024 de parcours de consolidation en sections de techniciens sup\u00e9rieurs au b\u00e9n\u00e9fice des bacheliers professionnels<\/a><\/li>\n<\/ul>\n<h4>Mesure 6\u00a0: Mieux pr\u00e9parer l\u2019insertion professionnelle gr\u00e2ce \u00e0 des partenariats ext\u00e9rieurs<\/h4>\n<ul>\n<li>Consulter la page \u00e9duscol\u00a0d\u00e9di\u00e9e au <a title=\"Le mentorat en lyc\u00e9e professionnel\" href=\"https:\/\/eduscol.education.fr\/3762\/le-mentorat-en-lycee-professionnel\" target=\"_self\" rel=\"noopener\">mentorat en lyc\u00e9e professionnel<\/a>.<\/li>\n<\/ul>\n<h4>Mesure 7 : Adapter l\u2019offre de formation pour pr\u00e9parer l\u2019avenir professionnel des jeunes en fixant des objectifs ambitieux<\/h4>\n<ul>\n<li>Consulter la rubrique \u00e9duscol d\u00e9di\u00e9e \u00e0 la <a title=\"Carte des formations professionnelles initiales\" href=\"https:\/\/eduscol.education.fr\/3607\/carte-des-formations-professionnelles-initiales\" target=\"_self\" rel=\"noopener\">carte des formations professionnelles initiales<\/a>.<\/li>\n<\/ul>\n<h4>Mesure 9 : Cr\u00e9er un bureau des entreprises dans chaque lyc\u00e9e<\/h4>\n<ul>\n<li>Consulter la page \u00e9duscol d\u00e9di\u00e9e au <a title=\"Un bureau des entreprises dans chaque lyc\u00e9e professionnel\" href=\"https:\/\/eduscol.education.fr\/3857\/un-bureau-des-entreprises-dans-chaque-lycee-professionnel\" target=\"_self\" rel=\"noopener\">bureau des entreprises dans chaque lyc\u00e9e professionnel<\/a>.<\/li>\n<\/ul>\n<h4>Mesure 10 : Permettre aux professeurs volontaires d\u2019exercer de nouvelles missions r\u00e9mun\u00e9r\u00e9es pour favoriser la r\u00e9ussite et un meilleur accompagnement des \u00e9l\u00e8ves<\/h4>\n<ul>\n<li>T\u00e9l\u00e9charger <a href=\"https:\/\/www.education.gouv.fr\/media\/156068\/download\" target=\"_blank\" rel=\"noopener\">le diaporama du PACTE en lyc\u00e9e professionnel<\/a>.<\/li>\n<li>Consulter la page \u00e9ducation.gouv.fr d\u00e9di\u00e9e au <a href=\"https:\/\/www.education.gouv.fr\/revalorisation-des-remunerations-des-carrieres-et-des-missions-des-professeurs-ce-qui-change-la-377936\" target=\"_blank\" rel=\"noopener\">PACTE<\/a>.<\/li>\n<\/ul>\n","protected":false},"excerpt":{"rendered":"<p>La r\u00e9forme des lyc\u00e9es professionnels se d\u00e9ploiera progressivement \u00e0 partir de la rentr\u00e9e scolaire 2023. Douze grandes mesures ont \u00e9t\u00e9 d\u00e9cid\u00e9es qui visent \u00e0\u00a0: Lutter contre le d\u00e9crochage scolaire ; Am\u00e9liorer la r\u00e9ussite dans les poursuites d\u2019\u00e9tudes ; Am\u00e9liorer l\u2019insertion professionnelle des lyc\u00e9ens. Ressources autour des 12 mesures Mesure 1 : Gratifier les p\u00e9riodes de [&hellip;]<\/p>\n","protected":false},"author":184,"featured_media":1170,"comment_status":"closed","ping_status":"closed","sticky":true,"template":"","format":"standard","meta":{"_et_pb_use_builder":"","_et_pb_old_content":"","_et_gb_content_width":"","ngg_post_thumbnail":0,"footnotes":""},"categories":[2],"tags":[132],"class_list":["post-1568","post","type-post","status-publish","format-standard","has-post-thumbnail","hentry","category-enseigner","tag-reforme"],"rttpg_featured_image_url":{"full":["https:\/\/www.pedagogie.ac-nice.fr\/plpms\/wp-content\/uploads\/sites\/19\/2019\/09\/eduscol3_11.jpg",583,240,false],"landscape":["https:\/\/www.pedagogie.ac-nice.fr\/plpms\/wp-content\/uploads\/sites\/19\/2019\/09\/eduscol3_11.jpg",583,240,false],"portraits":["https:\/\/www.pedagogie.ac-nice.fr\/plpms\/wp-content\/uploads\/sites\/19\/2019\/09\/eduscol3_11.jpg",583,240,false],"thumbnail":["https:\/\/www.pedagogie.ac-nice.fr\/plpms\/wp-content\/uploads\/sites\/19\/2019\/09\/eduscol3_11-150x150.jpg",150,150,true],"medium":["https:\/\/www.pedagogie.ac-nice.fr\/plpms\/wp-content\/uploads\/sites\/19\/2019\/09\/eduscol3_11-300x123.jpg",300,123,true],"large":["https:\/\/www.pedagogie.ac-nice.fr\/plpms\/wp-content\/uploads\/sites\/19\/2019\/09\/eduscol3_11.jpg",583,240,false],"1536x1536":["https:\/\/www.pedagogie.ac-nice.fr\/plpms\/wp-content\/uploads\/sites\/19\/2019\/09\/eduscol3_11.jpg",583,240,false],"2048x2048":["https:\/\/www.pedagogie.ac-nice.fr\/plpms\/wp-content\/uploads\/sites\/19\/2019\/09\/eduscol3_11.jpg",583,240,false],"et-pb-post-main-image":["https:\/\/www.pedagogie.ac-nice.fr\/plpms\/wp-content\/uploads\/sites\/19\/2019\/09\/eduscol3_11-400x240.jpg",400,240,true],"et-pb-post-main-image-fullwidth":["https:\/\/www.pedagogie.ac-nice.fr\/plpms\/wp-content\/uploads\/sites\/19\/2019\/09\/eduscol3_11.jpg",583,240,false],"et-pb-portfolio-image":["https:\/\/www.pedagogie.ac-nice.fr\/plpms\/wp-content\/uploads\/sites\/19\/2019\/09\/eduscol3_11-400x240.jpg",400,240,true],"et-pb-portfolio-module-image":["https:\/\/www.pedagogie.ac-nice.fr\/plpms\/wp-content\/uploads\/sites\/19\/2019\/09\/eduscol3_11-510x240.jpg",510,240,true],"et-pb-portfolio-image-single":["https:\/\/www.pedagogie.ac-nice.fr\/plpms\/wp-content\/uploads\/sites\/19\/2019\/09\/eduscol3_11.jpg",583,240,false],"et-pb-gallery-module-image-portrait":["https:\/\/www.pedagogie.ac-nice.fr\/plpms\/wp-content\/uploads\/sites\/19\/2019\/09\/eduscol3_11-400x240.jpg",400,240,true],"et-pb-post-main-image-fullwidth-large":["https:\/\/www.pedagogie.ac-nice.fr\/plpms\/wp-content\/uploads\/sites\/19\/2019\/09\/eduscol3_11.jpg",583,240,false],"et-pb-image--responsive--desktop":["https:\/\/www.pedagogie.ac-nice.fr\/plpms\/wp-content\/uploads\/sites\/19\/2019\/09\/eduscol3_11.jpg",583,240,false],"et-pb-image--responsive--tablet":["https:\/\/www.pedagogie.ac-nice.fr\/plpms\/wp-content\/uploads\/sites\/19\/2019\/09\/eduscol3_11.jpg",583,240,false],"et-pb-image--responsive--phone":["https:\/\/www.pedagogie.ac-nice.fr\/plpms\/wp-content\/uploads\/sites\/19\/2019\/09\/eduscol3_11.jpg",480,198,false],"advps-thumb-one":["https:\/\/www.pedagogie.ac-nice.fr\/plpms\/wp-content\/uploads\/sites\/19\/2019\/09\/eduscol3_11.jpg",534,220,false]},"rttpg_author":{"display_name":"IEN","author_link":"https:\/\/www.pedagogie.ac-nice.fr\/plpms\/author\/edenise\/"},"rttpg_comment":0,"rttpg_category":"<a href=\"https:\/\/www.pedagogie.ac-nice.fr\/plpms\/category\/enseigner\/\" rel=\"category tag\">Enseigner<\/a>","rttpg_excerpt":"La r\u00e9forme des lyc\u00e9es professionnels se d\u00e9ploiera progressivement \u00e0 partir de la rentr\u00e9e scolaire 2023. Douze grandes mesures ont \u00e9t\u00e9 d\u00e9cid\u00e9es qui visent \u00e0\u00a0: Lutter contre le d\u00e9crochage scolaire ; Am\u00e9liorer la r\u00e9ussite dans les poursuites d\u2019\u00e9tudes ; Am\u00e9liorer l\u2019insertion professionnelle des lyc\u00e9ens. Ressources autour des 12 mesures Mesure 1 : Gratifier les p\u00e9riodes de\u2026","post_mailing_queue_ids":[],"_links":{"self":[{"href":"https:\/\/www.pedagogie.ac-nice.fr\/plpms\/wp-json\/wp\/v2\/posts\/1568","targetHints":{"allow":["GET"]}}],"collection":[{"href":"https:\/\/www.pedagogie.ac-nice.fr\/plpms\/wp-json\/wp\/v2\/posts"}],"about":[{"href":"https:\/\/www.pedagogie.ac-nice.fr\/plpms\/wp-json\/wp\/v2\/types\/post"}],"author":[{"embeddable":true,"href":"https:\/\/www.pedagogie.ac-nice.fr\/plpms\/wp-json\/wp\/v2\/users\/184"}],"replies":[{"embeddable":true,"href":"https:\/\/www.pedagogie.ac-nice.fr\/plpms\/wp-json\/wp\/v2\/comments?post=1568"}],"version-history":[{"count":1,"href":"https:\/\/www.pedagogie.ac-nice.fr\/plpms\/wp-json\/wp\/v2\/posts\/1568\/revisions"}],"predecessor-version":[{"id":1569,"href":"https:\/\/www.pedagogie.ac-nice.fr\/plpms\/wp-json\/wp\/v2\/posts\/1568\/revisions\/1569"}],"wp:featuredmedia":[{"embeddable":true,"href":"https:\/\/www.pedagogie.ac-nice.fr\/plpms\/wp-json\/wp\/v2\/media\/1170"}],"wp:attachment":[{"href":"https:\/\/www.pedagogie.ac-nice.fr\/plpms\/wp-json\/wp\/v2\/media?parent=1568"}],"wp:term":[{"taxonomy":"category","embeddable":true,"href":"https:\/\/www.pedagogie.ac-nice.fr\/plpms\/wp-json\/wp\/v2\/categories?post=1568"},{"taxonomy":"post_tag","embeddable":true,"href":"https:\/\/www.pedagogie.ac-nice.fr\/plpms\/wp-json\/wp\/v2\/tags?post=1568"}],"curies":[{"name":"wp","href":"https:\/\/api.w.org\/{rel}","templated":true}]}}