{"id":600,"date":"2017-05-01T22:40:39","date_gmt":"2017-05-01T21:40:39","guid":{"rendered":"http:\/\/www.ac-nice.fr\/plpms\/2015\/?p=600"},"modified":"2017-05-01T22:40:39","modified_gmt":"2017-05-01T21:40:39","slug":"prix-perrin-de-brichambaut-2017-les-meilleurs-projets-sur-les-themes-meteo-climat","status":"publish","type":"post","link":"https:\/\/www.pedagogie.ac-nice.fr\/plpms\/2017\/05\/prix-perrin-de-brichambaut-2017-les-meilleurs-projets-sur-les-themes-meteo-climat\/","title":{"rendered":"Prix Perrin de Brichambaut 2017 &#8211; Les meilleurs projets sur les th\u00e8mes \u00ab\u00a0METEO &amp; CLIMAT\u00a0\u00bb"},"content":{"rendered":"<p>M\u00e9t\u00e9o et Climat organise chaque ann\u00e9e le prix Perrin de Brichambaut, avec le soutien de M\u00e9t\u00e9o-France. Ce concours national a \u00e9t\u00e9 cr\u00e9\u00e9 en 1997 afin d&rsquo;honorer la m\u00e9moire de Christian Perrin de Brichambaut (1928-1995), ancien ing\u00e9nieur \u00e0 M\u00e9t\u00e9o-France et ancien pr\u00e9sident de la SMF-M\u00e9t\u00e9o et Climat qui a beaucoup \u0153uvr\u00e9 en faveur de la vulgarisation scientifique.<\/p>\n<p><!--more--><\/p>\n<p><img loading=\"lazy\" decoding=\"async\" class=\"size-full wp-image-601 alignright\" src=\"http:\/\/www.ac-nice.fr\/plpms\/2015\/wp-content\/uploads\/meteoclimat.jpg\" alt=\"\" width=\"282\" height=\"106\" \/>M\u00e9t\u00e9o et Climat, association reconnue d\u2019utilit\u00e9 publique, pr\u00e9sid\u00e9e par le climatologue Jean Jouzel est agr\u00e9\u00e9e par le Minist\u00e8re de l\u2019\u00c9ducation nationale.<\/p>\n<p>Elle organise chaque ann\u00e9e <a href=\"http:\/\/meteoetclimat.fr\/prix-scolaire\" target=\"_blank\" rel=\"noopener noreferrer\">le prix Perrin de Brichambaut<\/a> un concours ouvert aux \u00e9coles, coll\u00e8ges et lyc\u00e9es dont la vocation est d&rsquo;encourager et de valoriser la d\u00e9marche scientifique des \u00e9tablissements scolaires \u00e0 travers la r\u00e9alisation de projets \u00e9ducatifs sur le th\u00e8me de la m\u00e9t\u00e9orologie et du climat.<\/p>\n<p>Les projets r\u00e9alis\u00e9s au cours de l&rsquo;ann\u00e9e scolaire sont \u00e9valu\u00e9s par un jury compos\u00e9 de sp\u00e9cialistes de la m\u00e9t\u00e9o et du climat ainsi que d\u2019enseignants.<br \/>\nLe jury d\u00e9cerne des prix aux trois meilleurs projets :<br \/>\n1er prix : 700 \u20ac<br \/>\n2e prix : 500 \u20ac<br \/>\n3e prix : 300 \u20ac<\/p>\n<p>La date limite pour les candidatures est fix\u00e9e au 31 mai 2017.<br \/>\n<a href=\"http:\/\/meteoetclimat.fr\/prix-scolaire\/\" target=\"_blank\" rel=\"noopener noreferrer\">Consultez les informations (l&rsquo;annonce du prix 2017 et le dossier de pr\u00e9sentation g\u00e9n\u00e9rale) sur le site meteoetclimat.fr<\/a><\/p>\n","protected":false},"excerpt":{"rendered":"<p>M\u00e9t\u00e9o et Climat organise chaque ann\u00e9e le prix Perrin de Brichambaut, avec le soutien de M\u00e9t\u00e9o-France. Ce concours national a \u00e9t\u00e9 cr\u00e9\u00e9 en 1997 afin d&rsquo;honorer la m\u00e9moire de Christian Perrin de Brichambaut (1928-1995), ancien ing\u00e9nieur \u00e0 M\u00e9t\u00e9o-France et ancien pr\u00e9sident de la SMF-M\u00e9t\u00e9o et Climat qui a beaucoup \u0153uvr\u00e9 en faveur de la vulgarisation [&hellip;]<\/p>\n","protected":false},"author":1,"featured_media":601,"comment_status":"closed","ping_status":"closed","sticky":true,"template":"","format":"standard","meta":{"_et_pb_use_builder":"","_et_pb_old_content":"","_et_gb_content_width":"","ngg_post_thumbnail":0,"footnotes":""},"categories":[19,2],"tags":[],"class_list":["post-600","post","type-post","status-publish","format-standard","has-post-thumbnail","hentry","category-developpement-durable","category-enseigner"],"rttpg_featured_image_url":{"full":["https:\/\/www.pedagogie.ac-nice.fr\/plpms\/wp-content\/uploads\/sites\/19\/2017\/05\/meteoclimat-279x105.jpg",279,105,true],"landscape":["https:\/\/www.pedagogie.ac-nice.fr\/plpms\/wp-content\/uploads\/sites\/19\/2017\/05\/meteoclimat.jpg",282,106,false],"portraits":["https:\/\/www.pedagogie.ac-nice.fr\/plpms\/wp-content\/uploads\/sites\/19\/2017\/05\/meteoclimat.jpg",282,106,false],"thumbnail":["https:\/\/www.pedagogie.ac-nice.fr\/plpms\/wp-content\/uploads\/sites\/19\/2017\/05\/meteoclimat-150x106.jpg",150,106,true],"medium":["https:\/\/www.pedagogie.ac-nice.fr\/plpms\/wp-content\/uploads\/sites\/19\/2017\/05\/meteoclimat.jpg",282,106,false],"large":["https:\/\/www.pedagogie.ac-nice.fr\/plpms\/wp-content\/uploads\/sites\/19\/2017\/05\/meteoclimat.jpg",282,106,false],"1536x1536":["https:\/\/www.pedagogie.ac-nice.fr\/plpms\/wp-content\/uploads\/sites\/19\/2017\/05\/meteoclimat.jpg",282,106,false],"2048x2048":["https:\/\/www.pedagogie.ac-nice.fr\/plpms\/wp-content\/uploads\/sites\/19\/2017\/05\/meteoclimat.jpg",282,106,false],"et-pb-post-main-image":["https:\/\/www.pedagogie.ac-nice.fr\/plpms\/wp-content\/uploads\/sites\/19\/2017\/05\/meteoclimat.jpg",282,106,false],"et-pb-post-main-image-fullwidth":["https:\/\/www.pedagogie.ac-nice.fr\/plpms\/wp-content\/uploads\/sites\/19\/2017\/05\/meteoclimat.jpg",282,106,false],"et-pb-portfolio-image":["https:\/\/www.pedagogie.ac-nice.fr\/plpms\/wp-content\/uploads\/sites\/19\/2017\/05\/meteoclimat.jpg",282,106,false],"et-pb-portfolio-module-image":["https:\/\/www.pedagogie.ac-nice.fr\/plpms\/wp-content\/uploads\/sites\/19\/2017\/05\/meteoclimat.jpg",282,106,false],"et-pb-portfolio-image-single":["https:\/\/www.pedagogie.ac-nice.fr\/plpms\/wp-content\/uploads\/sites\/19\/2017\/05\/meteoclimat.jpg",282,106,false],"et-pb-gallery-module-image-portrait":["https:\/\/www.pedagogie.ac-nice.fr\/plpms\/wp-content\/uploads\/sites\/19\/2017\/05\/meteoclimat.jpg",282,106,false],"et-pb-post-main-image-fullwidth-large":["https:\/\/www.pedagogie.ac-nice.fr\/plpms\/wp-content\/uploads\/sites\/19\/2017\/05\/meteoclimat.jpg",282,106,false],"et-pb-image--responsive--desktop":["https:\/\/www.pedagogie.ac-nice.fr\/plpms\/wp-content\/uploads\/sites\/19\/2017\/05\/meteoclimat.jpg",282,106,false],"et-pb-image--responsive--tablet":["https:\/\/www.pedagogie.ac-nice.fr\/plpms\/wp-content\/uploads\/sites\/19\/2017\/05\/meteoclimat.jpg",282,106,false],"et-pb-image--responsive--phone":["https:\/\/www.pedagogie.ac-nice.fr\/plpms\/wp-content\/uploads\/sites\/19\/2017\/05\/meteoclimat.jpg",282,106,false],"advps-thumb-one":["https:\/\/www.pedagogie.ac-nice.fr\/plpms\/wp-content\/uploads\/sites\/19\/2017\/05\/meteoclimat.jpg",282,106,false]},"rttpg_author":{"display_name":"norco","author_link":"https:\/\/www.pedagogie.ac-nice.fr\/plpms\/author\/norco\/"},"rttpg_comment":0,"rttpg_category":"<a href=\"https:\/\/www.pedagogie.ac-nice.fr\/plpms\/category\/enseigner\/mathematiques\/developpement-durable\/\" rel=\"category tag\">D\u00e9veloppement Durable<\/a> <a href=\"https:\/\/www.pedagogie.ac-nice.fr\/plpms\/category\/enseigner\/\" rel=\"category tag\">Enseigner<\/a>","rttpg_excerpt":"M\u00e9t\u00e9o et Climat organise chaque ann\u00e9e le prix Perrin de Brichambaut, avec le soutien de M\u00e9t\u00e9o-France. Ce concours national a \u00e9t\u00e9 cr\u00e9\u00e9 en 1997 afin d&rsquo;honorer la m\u00e9moire de Christian Perrin de Brichambaut (1928-1995), ancien ing\u00e9nieur \u00e0 M\u00e9t\u00e9o-France et ancien pr\u00e9sident de la SMF-M\u00e9t\u00e9o et Climat qui a beaucoup \u0153uvr\u00e9 en faveur de la vulgarisation\u2026","post_mailing_queue_ids":[],"_links":{"self":[{"href":"https:\/\/www.pedagogie.ac-nice.fr\/plpms\/wp-json\/wp\/v2\/posts\/600","targetHints":{"allow":["GET"]}}],"collection":[{"href":"https:\/\/www.pedagogie.ac-nice.fr\/plpms\/wp-json\/wp\/v2\/posts"}],"about":[{"href":"https:\/\/www.pedagogie.ac-nice.fr\/plpms\/wp-json\/wp\/v2\/types\/post"}],"author":[{"embeddable":true,"href":"https:\/\/www.pedagogie.ac-nice.fr\/plpms\/wp-json\/wp\/v2\/users\/1"}],"replies":[{"embeddable":true,"href":"https:\/\/www.pedagogie.ac-nice.fr\/plpms\/wp-json\/wp\/v2\/comments?post=600"}],"version-history":[{"count":0,"href":"https:\/\/www.pedagogie.ac-nice.fr\/plpms\/wp-json\/wp\/v2\/posts\/600\/revisions"}],"wp:featuredmedia":[{"embeddable":true,"href":"https:\/\/www.pedagogie.ac-nice.fr\/plpms\/wp-json\/wp\/v2\/media\/601"}],"wp:attachment":[{"href":"https:\/\/www.pedagogie.ac-nice.fr\/plpms\/wp-json\/wp\/v2\/media?parent=600"}],"wp:term":[{"taxonomy":"category","embeddable":true,"href":"https:\/\/www.pedagogie.ac-nice.fr\/plpms\/wp-json\/wp\/v2\/categories?post=600"},{"taxonomy":"post_tag","embeddable":true,"href":"https:\/\/www.pedagogie.ac-nice.fr\/plpms\/wp-json\/wp\/v2\/tags?post=600"}],"curies":[{"name":"wp","href":"https:\/\/api.w.org\/{rel}","templated":true}]}}